{"id":37232,"date":"2020-06-03T15:10:46","date_gmt":"2020-06-03T15:10:46","guid":{"rendered":"https:\/\/trc.pt\/2020\/conducao-sob-o-efeito-do-alcool-detecao-atualidade-da-conducao\/"},"modified":"2020-06-03T15:10:46","modified_gmt":"2020-06-03T15:10:46","slug":"conducao-sob-o-efeito-do-alcool-detecao-atualidade-da-conducao","status":"publish","type":"post","link":"https:\/\/trc.pt\/2020\/conducao-sob-o-efeito-do-alcool-detecao-atualidade-da-conducao\/","title":{"rendered":"Condu\u00e7\u00e3o sob o efeito do \u00e1lcool. Dete\u00e7\u00e3o. Atualidade da condu\u00e7\u00e3o"},"content":{"rendered":"<div class=\"pvc_clear\"><\/div>\n<p id=\"pvc_stats_37232\" class=\"pvc_stats all  \" data-element-id=\"37232\" style=\"\"><i class=\"pvc-stats-icon small\" aria-hidden=\"true\"><svg aria-hidden=\"true\" focusable=\"false\" data-prefix=\"far\" data-icon=\"chart-bar\" role=\"img\" xmlns=\"http:\/\/www.w3.org\/2000\/svg\" viewBox=\"0 0 512 512\" class=\"svg-inline--fa fa-chart-bar fa-w-16 fa-2x\"><path fill=\"currentColor\" d=\"M396.8 352h22.4c6.4 0 12.8-6.4 12.8-12.8V108.8c0-6.4-6.4-12.8-12.8-12.8h-22.4c-6.4 0-12.8 6.4-12.8 12.8v230.4c0 6.4 6.4 12.8 12.8 12.8zm-192 0h22.4c6.4 0 12.8-6.4 12.8-12.8V140.8c0-6.4-6.4-12.8-12.8-12.8h-22.4c-6.4 0-12.8 6.4-12.8 12.8v198.4c0 6.4 6.4 12.8 12.8 12.8zm96 0h22.4c6.4 0 12.8-6.4 12.8-12.8V204.8c0-6.4-6.4-12.8-12.8-12.8h-22.4c-6.4 0-12.8 6.4-12.8 12.8v134.4c0 6.4 6.4 12.8 12.8 12.8zM496 400H48V80c0-8.84-7.16-16-16-16H16C7.16 64 0 71.16 0 80v336c0 17.67 14.33 32 32 32h464c8.84 0 16-7.16 16-16v-16c0-8.84-7.16-16-16-16zm-387.2-48h22.4c6.4 0 12.8-6.4 12.8-12.8v-70.4c0-6.4-6.4-12.8-12.8-12.8h-22.4c-6.4 0-12.8 6.4-12.8 12.8v70.4c0 6.4 6.4 12.8 12.8 12.8z\" class=\"\"><\/path><\/svg><\/i> <img src=\"https:\/\/trc.pt\/2020\/wp-content\/plugins\/page-views-count\/ajax-loader.gif\" border=0 \/><\/p>\n<div class=\"pvc_clear\"><\/div>\n<p style=\"text-align: justify;\"> \t<strong>CONDU\u00c7\u00c3O SOB O EFEITO DO \u00c1LCOOL.&nbsp;DETE\u00c7\u00c3O.&nbsp;ATUALIDADE DA CONDU\u00c7\u00c3O<br \/> \tRECURSO CRIMINAL N\u00ba <\/strong>111\/19.9PFCBR.C1<br \/> \t<strong>Relator:<\/strong> HELENA BOLIEIRO<br \/> \t<strong>Data do Acord\u00e3o: <\/strong>06-05-2020<br \/> \t<strong>Tribunal: <\/strong>COIMBRA (JU\u00cdZO LOCAL CRIMINAL DE COIMBRA &#8211; JUIZ 3<br \/> \t<strong>Legisla\u00e7\u00e3o: <\/strong>ART.\u00ba 152.\u00ba DO CE<br \/> \t<strong>Sum\u00e1rio: <\/strong><\/p>\n<ol>\n<li style=\"text-align: justify;\"> \t\tAssume a qualidade de condutor, relevante para a integra\u00e7\u00e3o no conceito do artigo 152.\u00ba, n.\u00ba 1, al\u00ednea a), do C\u00f3digo da Estrada, e o preenchimento do tipo de crime de desobedi\u00eancia, previsto no n.\u00ba 3, sendo a sua condu\u00e7\u00e3o actual, o cidad\u00e3o que, conduzindo ve\u00edculo na via p\u00fablica, \u00e9 mandado parar pela autoridade; o cidad\u00e3o que, na mesma situa\u00e7\u00e3o, n\u00e3o p\u00e1ra, sendo perseguido e interceptado; e o cidad\u00e3o que foi interveniente em acidente de via\u00e7\u00e3o e ainda no local \u00e9 fiscalizado pela autoridade.<\/li>\n<li style=\"text-align: justify;\"> \t\tPara al\u00e9m das hip\u00f3teses de condu\u00e7\u00e3o actual assim elencadas, \u00e9 tamb\u00e9m de considerar que o conceito se estende igualmente \u00e0quelas \u201csitua\u00e7\u00f5es em que as concretas circunst\u00e2ncias tornam evidente e inequ\u00edvoca a rela\u00e7\u00e3o entre o agente e o facto, entre o cidad\u00e3o fiscalizado e a condu\u00e7\u00e3o, no fundo, num conceito pr\u00f3ximo do da presun\u00e7\u00e3o de flagrante delito [na modalidade de ser o agente encontrado com objectos ou sinais que mostrem inequivocamente que o cometeu \u2013 artigo 256.\u00ba, n.\u00ba 2 do CPP]\u201d.<\/li>\n<li style=\"text-align: justify;\"> \t\tNo elenco de mat\u00e9ria que obrigatoriamente deve constar da senten\u00e7a, o tribunal a quo n\u00e3o tomou posi\u00e7\u00e3o sobre se a fiscaliza\u00e7\u00e3o pelos agentes da PSP se deu na hora indicada no n.\u00ba 1 da acusa\u00e7\u00e3o p\u00fablica, ou ent\u00e3o que tempo mediou entre a chegada ao local\/estacionamento, nos termos descritos no n.\u00ba 1 da senten\u00e7a recorrida, e a interven\u00e7\u00e3o dos elementos policiais, narrada no n.\u00ba 2, nem aduziu qualquer outra circunst\u00e2ncia que, dentro dos limites do objecto do processo, servisse \u00e0quele prop\u00f3sito de ilustrar factualmente que sequ\u00eancia existiu entre um e o outro acto. O acto de abordagem dos agentes da PSP, relatado no n.\u00ba 2, por si s\u00f3, n\u00e3o situado no tempo e desacompanhado de elementos circunstanciais que sequencialmente o relacionem com o que ficou assente no n.\u00ba 1, tanto pode significar que ocorreu em momento pr\u00f3ximo, sem solu\u00e7\u00f5es de continuidade, como pode representar um evento distante que retira, assim, actualidade \u00e0 condu\u00e7\u00e3o realizada at\u00e9 ao estacionamento e, portanto, n\u00e3o assume a relev\u00e2ncia t\u00edpica suposta pelo artigo 152.\u00ba, n.\u00ba 1, al\u00ednea a), do C\u00f3digo da Estrada.&nbsp;<\/li>\n<\/ol>\n<p style=\"text-align: justify;\"> \t<a href=\"http:\/\/www.dgsi.pt\/jtrc.nsf\/8fe0e606d8f56b22802576c0005637dc\/44747cf22aede9958025857b0046fe50?OpenDocument\" target=\"_blank\" rel=\"noopener noreferrer\">Consultar texto integral<\/a><\/p>\n","protected":false},"excerpt":{"rendered":"<div class=\"pvc_clear\"><\/div>\n<p id=\"pvc_stats_37232\" class=\"pvc_stats all  \" data-element-id=\"37232\" style=\"\"><i class=\"pvc-stats-icon small\" aria-hidden=\"true\"><svg aria-hidden=\"true\" focusable=\"false\" data-prefix=\"far\" data-icon=\"chart-bar\" role=\"img\" xmlns=\"http:\/\/www.w3.org\/2000\/svg\" viewBox=\"0 0 512 512\" class=\"svg-inline--fa fa-chart-bar fa-w-16 fa-2x\"><path fill=\"currentColor\" d=\"M396.8 352h22.4c6.4 0 12.8-6.4 12.8-12.8V108.8c0-6.4-6.4-12.8-12.8-12.8h-22.4c-6.4 0-12.8 6.4-12.8 12.8v230.4c0 6.4 6.4 12.8 12.8 12.8zm-192 0h22.4c6.4 0 12.8-6.4 12.8-12.8V140.8c0-6.4-6.4-12.8-12.8-12.8h-22.4c-6.4 0-12.8 6.4-12.8 12.8v198.4c0 6.4 6.4 12.8 12.8 12.8zm96 0h22.4c6.4 0 12.8-6.4 12.8-12.8V204.8c0-6.4-6.4-12.8-12.8-12.8h-22.4c-6.4 0-12.8 6.4-12.8 12.8v134.4c0 6.4 6.4 12.8 12.8 12.8zM496 400H48V80c0-8.84-7.16-16-16-16H16C7.16 64 0 71.16 0 80v336c0 17.67 14.33 32 32 32h464c8.84 0 16-7.16 16-16v-16c0-8.84-7.16-16-16-16zm-387.2-48h22.4c6.4 0 12.8-6.4 12.8-12.8v-70.4c0-6.4-6.4-12.8-12.8-12.8h-22.4c-6.4 0-12.8 6.4-12.8 12.8v70.4c0 6.4 6.4 12.8 12.8 12.8z\" class=\"\"><\/path><\/svg><\/i> <img src=\"https:\/\/trc.pt\/2020\/wp-content\/plugins\/page-views-count\/ajax-loader.gif\" border=0 \/><\/p>\n<div class=\"pvc_clear\"><\/div>\n<p>CONDU\u00c7\u00c3O SOB O EFEITO DO \u00c1LCOOL.&nbsp;DETE\u00c7\u00c3O.&nbsp;ATUALIDADE DA CONDU\u00c7\u00c3O RECURSO CRIMINAL N\u00ba 111\/19.9PFCBR.C1 Relator: HELENA BOLIEIRO Data do Acord\u00e3o: 06-05-2020 Tribunal:<\/p>\n","protected":false},"author":37,"featured_media":0,"comment_status":"closed","ping_status":"closed","sticky":false,"template":"","format":"standard","meta":[],"categories":[231],"tags":[],"_links":{"self":[{"href":"https:\/\/trc.pt\/2020\/wp-json\/wp\/v2\/posts\/37232"}],"collection":[{"href":"https:\/\/trc.pt\/2020\/wp-json\/wp\/v2\/posts"}],"about":[{"href":"https:\/\/trc.pt\/2020\/wp-json\/wp\/v2\/types\/post"}],"author":[{"embeddable":true,"href":"https:\/\/trc.pt\/2020\/wp-json\/wp\/v2\/users\/37"}],"replies":[{"embeddable":true,"href":"https:\/\/trc.pt\/2020\/wp-json\/wp\/v2\/comments?post=37232"}],"version-history":[{"count":0,"href":"https:\/\/trc.pt\/2020\/wp-json\/wp\/v2\/posts\/37232\/revisions"}],"wp:attachment":[{"href":"https:\/\/trc.pt\/2020\/wp-json\/wp\/v2\/media?parent=37232"}],"wp:term":[{"taxonomy":"category","embeddable":true,"href":"https:\/\/trc.pt\/2020\/wp-json\/wp\/v2\/categories?post=37232"},{"taxonomy":"post_tag","embeddable":true,"href":"https:\/\/trc.pt\/2020\/wp-json\/wp\/v2\/tags?post=37232"}],"curies":[{"name":"wp","href":"https:\/\/api.w.org\/{rel}","templated":true}]}}