{"id":35902,"date":"2019-07-12T13:25:25","date_gmt":"2019-07-12T13:25:25","guid":{"rendered":"https:\/\/trc.pt\/\/2019\/07\/12\/compra-e-venda-veiculo-automovel-consumidor-incendio-defeitos-resolucao-indemnizacao-danos-nao-patrimoniais\/"},"modified":"2019-07-12T13:25:25","modified_gmt":"2019-07-12T13:25:25","slug":"compra-e-venda-veiculo-automovel-consumidor-incendio-defeitos-resolucao-indemnizacao-danos-nao-patrimoniais","status":"publish","type":"post","link":"https:\/\/trc.pt\/2020\/compra-e-venda-veiculo-automovel-consumidor-incendio-defeitos-resolucao-indemnizacao-danos-nao-patrimoniais\/","title":{"rendered":"Compra e venda. Ve\u00edculo autom\u00f3vel. Consumidor. Inc\u00eandio. Defeitos. Resolu\u00e7\u00e3o. Indemniza\u00e7\u00e3o. Danos n\u00e3o patrimoniais"},"content":{"rendered":"<div class=\"pvc_clear\"><\/div>\n<p id=\"pvc_stats_35902\" class=\"pvc_stats all  \" data-element-id=\"35902\" style=\"\"><i class=\"pvc-stats-icon small\" aria-hidden=\"true\"><svg aria-hidden=\"true\" focusable=\"false\" data-prefix=\"far\" data-icon=\"chart-bar\" role=\"img\" xmlns=\"http:\/\/www.w3.org\/2000\/svg\" viewBox=\"0 0 512 512\" class=\"svg-inline--fa fa-chart-bar fa-w-16 fa-2x\"><path fill=\"currentColor\" d=\"M396.8 352h22.4c6.4 0 12.8-6.4 12.8-12.8V108.8c0-6.4-6.4-12.8-12.8-12.8h-22.4c-6.4 0-12.8 6.4-12.8 12.8v230.4c0 6.4 6.4 12.8 12.8 12.8zm-192 0h22.4c6.4 0 12.8-6.4 12.8-12.8V140.8c0-6.4-6.4-12.8-12.8-12.8h-22.4c-6.4 0-12.8 6.4-12.8 12.8v198.4c0 6.4 6.4 12.8 12.8 12.8zm96 0h22.4c6.4 0 12.8-6.4 12.8-12.8V204.8c0-6.4-6.4-12.8-12.8-12.8h-22.4c-6.4 0-12.8 6.4-12.8 12.8v134.4c0 6.4 6.4 12.8 12.8 12.8zM496 400H48V80c0-8.84-7.16-16-16-16H16C7.16 64 0 71.16 0 80v336c0 17.67 14.33 32 32 32h464c8.84 0 16-7.16 16-16v-16c0-8.84-7.16-16-16-16zm-387.2-48h22.4c6.4 0 12.8-6.4 12.8-12.8v-70.4c0-6.4-6.4-12.8-12.8-12.8h-22.4c-6.4 0-12.8 6.4-12.8 12.8v70.4c0 6.4 6.4 12.8 12.8 12.8z\" class=\"\"><\/path><\/svg><\/i> <img src=\"https:\/\/trc.pt\/2020\/wp-content\/plugins\/page-views-count\/ajax-loader.gif\" border=0 \/><\/p>\n<div class=\"pvc_clear\"><\/div>\n<p style=\"text-align: justify;\"> \t<strong>COMPRA E VENDA.&nbsp;VE\u00cdCULO AUTOM\u00d3VEL.&nbsp;CONSUMIDOR.&nbsp;INC\u00caNDIO.&nbsp;DEFEITOS.&nbsp;RESOLU\u00c7\u00c3O.&nbsp;INDEMNIZA\u00c7\u00c3O.&nbsp;DANOS N\u00c3O PATRIMONIAIS<br \/> \tAPELA\u00c7\u00c3O N\u00ba<\/strong> 1675\/18.0T8CTB.C1<br \/> \t<strong>Relator: <\/strong>CARLOS MOREIRA<br \/> \t<strong>Data do Acord\u00e3o: <\/strong>11-06-2019<br \/> \t<strong>Tribunal: <\/strong>TRIBUNAL JUDICIAL DA COMARCA DE CASTELO BRANCO &#8211; C.BRANCO &#8211; JL C\u00cdVEL &#8211; JUIZ 3<br \/> \t<strong>Legisla\u00e7\u00e3o: <\/strong>ARTS. 289, 432, 433, 434, 496, 801, 808, 914 CC, LEI N\u00ba 24\/96 DE 31\/7, DL N\u00ba 67\/2003 DE 8\/4, DL N\u00ba 24\/2014 DE 14\/2<br \/> \t<strong>Sum\u00e1rio: <\/strong><\/p>\n<ol>\n<li style=\"text-align: justify;\"> \t\tDo ter-se apurado que, em consequ\u00eancia de inc\u00eandio e imediatamente perante o mesmo, a autora ficou abalada e teve medo, n\u00e3o pode, sem mais prova, dar-se como provado que esta, posteriormente, e por causa daquele sinistro, perdeu o apetite e passou a dormir mal.<\/li>\n<li style=\"text-align: justify;\"> \t\tA qualidade de consumidor, para efeitos de aplica\u00e7\u00e3o da legisla\u00e7\u00e3o pertinente \u2013 vg. DL 67\/2003, de 8.04 \u2013, apenas \u00e9 exclu\u00edda se o adquirente do bem o destinar \u00e0 revenda, ou o usar exclusivamente numa actividade comercial\/industrial para obten\u00e7\u00e3o de lucro; factos a provar pelo demandado.<\/li>\n<li style=\"text-align: justify;\"> \t\tO regime jur\u00eddico fixado pelo aludido DL assume-se, por reporte ao regime geral do CC, mais favor\u00e1vel para o consumidor, o que decorre, essencialmente: de o produtor\/vendedor\/empreiteiro responder ex vi da desconformidade do bem\/obra &#8211; presumida em fun\u00e7\u00e3o dos factos \u00edndice estabelecidos no n\u00ba2 do art\u00ba 2\u00ba -, mesmo que tenha agido sem culpa; e de, para se eximir de tal responsabilidade, ter de provar que atuou diligentemente e sem culpa.<\/li>\n<li style=\"text-align: justify;\"> \t\tA indemniza\u00e7\u00e3o por danos patrimoniais, assume natureza mista visando compensar o lesado, e punir, civilisticamente, o lesante; pelo que provando-se que a autora, confrontada com um inc\u00eandio na viatura que conduzia, que a consumiu totalmente, e que comprara \u00e0 r\u00e9, \u00ab temeu pela vida e pela vida do seu companheiro\u00bb e que \u00abDurante algum tempo (semanas ou meses) sentiu-se nervosa e angustiada.\u00bb, \u00e0 mesma assiste jus aquela compensa\u00e7\u00e3o.&nbsp;<\/li>\n<\/ol>\n<p style=\"text-align: justify;\"> \t<a href=\"http:\/\/www.dgsi.pt\/jtrc.nsf\/8fe0e606d8f56b22802576c0005637dc\/9ea8643f4ce519f68025843500370eb6?OpenDocument\" target=\"_blank\" rel=\"noopener noreferrer\">Consultar texto integral<\/a><\/p>\n","protected":false},"excerpt":{"rendered":"<div class=\"pvc_clear\"><\/div>\n<p id=\"pvc_stats_35902\" class=\"pvc_stats all  \" data-element-id=\"35902\" style=\"\"><i class=\"pvc-stats-icon small\" aria-hidden=\"true\"><svg aria-hidden=\"true\" focusable=\"false\" data-prefix=\"far\" data-icon=\"chart-bar\" role=\"img\" xmlns=\"http:\/\/www.w3.org\/2000\/svg\" viewBox=\"0 0 512 512\" class=\"svg-inline--fa fa-chart-bar fa-w-16 fa-2x\"><path fill=\"currentColor\" d=\"M396.8 352h22.4c6.4 0 12.8-6.4 12.8-12.8V108.8c0-6.4-6.4-12.8-12.8-12.8h-22.4c-6.4 0-12.8 6.4-12.8 12.8v230.4c0 6.4 6.4 12.8 12.8 12.8zm-192 0h22.4c6.4 0 12.8-6.4 12.8-12.8V140.8c0-6.4-6.4-12.8-12.8-12.8h-22.4c-6.4 0-12.8 6.4-12.8 12.8v198.4c0 6.4 6.4 12.8 12.8 12.8zm96 0h22.4c6.4 0 12.8-6.4 12.8-12.8V204.8c0-6.4-6.4-12.8-12.8-12.8h-22.4c-6.4 0-12.8 6.4-12.8 12.8v134.4c0 6.4 6.4 12.8 12.8 12.8zM496 400H48V80c0-8.84-7.16-16-16-16H16C7.16 64 0 71.16 0 80v336c0 17.67 14.33 32 32 32h464c8.84 0 16-7.16 16-16v-16c0-8.84-7.16-16-16-16zm-387.2-48h22.4c6.4 0 12.8-6.4 12.8-12.8v-70.4c0-6.4-6.4-12.8-12.8-12.8h-22.4c-6.4 0-12.8 6.4-12.8 12.8v70.4c0 6.4 6.4 12.8 12.8 12.8z\" class=\"\"><\/path><\/svg><\/i> <img src=\"https:\/\/trc.pt\/2020\/wp-content\/plugins\/page-views-count\/ajax-loader.gif\" border=0 \/><\/p>\n<div class=\"pvc_clear\"><\/div>\n<p>COMPRA E VENDA.&nbsp;VE\u00cdCULO AUTOM\u00d3VEL.&nbsp;CONSUMIDOR.&nbsp;INC\u00caNDIO.&nbsp;DEFEITOS.&nbsp;RESOLU\u00c7\u00c3O.&nbsp;INDEMNIZA\u00c7\u00c3O.&nbsp;DANOS N\u00c3O PATRIMONIAIS APELA\u00c7\u00c3O N\u00ba 1675\/18.0T8CTB.C1 Relator: CARLOS MOREIRA Data do Acord\u00e3o: 11-06-2019 Tribunal: TRIBUNAL JUDICIAL DA<\/p>\n","protected":false},"author":37,"featured_media":0,"comment_status":"open","ping_status":"open","sticky":false,"template":"","format":"standard","meta":[],"categories":[229],"tags":[],"_links":{"self":[{"href":"https:\/\/trc.pt\/2020\/wp-json\/wp\/v2\/posts\/35902"}],"collection":[{"href":"https:\/\/trc.pt\/2020\/wp-json\/wp\/v2\/posts"}],"about":[{"href":"https:\/\/trc.pt\/2020\/wp-json\/wp\/v2\/types\/post"}],"author":[{"embeddable":true,"href":"https:\/\/trc.pt\/2020\/wp-json\/wp\/v2\/users\/37"}],"replies":[{"embeddable":true,"href":"https:\/\/trc.pt\/2020\/wp-json\/wp\/v2\/comments?post=35902"}],"version-history":[{"count":0,"href":"https:\/\/trc.pt\/2020\/wp-json\/wp\/v2\/posts\/35902\/revisions"}],"wp:attachment":[{"href":"https:\/\/trc.pt\/2020\/wp-json\/wp\/v2\/media?parent=35902"}],"wp:term":[{"taxonomy":"category","embeddable":true,"href":"https:\/\/trc.pt\/2020\/wp-json\/wp\/v2\/categories?post=35902"},{"taxonomy":"post_tag","embeddable":true,"href":"https:\/\/trc.pt\/2020\/wp-json\/wp\/v2\/tags?post=35902"}],"curies":[{"name":"wp","href":"https:\/\/api.w.org\/{rel}","templated":true}]}}