{"id":32539,"date":"2014-07-09T15:09:24","date_gmt":"2014-07-09T15:09:24","guid":{"rendered":"https:\/\/trc.pt\/\/2014\/07\/09\/destaques-da-semana-de-30-de-junho-a-04-de-julho-2014\/"},"modified":"2014-07-09T15:09:24","modified_gmt":"2014-07-09T15:09:24","slug":"destaques-da-semana-de-30-de-junho-a-04-de-julho-2014","status":"publish","type":"post","link":"https:\/\/trc.pt\/2020\/destaques-da-semana-de-30-de-junho-a-04-de-julho-2014\/","title":{"rendered":"Destaques da semana de 30 de Junho a 04 de Julho 2014"},"content":{"rendered":"<div class=\"pvc_clear\"><\/div>\n<p id=\"pvc_stats_32539\" class=\"pvc_stats all  \" data-element-id=\"32539\" style=\"\"><i class=\"pvc-stats-icon small\" aria-hidden=\"true\"><svg aria-hidden=\"true\" focusable=\"false\" data-prefix=\"far\" data-icon=\"chart-bar\" role=\"img\" xmlns=\"http:\/\/www.w3.org\/2000\/svg\" viewBox=\"0 0 512 512\" class=\"svg-inline--fa fa-chart-bar fa-w-16 fa-2x\"><path fill=\"currentColor\" d=\"M396.8 352h22.4c6.4 0 12.8-6.4 12.8-12.8V108.8c0-6.4-6.4-12.8-12.8-12.8h-22.4c-6.4 0-12.8 6.4-12.8 12.8v230.4c0 6.4 6.4 12.8 12.8 12.8zm-192 0h22.4c6.4 0 12.8-6.4 12.8-12.8V140.8c0-6.4-6.4-12.8-12.8-12.8h-22.4c-6.4 0-12.8 6.4-12.8 12.8v198.4c0 6.4 6.4 12.8 12.8 12.8zm96 0h22.4c6.4 0 12.8-6.4 12.8-12.8V204.8c0-6.4-6.4-12.8-12.8-12.8h-22.4c-6.4 0-12.8 6.4-12.8 12.8v134.4c0 6.4 6.4 12.8 12.8 12.8zM496 400H48V80c0-8.84-7.16-16-16-16H16C7.16 64 0 71.16 0 80v336c0 17.67 14.33 32 32 32h464c8.84 0 16-7.16 16-16v-16c0-8.84-7.16-16-16-16zm-387.2-48h22.4c6.4 0 12.8-6.4 12.8-12.8v-70.4c0-6.4-6.4-12.8-12.8-12.8h-22.4c-6.4 0-12.8 6.4-12.8 12.8v70.4c0 6.4 6.4 12.8 12.8 12.8z\" class=\"\"><\/path><\/svg><\/i> <img src=\"https:\/\/trc.pt\/2020\/wp-content\/plugins\/page-views-count\/ajax-loader.gif\" border=0 \/><\/p>\n<div class=\"pvc_clear\"><\/div>\n<p> \t&nbsp;<\/p>\n<p style=\"text-align: center;\"> \t<span style=\"color:#000080;\"><span style=\"font-size: 16px;\"><strong>DI\u00c1RIO DA REP\u00daBLICA<\/strong><\/span><\/span><\/p>\n<p> \t&nbsp;<\/p>\n<p style=\"text-align: justify;\"> \t<strong>Or\u00e7amento \u2013 A\u00e7ores<a href=\"http:\/\/www.dre.pt\/util\/getpdf.asp?s=dip&amp;serie=1&amp;iddr=2014.127&amp;iddip=20141016\" target=\"_blank\" title=\"Decreto Legislativo Regional n.\u00ba 11\/2014\/A\" rel=\"noopener noreferrer\"><br \/> \tDecreto Legislativo Regional n.\u00ba 11\/2014\/A. <acronym title=\"Di\u00e1rio da Rep\u00fablica\">D.R.<\/acronym> n.\u00ba 127, S\u00e9rie I de 2014-07-04<\/a><\/strong> &#8211; Altera diposi\u00e7\u00e3o do Or\u00e7amento da Regi\u00e3o Aut\u00f3noma da A\u00e7ores para 2014.<\/p>\n<p style=\"text-align: justify;\"> \t<strong>Acidente de trabalho<a href=\"http:\/\/www.dre.pt\/util\/getpdf.asp?s=dip&amp;serie=1&amp;iddr=2014.123&amp;iddip=20140974\" target=\"_blank\" title=\"Ac\u00f3rd\u00e3o do Supremo Tribunal de Justi\u00e7a n.\u00ba 10\/2014\" rel=\"noopener noreferrer\"><br \/> \tAc\u00f3rd\u00e3o do Supremo Tribunal de Justi\u00e7a n.\u00ba 10\/2014. <acronym title=\"Di\u00e1rio da Rep\u00fablica\">D.R.<\/acronym> n.\u00ba 123, S\u00e9rie I de 2014-06-30<\/a><\/strong> &#8211; Uniformiza jurisprud\u00eancia relativa \u00e0 interpreta\u00e7\u00e3o da express\u00e3o &#8220;se a v\u00edtima n\u00e3o for reconvert\u00edvel em rela\u00e7\u00e3o ao posto de trabalho&#8221;, constante das Instru\u00e7\u00f5es Gerais da Tabela Nacional de Incapacidades por Acidente de Trabalho ou Doen\u00e7as Profissionais.<\/p>\n<p style=\"text-align: justify;\"> \t<strong>Responsabilidade solid\u00e1ria<a href=\"http:\/\/www.dre.pt\/util\/getpdf.asp?s=dip&amp;serie=1&amp;iddr=2014.124&amp;iddip=20140979\" target=\"_blank\" title=\"Ac\u00f3rd\u00e3o do Supremo Tribunal de Justi\u00e7a n.\u00ba 11\/2014\" rel=\"noopener noreferrer\"><br \/> \tAc\u00f3rd\u00e3o do Supremo Tribunal de Justi\u00e7a n.\u00ba 11\/2014. <acronym title=\"Di\u00e1rio da Rep\u00fablica\">D.R.<\/acronym> n.\u00ba 124, S\u00e9rie I de 2014-07-01<\/a><\/strong> &#8211; Reforma a jurisprud\u00eancia fixada, no sentido de declarar a inconstitucionalidade de norma do Regime Geral das Infra\u00e7\u00f5es Tribut\u00e1rias, relativa \u00e0 responsabilidade solid\u00e1ria dos gerentes e administradores de sociedades, pelo pagamento de multas, aplicadas pela pr\u00e1tica de infra\u00e7\u00f5es em que colaboraram de forma dolosa, por violar o princ\u00edpio da n\u00e3o transmissibilidade das penas.<\/p>\n<p> \t&nbsp;<\/p>\n","protected":false},"excerpt":{"rendered":"<div class=\"pvc_clear\"><\/div>\n<p id=\"pvc_stats_32539\" class=\"pvc_stats all  \" data-element-id=\"32539\" style=\"\"><i class=\"pvc-stats-icon small\" aria-hidden=\"true\"><svg aria-hidden=\"true\" focusable=\"false\" data-prefix=\"far\" data-icon=\"chart-bar\" role=\"img\" xmlns=\"http:\/\/www.w3.org\/2000\/svg\" viewBox=\"0 0 512 512\" class=\"svg-inline--fa fa-chart-bar fa-w-16 fa-2x\"><path fill=\"currentColor\" d=\"M396.8 352h22.4c6.4 0 12.8-6.4 12.8-12.8V108.8c0-6.4-6.4-12.8-12.8-12.8h-22.4c-6.4 0-12.8 6.4-12.8 12.8v230.4c0 6.4 6.4 12.8 12.8 12.8zm-192 0h22.4c6.4 0 12.8-6.4 12.8-12.8V140.8c0-6.4-6.4-12.8-12.8-12.8h-22.4c-6.4 0-12.8 6.4-12.8 12.8v198.4c0 6.4 6.4 12.8 12.8 12.8zm96 0h22.4c6.4 0 12.8-6.4 12.8-12.8V204.8c0-6.4-6.4-12.8-12.8-12.8h-22.4c-6.4 0-12.8 6.4-12.8 12.8v134.4c0 6.4 6.4 12.8 12.8 12.8zM496 400H48V80c0-8.84-7.16-16-16-16H16C7.16 64 0 71.16 0 80v336c0 17.67 14.33 32 32 32h464c8.84 0 16-7.16 16-16v-16c0-8.84-7.16-16-16-16zm-387.2-48h22.4c6.4 0 12.8-6.4 12.8-12.8v-70.4c0-6.4-6.4-12.8-12.8-12.8h-22.4c-6.4 0-12.8 6.4-12.8 12.8v70.4c0 6.4 6.4 12.8 12.8 12.8z\" class=\"\"><\/path><\/svg><\/i> <img src=\"https:\/\/trc.pt\/2020\/wp-content\/plugins\/page-views-count\/ajax-loader.gif\" border=0 \/><\/p>\n<div class=\"pvc_clear\"><\/div>\n<p>&nbsp; DI\u00c1RIO DA REP\u00daBLICA &nbsp; Or\u00e7amento \u2013 A\u00e7ores Decreto Legislativo Regional n.\u00ba 11\/2014\/A. D.R. n.\u00ba 127, S\u00e9rie I de 2014-07-04<\/p>\n","protected":false},"author":1,"featured_media":0,"comment_status":"open","ping_status":"open","sticky":false,"template":"","format":"standard","meta":[],"categories":[243],"tags":[],"_links":{"self":[{"href":"https:\/\/trc.pt\/2020\/wp-json\/wp\/v2\/posts\/32539"}],"collection":[{"href":"https:\/\/trc.pt\/2020\/wp-json\/wp\/v2\/posts"}],"about":[{"href":"https:\/\/trc.pt\/2020\/wp-json\/wp\/v2\/types\/post"}],"author":[{"embeddable":true,"href":"https:\/\/trc.pt\/2020\/wp-json\/wp\/v2\/users\/1"}],"replies":[{"embeddable":true,"href":"https:\/\/trc.pt\/2020\/wp-json\/wp\/v2\/comments?post=32539"}],"version-history":[{"count":0,"href":"https:\/\/trc.pt\/2020\/wp-json\/wp\/v2\/posts\/32539\/revisions"}],"wp:attachment":[{"href":"https:\/\/trc.pt\/2020\/wp-json\/wp\/v2\/media?parent=32539"}],"wp:term":[{"taxonomy":"category","embeddable":true,"href":"https:\/\/trc.pt\/2020\/wp-json\/wp\/v2\/categories?post=32539"},{"taxonomy":"post_tag","embeddable":true,"href":"https:\/\/trc.pt\/2020\/wp-json\/wp\/v2\/tags?post=32539"}],"curies":[{"name":"wp","href":"https:\/\/api.w.org\/{rel}","templated":true}]}}