{"id":32538,"date":"2014-07-09T15:09:01","date_gmt":"2014-07-09T15:09:01","guid":{"rendered":"https:\/\/trc.pt\/\/2014\/07\/09\/insolvencia-resolucao-acto-juridico-fundamentacao\/"},"modified":"2014-07-09T15:09:01","modified_gmt":"2014-07-09T15:09:01","slug":"insolvencia-resolucao-acto-juridico-fundamentacao","status":"publish","type":"post","link":"https:\/\/trc.pt\/2020\/insolvencia-resolucao-acto-juridico-fundamentacao\/","title":{"rendered":"Insolv\u00eancia. Resolu\u00e7\u00e3o. Acto jur\u00eddico. Fundamenta\u00e7\u00e3o"},"content":{"rendered":"<div class=\"pvc_clear\"><\/div>\n<p id=\"pvc_stats_32538\" class=\"pvc_stats all  \" data-element-id=\"32538\" style=\"\"><i class=\"pvc-stats-icon small\" aria-hidden=\"true\"><svg aria-hidden=\"true\" focusable=\"false\" data-prefix=\"far\" data-icon=\"chart-bar\" role=\"img\" xmlns=\"http:\/\/www.w3.org\/2000\/svg\" viewBox=\"0 0 512 512\" class=\"svg-inline--fa fa-chart-bar fa-w-16 fa-2x\"><path fill=\"currentColor\" d=\"M396.8 352h22.4c6.4 0 12.8-6.4 12.8-12.8V108.8c0-6.4-6.4-12.8-12.8-12.8h-22.4c-6.4 0-12.8 6.4-12.8 12.8v230.4c0 6.4 6.4 12.8 12.8 12.8zm-192 0h22.4c6.4 0 12.8-6.4 12.8-12.8V140.8c0-6.4-6.4-12.8-12.8-12.8h-22.4c-6.4 0-12.8 6.4-12.8 12.8v198.4c0 6.4 6.4 12.8 12.8 12.8zm96 0h22.4c6.4 0 12.8-6.4 12.8-12.8V204.8c0-6.4-6.4-12.8-12.8-12.8h-22.4c-6.4 0-12.8 6.4-12.8 12.8v134.4c0 6.4 6.4 12.8 12.8 12.8zM496 400H48V80c0-8.84-7.16-16-16-16H16C7.16 64 0 71.16 0 80v336c0 17.67 14.33 32 32 32h464c8.84 0 16-7.16 16-16v-16c0-8.84-7.16-16-16-16zm-387.2-48h22.4c6.4 0 12.8-6.4 12.8-12.8v-70.4c0-6.4-6.4-12.8-12.8-12.8h-22.4c-6.4 0-12.8 6.4-12.8 12.8v70.4c0 6.4 6.4 12.8 12.8 12.8z\" class=\"\"><\/path><\/svg><\/i> <img src=\"https:\/\/trc.pt\/2020\/wp-content\/plugins\/page-views-count\/ajax-loader.gif\" border=0 \/><\/p>\n<div class=\"pvc_clear\"><\/div>\n<p style=\"text-align: justify;\"> \t<strong>INSOLV\u00caNCIA. RESOLU\u00c7\u00c3O. ACTO JUR\u00cdDICO. FUNDAMENTA\u00c7\u00c3O<br \/> \tAPELA\u00c7\u00c3O N\u00ba<\/strong> 694\/13.7TBGRD-F.C1<br \/> \t<strong>Relator:<\/strong> MARIA DOMINGAS SIM\u00d5ES<br \/> \t<strong>Data do Acord\u00e3o: <\/strong>17-06-2014<br \/> \t<strong>Tribunal: <\/strong>GUARDA 1\u00ba J<br \/> \t<strong>Legisla\u00e7\u00e3o: <\/strong>ART. 123\u00ba N\u00ba 1 DO CIRE<br \/> \t<strong>Sum\u00e1rio: <\/strong><\/p>\n<ol>\n<li style=\"text-align: justify;\"> \t\tA declara\u00e7\u00e3o resolutiva prevista no n.\u00ba 1 do art.\u00ba 123.\u00ba do CIRE, sendo embora a lei a este respeito omissa, h\u00e1-de ser fundamentada, ou seja, deve conter a indica\u00e7\u00e3o dos concretos fundamentos que legitimam o exerc\u00edcio do direito potestativo de resolu\u00e7\u00e3o, impondo-se ao Sr. administrador que invoque os concretos factos que, na sua perspectiva, s\u00e3o id\u00f3neos a motivar a resolu\u00e7\u00e3o do acto;<\/li>\n<li style=\"text-align: justify;\"> \t\tN\u00e3o relevam para indagar do bom fundamento da resolu\u00e7\u00e3o quaisquer factos ali n\u00e3o invocados, pois s\u00f3 aqueles poder\u00e3o ser discutidos na ac\u00e7\u00e3o de impugna\u00e7\u00e3o da resolu\u00e7\u00e3o que pelos interessados na manuten\u00e7\u00e3o do acto venha a ser proposta.<\/li>\n<\/ol>\n<p style=\"text-align: justify;\"> \t<a href=\"http:\/\/www.dgsi.pt\/jtrc.nsf\/8fe0e606d8f56b22802576c0005637dc\/f574f0858107aca980257d10004d6e6f?OpenDocument\" target=\"_blank\" rel=\"noopener noreferrer\">Consultar texto integral<br \/> \t<\/a><\/p>\n","protected":false},"excerpt":{"rendered":"<div class=\"pvc_clear\"><\/div>\n<p id=\"pvc_stats_32538\" class=\"pvc_stats all  \" data-element-id=\"32538\" style=\"\"><i class=\"pvc-stats-icon small\" aria-hidden=\"true\"><svg aria-hidden=\"true\" focusable=\"false\" data-prefix=\"far\" data-icon=\"chart-bar\" role=\"img\" xmlns=\"http:\/\/www.w3.org\/2000\/svg\" viewBox=\"0 0 512 512\" class=\"svg-inline--fa fa-chart-bar fa-w-16 fa-2x\"><path fill=\"currentColor\" d=\"M396.8 352h22.4c6.4 0 12.8-6.4 12.8-12.8V108.8c0-6.4-6.4-12.8-12.8-12.8h-22.4c-6.4 0-12.8 6.4-12.8 12.8v230.4c0 6.4 6.4 12.8 12.8 12.8zm-192 0h22.4c6.4 0 12.8-6.4 12.8-12.8V140.8c0-6.4-6.4-12.8-12.8-12.8h-22.4c-6.4 0-12.8 6.4-12.8 12.8v198.4c0 6.4 6.4 12.8 12.8 12.8zm96 0h22.4c6.4 0 12.8-6.4 12.8-12.8V204.8c0-6.4-6.4-12.8-12.8-12.8h-22.4c-6.4 0-12.8 6.4-12.8 12.8v134.4c0 6.4 6.4 12.8 12.8 12.8zM496 400H48V80c0-8.84-7.16-16-16-16H16C7.16 64 0 71.16 0 80v336c0 17.67 14.33 32 32 32h464c8.84 0 16-7.16 16-16v-16c0-8.84-7.16-16-16-16zm-387.2-48h22.4c6.4 0 12.8-6.4 12.8-12.8v-70.4c0-6.4-6.4-12.8-12.8-12.8h-22.4c-6.4 0-12.8 6.4-12.8 12.8v70.4c0 6.4 6.4 12.8 12.8 12.8z\" class=\"\"><\/path><\/svg><\/i> <img src=\"https:\/\/trc.pt\/2020\/wp-content\/plugins\/page-views-count\/ajax-loader.gif\" border=0 \/><\/p>\n<div class=\"pvc_clear\"><\/div>\n<p>INSOLV\u00caNCIA. RESOLU\u00c7\u00c3O. ACTO JUR\u00cdDICO. FUNDAMENTA\u00c7\u00c3O APELA\u00c7\u00c3O N\u00ba 694\/13.7TBGRD-F.C1 Relator: MARIA DOMINGAS SIM\u00d5ES Data do Acord\u00e3o: 17-06-2014 Tribunal: GUARDA 1\u00ba J<\/p>\n","protected":false},"author":37,"featured_media":0,"comment_status":"open","ping_status":"open","sticky":false,"template":"","format":"standard","meta":[],"categories":[229],"tags":[],"_links":{"self":[{"href":"https:\/\/trc.pt\/2020\/wp-json\/wp\/v2\/posts\/32538"}],"collection":[{"href":"https:\/\/trc.pt\/2020\/wp-json\/wp\/v2\/posts"}],"about":[{"href":"https:\/\/trc.pt\/2020\/wp-json\/wp\/v2\/types\/post"}],"author":[{"embeddable":true,"href":"https:\/\/trc.pt\/2020\/wp-json\/wp\/v2\/users\/37"}],"replies":[{"embeddable":true,"href":"https:\/\/trc.pt\/2020\/wp-json\/wp\/v2\/comments?post=32538"}],"version-history":[{"count":0,"href":"https:\/\/trc.pt\/2020\/wp-json\/wp\/v2\/posts\/32538\/revisions"}],"wp:attachment":[{"href":"https:\/\/trc.pt\/2020\/wp-json\/wp\/v2\/media?parent=32538"}],"wp:term":[{"taxonomy":"category","embeddable":true,"href":"https:\/\/trc.pt\/2020\/wp-json\/wp\/v2\/categories?post=32538"},{"taxonomy":"post_tag","embeddable":true,"href":"https:\/\/trc.pt\/2020\/wp-json\/wp\/v2\/tags?post=32538"}],"curies":[{"name":"wp","href":"https:\/\/api.w.org\/{rel}","templated":true}]}}