{"id":32537,"date":"2014-07-09T15:06:40","date_gmt":"2014-07-09T15:06:40","guid":{"rendered":"https:\/\/trc.pt\/\/2014\/07\/09\/confissao-depoimento-de-parte-factos-pessoais\/"},"modified":"2014-07-09T15:06:40","modified_gmt":"2014-07-09T15:06:40","slug":"confissao-depoimento-de-parte-factos-pessoais","status":"publish","type":"post","link":"https:\/\/trc.pt\/2020\/confissao-depoimento-de-parte-factos-pessoais\/","title":{"rendered":"Confiss\u00e3o. Depoimento de parte. Factos pessoais"},"content":{"rendered":"<div class=\"pvc_clear\"><\/div>\n<p id=\"pvc_stats_32537\" class=\"pvc_stats all  \" data-element-id=\"32537\" style=\"\"><i class=\"pvc-stats-icon small\" aria-hidden=\"true\"><svg aria-hidden=\"true\" focusable=\"false\" data-prefix=\"far\" data-icon=\"chart-bar\" role=\"img\" xmlns=\"http:\/\/www.w3.org\/2000\/svg\" viewBox=\"0 0 512 512\" class=\"svg-inline--fa fa-chart-bar fa-w-16 fa-2x\"><path fill=\"currentColor\" d=\"M396.8 352h22.4c6.4 0 12.8-6.4 12.8-12.8V108.8c0-6.4-6.4-12.8-12.8-12.8h-22.4c-6.4 0-12.8 6.4-12.8 12.8v230.4c0 6.4 6.4 12.8 12.8 12.8zm-192 0h22.4c6.4 0 12.8-6.4 12.8-12.8V140.8c0-6.4-6.4-12.8-12.8-12.8h-22.4c-6.4 0-12.8 6.4-12.8 12.8v198.4c0 6.4 6.4 12.8 12.8 12.8zm96 0h22.4c6.4 0 12.8-6.4 12.8-12.8V204.8c0-6.4-6.4-12.8-12.8-12.8h-22.4c-6.4 0-12.8 6.4-12.8 12.8v134.4c0 6.4 6.4 12.8 12.8 12.8zM496 400H48V80c0-8.84-7.16-16-16-16H16C7.16 64 0 71.16 0 80v336c0 17.67 14.33 32 32 32h464c8.84 0 16-7.16 16-16v-16c0-8.84-7.16-16-16-16zm-387.2-48h22.4c6.4 0 12.8-6.4 12.8-12.8v-70.4c0-6.4-6.4-12.8-12.8-12.8h-22.4c-6.4 0-12.8 6.4-12.8 12.8v70.4c0 6.4 6.4 12.8 12.8 12.8z\" class=\"\"><\/path><\/svg><\/i> <img src=\"https:\/\/trc.pt\/2020\/wp-content\/plugins\/page-views-count\/ajax-loader.gif\" border=0 \/><\/p>\n<div class=\"pvc_clear\"><\/div>\n<p style=\"text-align: justify;\"> \t<strong>CONFISS\u00c3O. DEPOIMENTO DE PARTE. FACTOS PESSOAIS<br \/> \tAPELA\u00c7\u00c3O N\u00ba<\/strong> 814\/11.6TBCVL-A.C1<br \/> \t<strong>Relator: <\/strong>MARIA DOMINGAS SIM\u00d5ES<br \/> \t<strong>Data do Acord\u00e3o: <\/strong>03-06-2014<br \/> \t<strong>Tribunal:<\/strong> TRIBUNAL JUDICIAL DA COVILH\u00c3<br \/> \t<strong>Legisla\u00e7\u00e3o:<\/strong> ARTIGOS 341\u00ba E 352\u00ba DO CC E 554\u00ba N\u00ba 1 E 454\u00ba N\u00ba1 DO CPC<br \/> \tSum\u00e1rio:<\/p>\n<ol>\n<li style=\"text-align: justify;\"> \t\tA confiss\u00e3o como instrumento probat\u00f3rio incide naturalmente sobre factos, \u201cfornece unicamente a prova da verdade do facto ou factos a que respeita\u201d, os quais ter\u00e3o de ser contr\u00e1rios ao interesse do declarante (cf. art.\u00bas 341.\u00ba e 352.\u00ba do CC).<\/li>\n<li style=\"text-align: justify;\"> \t\tO depoimento de parte s\u00f3 pode recair sobre factos: factos pessoais ou de que o depoente deva ter conhecimento, por s\u00f3 assim se justificar a especial efic\u00e1cia probat\u00f3ria que a lei lhe atribui (cf. art.\u00ba 554.\u00ba, n.\u00ba 1, actual art.\u00ba 454.\u00ba, n.\u00ba 1)<\/li>\n<li style=\"text-align: justify;\"> \t\tFactos pessoais s\u00e3o, sem d\u00favida, os pr\u00f3prios da parte -por si praticados- e os que foram objecto da sua percep\u00e7\u00e3o pessoal, aqui se incluindo aqueles relativamente aos quais, tendo em aten\u00e7\u00e3o a sua natureza e circunst\u00e2ncias em que ocorreram, o julgador, em seu prudente arb\u00edtrio, conclua deverem ser do conhecimento do depoente.<\/li>\n<\/ol>\n<p style=\"text-align: justify;\"> \t<a href=\"http:\/\/www.dgsi.pt\/jtrc.nsf\/8fe0e606d8f56b22802576c0005637dc\/60e1e4678262030c80257d10003b6b10?OpenDocument\" target=\"_blank\" rel=\"noopener noreferrer\">Consultar texto integral<br \/> \t<\/a><\/p>\n","protected":false},"excerpt":{"rendered":"<div class=\"pvc_clear\"><\/div>\n<p id=\"pvc_stats_32537\" class=\"pvc_stats all  \" data-element-id=\"32537\" style=\"\"><i class=\"pvc-stats-icon small\" aria-hidden=\"true\"><svg aria-hidden=\"true\" focusable=\"false\" data-prefix=\"far\" data-icon=\"chart-bar\" role=\"img\" xmlns=\"http:\/\/www.w3.org\/2000\/svg\" viewBox=\"0 0 512 512\" class=\"svg-inline--fa fa-chart-bar fa-w-16 fa-2x\"><path fill=\"currentColor\" d=\"M396.8 352h22.4c6.4 0 12.8-6.4 12.8-12.8V108.8c0-6.4-6.4-12.8-12.8-12.8h-22.4c-6.4 0-12.8 6.4-12.8 12.8v230.4c0 6.4 6.4 12.8 12.8 12.8zm-192 0h22.4c6.4 0 12.8-6.4 12.8-12.8V140.8c0-6.4-6.4-12.8-12.8-12.8h-22.4c-6.4 0-12.8 6.4-12.8 12.8v198.4c0 6.4 6.4 12.8 12.8 12.8zm96 0h22.4c6.4 0 12.8-6.4 12.8-12.8V204.8c0-6.4-6.4-12.8-12.8-12.8h-22.4c-6.4 0-12.8 6.4-12.8 12.8v134.4c0 6.4 6.4 12.8 12.8 12.8zM496 400H48V80c0-8.84-7.16-16-16-16H16C7.16 64 0 71.16 0 80v336c0 17.67 14.33 32 32 32h464c8.84 0 16-7.16 16-16v-16c0-8.84-7.16-16-16-16zm-387.2-48h22.4c6.4 0 12.8-6.4 12.8-12.8v-70.4c0-6.4-6.4-12.8-12.8-12.8h-22.4c-6.4 0-12.8 6.4-12.8 12.8v70.4c0 6.4 6.4 12.8 12.8 12.8z\" class=\"\"><\/path><\/svg><\/i> <img src=\"https:\/\/trc.pt\/2020\/wp-content\/plugins\/page-views-count\/ajax-loader.gif\" border=0 \/><\/p>\n<div class=\"pvc_clear\"><\/div>\n<p>CONFISS\u00c3O. DEPOIMENTO DE PARTE. FACTOS PESSOAIS APELA\u00c7\u00c3O N\u00ba 814\/11.6TBCVL-A.C1 Relator: MARIA DOMINGAS SIM\u00d5ES Data do Acord\u00e3o: 03-06-2014 Tribunal: TRIBUNAL JUDICIAL<\/p>\n","protected":false},"author":37,"featured_media":0,"comment_status":"open","ping_status":"open","sticky":false,"template":"","format":"standard","meta":[],"categories":[230],"tags":[],"_links":{"self":[{"href":"https:\/\/trc.pt\/2020\/wp-json\/wp\/v2\/posts\/32537"}],"collection":[{"href":"https:\/\/trc.pt\/2020\/wp-json\/wp\/v2\/posts"}],"about":[{"href":"https:\/\/trc.pt\/2020\/wp-json\/wp\/v2\/types\/post"}],"author":[{"embeddable":true,"href":"https:\/\/trc.pt\/2020\/wp-json\/wp\/v2\/users\/37"}],"replies":[{"embeddable":true,"href":"https:\/\/trc.pt\/2020\/wp-json\/wp\/v2\/comments?post=32537"}],"version-history":[{"count":0,"href":"https:\/\/trc.pt\/2020\/wp-json\/wp\/v2\/posts\/32537\/revisions"}],"wp:attachment":[{"href":"https:\/\/trc.pt\/2020\/wp-json\/wp\/v2\/media?parent=32537"}],"wp:term":[{"taxonomy":"category","embeddable":true,"href":"https:\/\/trc.pt\/2020\/wp-json\/wp\/v2\/categories?post=32537"},{"taxonomy":"post_tag","embeddable":true,"href":"https:\/\/trc.pt\/2020\/wp-json\/wp\/v2\/tags?post=32537"}],"curies":[{"name":"wp","href":"https:\/\/api.w.org\/{rel}","templated":true}]}}