{"id":32535,"date":"2014-07-09T10:28:46","date_gmt":"2014-07-09T10:28:46","guid":{"rendered":"https:\/\/trc.pt\/\/2014\/07\/09\/conversao-da-multa-em-prisao-prisao-subsidiaria-notificacao\/"},"modified":"2014-07-09T10:28:46","modified_gmt":"2014-07-09T10:28:46","slug":"conversao-da-multa-em-prisao-prisao-subsidiaria-notificacao","status":"publish","type":"post","link":"https:\/\/trc.pt\/2020\/conversao-da-multa-em-prisao-prisao-subsidiaria-notificacao\/","title":{"rendered":"Convers\u00e3o da multa em pris\u00e3o. Pris\u00e3o subsidi\u00e1ria. Notifica\u00e7\u00e3o"},"content":{"rendered":"<div class=\"pvc_clear\"><\/div>\n<p id=\"pvc_stats_32535\" class=\"pvc_stats all  \" data-element-id=\"32535\" style=\"\"><i class=\"pvc-stats-icon small\" aria-hidden=\"true\"><svg aria-hidden=\"true\" focusable=\"false\" data-prefix=\"far\" data-icon=\"chart-bar\" role=\"img\" xmlns=\"http:\/\/www.w3.org\/2000\/svg\" viewBox=\"0 0 512 512\" class=\"svg-inline--fa fa-chart-bar fa-w-16 fa-2x\"><path fill=\"currentColor\" d=\"M396.8 352h22.4c6.4 0 12.8-6.4 12.8-12.8V108.8c0-6.4-6.4-12.8-12.8-12.8h-22.4c-6.4 0-12.8 6.4-12.8 12.8v230.4c0 6.4 6.4 12.8 12.8 12.8zm-192 0h22.4c6.4 0 12.8-6.4 12.8-12.8V140.8c0-6.4-6.4-12.8-12.8-12.8h-22.4c-6.4 0-12.8 6.4-12.8 12.8v198.4c0 6.4 6.4 12.8 12.8 12.8zm96 0h22.4c6.4 0 12.8-6.4 12.8-12.8V204.8c0-6.4-6.4-12.8-12.8-12.8h-22.4c-6.4 0-12.8 6.4-12.8 12.8v134.4c0 6.4 6.4 12.8 12.8 12.8zM496 400H48V80c0-8.84-7.16-16-16-16H16C7.16 64 0 71.16 0 80v336c0 17.67 14.33 32 32 32h464c8.84 0 16-7.16 16-16v-16c0-8.84-7.16-16-16-16zm-387.2-48h22.4c6.4 0 12.8-6.4 12.8-12.8v-70.4c0-6.4-6.4-12.8-12.8-12.8h-22.4c-6.4 0-12.8 6.4-12.8 12.8v70.4c0 6.4 6.4 12.8 12.8 12.8z\" class=\"\"><\/path><\/svg><\/i> <img src=\"https:\/\/trc.pt\/2020\/wp-content\/plugins\/page-views-count\/ajax-loader.gif\" border=0 \/><\/p>\n<div class=\"pvc_clear\"><\/div>\n<p style=\"text-align: justify;\"> \t<strong>CONVERS\u00c3O DA MULTA EM PRIS\u00c3O. PRIS\u00c3O SUBSIDI\u00c1RIA. NOTIFICA\u00c7\u00c3O<br \/> \tRECURSO CRIMINAL N\u00ba<\/strong> 414\/99.7TBCVL-B.C1<br \/> \t<strong>Relator: <\/strong>OLGA MAUR\u00cdCIO<br \/> \t<strong>Data do Acord\u00e3o: <\/strong>25-06-2014<br \/> \t<strong>Tribunal: <\/strong>COVILH\u00c3 &#8211; 3\u00ba JU\u00cdZO<br \/> \t<strong>Legisla\u00e7\u00e3o: <\/strong>ART.\u00ba 49\u00ba CP<br \/> \t<strong>Sum\u00e1rio: <\/strong><\/p>\n<ol>\n<li style=\"text-align: justify;\"> \t\tO despacho que, ao abrigo do art. 49\u00ba do C\u00f3digo Penal, converte a pena de multa n\u00e3o paga em pris\u00e3o subsidi\u00e1ria configura uma altera\u00e7\u00e3o superveniente do conte\u00fado decis\u00f3rio da senten\u00e7a de condena\u00e7\u00e3o, que tem como efeito a priva\u00e7\u00e3o da liberdade do arguido condenado;<\/li>\n<li style=\"text-align: justify;\"> \t\tEstando em causa a liberdade, antes de ser proferida decis\u00e3o que a retire, nomeadamente por via da substitui\u00e7\u00e3o de pena n\u00e3o detentiva por pena detentiva, deve o visado ser informado para se poder pronunciar sobre essa possibilidade, querendo;<\/li>\n<li style=\"text-align: justify;\"> \t\tAquela notifica\u00e7\u00e3o tem que ser pessoal e configura uma formalidade essencial, cuja viola\u00e7\u00e3o gera nulidade, do art. 119\u00ba, al. c), do C.P.P., por viola\u00e7\u00e3o do art. 61\u00ba, n\u00ba 1, al. b).<\/li>\n<\/ol>\n<p style=\"text-align: justify;\"> \t<a href=\"http:\/\/www.dgsi.pt\/jtrc.nsf\/8fe0e606d8f56b22802576c0005637dc\/b25721adf044975080257d0700484dc6?OpenDocument\" target=\"_blank\" rel=\"noopener noreferrer\">Consultar texto integral<br \/> \t<\/a><\/p>\n","protected":false},"excerpt":{"rendered":"<div class=\"pvc_clear\"><\/div>\n<p id=\"pvc_stats_32535\" class=\"pvc_stats all  \" data-element-id=\"32535\" style=\"\"><i class=\"pvc-stats-icon small\" aria-hidden=\"true\"><svg aria-hidden=\"true\" focusable=\"false\" data-prefix=\"far\" data-icon=\"chart-bar\" role=\"img\" xmlns=\"http:\/\/www.w3.org\/2000\/svg\" viewBox=\"0 0 512 512\" class=\"svg-inline--fa fa-chart-bar fa-w-16 fa-2x\"><path fill=\"currentColor\" d=\"M396.8 352h22.4c6.4 0 12.8-6.4 12.8-12.8V108.8c0-6.4-6.4-12.8-12.8-12.8h-22.4c-6.4 0-12.8 6.4-12.8 12.8v230.4c0 6.4 6.4 12.8 12.8 12.8zm-192 0h22.4c6.4 0 12.8-6.4 12.8-12.8V140.8c0-6.4-6.4-12.8-12.8-12.8h-22.4c-6.4 0-12.8 6.4-12.8 12.8v198.4c0 6.4 6.4 12.8 12.8 12.8zm96 0h22.4c6.4 0 12.8-6.4 12.8-12.8V204.8c0-6.4-6.4-12.8-12.8-12.8h-22.4c-6.4 0-12.8 6.4-12.8 12.8v134.4c0 6.4 6.4 12.8 12.8 12.8zM496 400H48V80c0-8.84-7.16-16-16-16H16C7.16 64 0 71.16 0 80v336c0 17.67 14.33 32 32 32h464c8.84 0 16-7.16 16-16v-16c0-8.84-7.16-16-16-16zm-387.2-48h22.4c6.4 0 12.8-6.4 12.8-12.8v-70.4c0-6.4-6.4-12.8-12.8-12.8h-22.4c-6.4 0-12.8 6.4-12.8 12.8v70.4c0 6.4 6.4 12.8 12.8 12.8z\" class=\"\"><\/path><\/svg><\/i> <img src=\"https:\/\/trc.pt\/2020\/wp-content\/plugins\/page-views-count\/ajax-loader.gif\" border=0 \/><\/p>\n<div class=\"pvc_clear\"><\/div>\n<p>CONVERS\u00c3O DA MULTA EM PRIS\u00c3O. PRIS\u00c3O SUBSIDI\u00c1RIA. NOTIFICA\u00c7\u00c3O RECURSO CRIMINAL N\u00ba 414\/99.7TBCVL-B.C1 Relator: OLGA MAUR\u00cdCIO Data do Acord\u00e3o: 25-06-2014 Tribunal:<\/p>\n","protected":false},"author":37,"featured_media":0,"comment_status":"open","ping_status":"open","sticky":false,"template":"","format":"standard","meta":[],"categories":[231],"tags":[],"_links":{"self":[{"href":"https:\/\/trc.pt\/2020\/wp-json\/wp\/v2\/posts\/32535"}],"collection":[{"href":"https:\/\/trc.pt\/2020\/wp-json\/wp\/v2\/posts"}],"about":[{"href":"https:\/\/trc.pt\/2020\/wp-json\/wp\/v2\/types\/post"}],"author":[{"embeddable":true,"href":"https:\/\/trc.pt\/2020\/wp-json\/wp\/v2\/users\/37"}],"replies":[{"embeddable":true,"href":"https:\/\/trc.pt\/2020\/wp-json\/wp\/v2\/comments?post=32535"}],"version-history":[{"count":0,"href":"https:\/\/trc.pt\/2020\/wp-json\/wp\/v2\/posts\/32535\/revisions"}],"wp:attachment":[{"href":"https:\/\/trc.pt\/2020\/wp-json\/wp\/v2\/media?parent=32535"}],"wp:term":[{"taxonomy":"category","embeddable":true,"href":"https:\/\/trc.pt\/2020\/wp-json\/wp\/v2\/categories?post=32535"},{"taxonomy":"post_tag","embeddable":true,"href":"https:\/\/trc.pt\/2020\/wp-json\/wp\/v2\/tags?post=32535"}],"curies":[{"name":"wp","href":"https:\/\/api.w.org\/{rel}","templated":true}]}}