{"id":32394,"date":"2014-06-12T14:29:53","date_gmt":"2014-06-12T14:29:53","guid":{"rendered":"https:\/\/trc.pt\/\/2014\/06\/12\/reconhecimento-de-assinaturas-advogado-estagiario\/"},"modified":"2014-06-12T14:29:53","modified_gmt":"2014-06-12T14:29:53","slug":"reconhecimento-de-assinaturas-advogado-estagiario","status":"publish","type":"post","link":"https:\/\/trc.pt\/2020\/reconhecimento-de-assinaturas-advogado-estagiario\/","title":{"rendered":"Reconhecimento de assinaturas. Advogado-estagi\u00e1rio"},"content":{"rendered":"<div class=\"pvc_clear\"><\/div>\n<p id=\"pvc_stats_32394\" class=\"pvc_stats all  \" data-element-id=\"32394\" style=\"\"><i class=\"pvc-stats-icon small\" aria-hidden=\"true\"><svg aria-hidden=\"true\" focusable=\"false\" data-prefix=\"far\" data-icon=\"chart-bar\" role=\"img\" xmlns=\"http:\/\/www.w3.org\/2000\/svg\" viewBox=\"0 0 512 512\" class=\"svg-inline--fa fa-chart-bar fa-w-16 fa-2x\"><path fill=\"currentColor\" d=\"M396.8 352h22.4c6.4 0 12.8-6.4 12.8-12.8V108.8c0-6.4-6.4-12.8-12.8-12.8h-22.4c-6.4 0-12.8 6.4-12.8 12.8v230.4c0 6.4 6.4 12.8 12.8 12.8zm-192 0h22.4c6.4 0 12.8-6.4 12.8-12.8V140.8c0-6.4-6.4-12.8-12.8-12.8h-22.4c-6.4 0-12.8 6.4-12.8 12.8v198.4c0 6.4 6.4 12.8 12.8 12.8zm96 0h22.4c6.4 0 12.8-6.4 12.8-12.8V204.8c0-6.4-6.4-12.8-12.8-12.8h-22.4c-6.4 0-12.8 6.4-12.8 12.8v134.4c0 6.4 6.4 12.8 12.8 12.8zM496 400H48V80c0-8.84-7.16-16-16-16H16C7.16 64 0 71.16 0 80v336c0 17.67 14.33 32 32 32h464c8.84 0 16-7.16 16-16v-16c0-8.84-7.16-16-16-16zm-387.2-48h22.4c6.4 0 12.8-6.4 12.8-12.8v-70.4c0-6.4-6.4-12.8-12.8-12.8h-22.4c-6.4 0-12.8 6.4-12.8 12.8v70.4c0 6.4 6.4 12.8 12.8 12.8z\" class=\"\"><\/path><\/svg><\/i> <img src=\"https:\/\/trc.pt\/2020\/wp-content\/plugins\/page-views-count\/ajax-loader.gif\" border=0 \/><\/p>\n<div class=\"pvc_clear\"><\/div>\n<p> \t<strong>RECONHECIMENTO DE ASSINATURAS. ADVOGADO-ESTAGI\u00c1RIO<br \/> \tAPELA\u00c7\u00c3O N\u00ba <\/strong>4790\/11.7TBLRA.C1<br \/> \t<strong>Relator: <\/strong>ARTUR DIAS<br \/> \t<strong>Data do Acord\u00e3o:<\/strong> 03-06-2014<br \/> \t<strong>Tribunal:<\/strong> TRIBUNAL JUDICIAL DE LEIRIA \u2013 3\u00ba JU\u00cdZO<br \/> \t<strong>Legisla\u00e7\u00e3o:<\/strong> ART\u00ba 38\u00ba DO DEC.LEI N\u00ba 76-A\/2006, DE 29\/03.<br \/> \t<strong>Sum\u00e1rio: <\/strong><\/p>\n<p style=\"margin-left: 40px;\"> \tDe acordo com o artigo 38\u00ba do Decreto-Lei n\u00ba 76-A\/2006, de 29\/03, a extens\u00e3o do regime dos reconhecimentos de assinaturas \u00e0s entidades e profissionais indicados no respectivo n\u00ba 1 \u2013 a\u00ed se incluindo os advogados-estagi\u00e1rios da segunda fase do est\u00e1gio que actuem sob orienta\u00e7\u00e3o do patrono \u2013 abrange todos os reconhecimentos de assinaturas, simples ou com men\u00e7\u00f5es especiais, sem qualquer exclus\u00e3o, nomeadamente dos reconhecimentos de assinaturas feitas a rogo.<br \/> \t&nbsp;<\/p>\n<p> \t<a href=\"http:\/\/www.dgsi.pt\/jtrc.nsf\/8fe0e606d8f56b22802576c0005637dc\/6bb045705aec3b6a80257cf5004c5beb?OpenDocument\" target=\"_blank\" rel=\"noopener noreferrer\">Consultar texto integral<\/a><\/p>\n","protected":false},"excerpt":{"rendered":"<div class=\"pvc_clear\"><\/div>\n<p id=\"pvc_stats_32394\" class=\"pvc_stats all  \" data-element-id=\"32394\" style=\"\"><i class=\"pvc-stats-icon small\" aria-hidden=\"true\"><svg aria-hidden=\"true\" focusable=\"false\" data-prefix=\"far\" data-icon=\"chart-bar\" role=\"img\" xmlns=\"http:\/\/www.w3.org\/2000\/svg\" viewBox=\"0 0 512 512\" class=\"svg-inline--fa fa-chart-bar fa-w-16 fa-2x\"><path fill=\"currentColor\" d=\"M396.8 352h22.4c6.4 0 12.8-6.4 12.8-12.8V108.8c0-6.4-6.4-12.8-12.8-12.8h-22.4c-6.4 0-12.8 6.4-12.8 12.8v230.4c0 6.4 6.4 12.8 12.8 12.8zm-192 0h22.4c6.4 0 12.8-6.4 12.8-12.8V140.8c0-6.4-6.4-12.8-12.8-12.8h-22.4c-6.4 0-12.8 6.4-12.8 12.8v198.4c0 6.4 6.4 12.8 12.8 12.8zm96 0h22.4c6.4 0 12.8-6.4 12.8-12.8V204.8c0-6.4-6.4-12.8-12.8-12.8h-22.4c-6.4 0-12.8 6.4-12.8 12.8v134.4c0 6.4 6.4 12.8 12.8 12.8zM496 400H48V80c0-8.84-7.16-16-16-16H16C7.16 64 0 71.16 0 80v336c0 17.67 14.33 32 32 32h464c8.84 0 16-7.16 16-16v-16c0-8.84-7.16-16-16-16zm-387.2-48h22.4c6.4 0 12.8-6.4 12.8-12.8v-70.4c0-6.4-6.4-12.8-12.8-12.8h-22.4c-6.4 0-12.8 6.4-12.8 12.8v70.4c0 6.4 6.4 12.8 12.8 12.8z\" class=\"\"><\/path><\/svg><\/i> <img src=\"https:\/\/trc.pt\/2020\/wp-content\/plugins\/page-views-count\/ajax-loader.gif\" border=0 \/><\/p>\n<div class=\"pvc_clear\"><\/div>\n<p>RECONHECIMENTO DE ASSINATURAS. ADVOGADO-ESTAGI\u00c1RIO APELA\u00c7\u00c3O N\u00ba 4790\/11.7TBLRA.C1 Relator: ARTUR DIAS Data do Acord\u00e3o: 03-06-2014 Tribunal: TRIBUNAL JUDICIAL DE LEIRIA \u2013<\/p>\n","protected":false},"author":37,"featured_media":0,"comment_status":"open","ping_status":"open","sticky":false,"template":"","format":"standard","meta":[],"categories":[229],"tags":[],"_links":{"self":[{"href":"https:\/\/trc.pt\/2020\/wp-json\/wp\/v2\/posts\/32394"}],"collection":[{"href":"https:\/\/trc.pt\/2020\/wp-json\/wp\/v2\/posts"}],"about":[{"href":"https:\/\/trc.pt\/2020\/wp-json\/wp\/v2\/types\/post"}],"author":[{"embeddable":true,"href":"https:\/\/trc.pt\/2020\/wp-json\/wp\/v2\/users\/37"}],"replies":[{"embeddable":true,"href":"https:\/\/trc.pt\/2020\/wp-json\/wp\/v2\/comments?post=32394"}],"version-history":[{"count":0,"href":"https:\/\/trc.pt\/2020\/wp-json\/wp\/v2\/posts\/32394\/revisions"}],"wp:attachment":[{"href":"https:\/\/trc.pt\/2020\/wp-json\/wp\/v2\/media?parent=32394"}],"wp:term":[{"taxonomy":"category","embeddable":true,"href":"https:\/\/trc.pt\/2020\/wp-json\/wp\/v2\/categories?post=32394"},{"taxonomy":"post_tag","embeddable":true,"href":"https:\/\/trc.pt\/2020\/wp-json\/wp\/v2\/tags?post=32394"}],"curies":[{"name":"wp","href":"https:\/\/api.w.org\/{rel}","templated":true}]}}