{"id":32393,"date":"2014-06-12T14:27:22","date_gmt":"2014-06-12T14:27:22","guid":{"rendered":"https:\/\/trc.pt\/\/2014\/06\/12\/compra-e-venda-bens-consumo-consumidor-onus-da-prova\/"},"modified":"2014-06-12T14:27:22","modified_gmt":"2014-06-12T14:27:22","slug":"compra-e-venda-bens-consumo-consumidor-onus-da-prova","status":"publish","type":"post","link":"https:\/\/trc.pt\/2020\/compra-e-venda-bens-consumo-consumidor-onus-da-prova\/","title":{"rendered":"Compra e venda. Bens. Consumo. Consumidor. \u00d3nus da prova"},"content":{"rendered":"<div class=\"pvc_clear\"><\/div>\n<p id=\"pvc_stats_32393\" class=\"pvc_stats all  \" data-element-id=\"32393\" style=\"\"><i class=\"pvc-stats-icon small\" aria-hidden=\"true\"><svg aria-hidden=\"true\" focusable=\"false\" data-prefix=\"far\" data-icon=\"chart-bar\" role=\"img\" xmlns=\"http:\/\/www.w3.org\/2000\/svg\" viewBox=\"0 0 512 512\" class=\"svg-inline--fa fa-chart-bar fa-w-16 fa-2x\"><path fill=\"currentColor\" d=\"M396.8 352h22.4c6.4 0 12.8-6.4 12.8-12.8V108.8c0-6.4-6.4-12.8-12.8-12.8h-22.4c-6.4 0-12.8 6.4-12.8 12.8v230.4c0 6.4 6.4 12.8 12.8 12.8zm-192 0h22.4c6.4 0 12.8-6.4 12.8-12.8V140.8c0-6.4-6.4-12.8-12.8-12.8h-22.4c-6.4 0-12.8 6.4-12.8 12.8v198.4c0 6.4 6.4 12.8 12.8 12.8zm96 0h22.4c6.4 0 12.8-6.4 12.8-12.8V204.8c0-6.4-6.4-12.8-12.8-12.8h-22.4c-6.4 0-12.8 6.4-12.8 12.8v134.4c0 6.4 6.4 12.8 12.8 12.8zM496 400H48V80c0-8.84-7.16-16-16-16H16C7.16 64 0 71.16 0 80v336c0 17.67 14.33 32 32 32h464c8.84 0 16-7.16 16-16v-16c0-8.84-7.16-16-16-16zm-387.2-48h22.4c6.4 0 12.8-6.4 12.8-12.8v-70.4c0-6.4-6.4-12.8-12.8-12.8h-22.4c-6.4 0-12.8 6.4-12.8 12.8v70.4c0 6.4 6.4 12.8 12.8 12.8z\" class=\"\"><\/path><\/svg><\/i> <img src=\"https:\/\/trc.pt\/2020\/wp-content\/plugins\/page-views-count\/ajax-loader.gif\" border=0 \/><\/p>\n<div class=\"pvc_clear\"><\/div>\n<p> \t<strong>COMPRA E VENDA. BENS. CONSUMO. CONSUMIDOR. \u00d3NUS DA PROVA<br \/> \tAPELA\u00c7\u00c3O N\u00ba <\/strong>544\/10.6TBCVL.C1<br \/> \t<strong>Relator:<\/strong> HENRIQUE ANTUNES<br \/> \t<strong>Data do Acord\u00e3o: <\/strong>27-05-2014<br \/> \t<strong>Tribunal:<\/strong> TRIBUNAL JUDICIAL DA COVILH\u00c3 \u2013 1\u00ba JU\u00cdZO<br \/> \t<strong>Legisla\u00e7\u00e3o: <\/strong>ART\u00ba 2\u00ba, N\u00ba 1 DA LEI N\u00ba 24\/96, DE 31 DE JULHO \u2013 LEI DE DEFESA DO CONSUMIDOR (LDC). ART\u00baS 1\u00ba, N\u00ba 1, E 1\u00ba-A DO DECRETO-LEI N\u00ba 67\/2003, NA REDAC\u00c7\u00c3O DO ART\u00ba 1\u00ba DO DECRETO-LEI N\u00ba 84\/2008, DE 21 DE MAIO. ART\u00ba 1\u00ba DO DECRETO-LEI N\u00ba 383\/89, DE 6 DE NOVEMBRO.<br \/> \t<strong>Sum\u00e1rio: <\/strong><\/p>\n<ol>\n<li> \t\tPara que ao contrato de compra e venda seja aplic\u00e1vel o regime jur\u00eddico espec\u00edfico da venda de bens de consumo, \u00e9 indispens\u00e1vel a prova \u2013 que vincula o comprador \u2013, desde logo, de que o adquirente tem a qualidade de consumidor.<\/li>\n<li> \t\tO \u00f3nus da prova quando da exist\u00eancia e da gravidade do defeito da coisa prestada \u2013 i.e. a exist\u00eancia de um v\u00edcio ou a sua desconformidade com aquilo que foi acordado, ou no caso da responsabilidade do produtor, a falta de seguran\u00e7a daquela coisa \u2013 tanto no contexto da responsabilidade contratual do vendedor como da responsabilidade objectiva do produtor, vincula o comprador.<\/li>\n<li> \t\tO encargo prova de que o demandado \u00e9 o produtor da coisa prestada recai, tamb\u00e9m, sobre o demandante.<\/li>\n<\/ol>\n<p> \t<a href=\"http:\/\/www.dgsi.pt\/jtrc.nsf\/8fe0e606d8f56b22802576c0005637dc\/615106f9bcffa71780257cf5004b14f5?OpenDocument\" target=\"_blank\" rel=\"noopener noreferrer\">Consultar texto integral<br \/> \t<\/a><\/p>\n","protected":false},"excerpt":{"rendered":"<div class=\"pvc_clear\"><\/div>\n<p id=\"pvc_stats_32393\" class=\"pvc_stats all  \" data-element-id=\"32393\" style=\"\"><i class=\"pvc-stats-icon small\" aria-hidden=\"true\"><svg aria-hidden=\"true\" focusable=\"false\" data-prefix=\"far\" data-icon=\"chart-bar\" role=\"img\" xmlns=\"http:\/\/www.w3.org\/2000\/svg\" viewBox=\"0 0 512 512\" class=\"svg-inline--fa fa-chart-bar fa-w-16 fa-2x\"><path fill=\"currentColor\" d=\"M396.8 352h22.4c6.4 0 12.8-6.4 12.8-12.8V108.8c0-6.4-6.4-12.8-12.8-12.8h-22.4c-6.4 0-12.8 6.4-12.8 12.8v230.4c0 6.4 6.4 12.8 12.8 12.8zm-192 0h22.4c6.4 0 12.8-6.4 12.8-12.8V140.8c0-6.4-6.4-12.8-12.8-12.8h-22.4c-6.4 0-12.8 6.4-12.8 12.8v198.4c0 6.4 6.4 12.8 12.8 12.8zm96 0h22.4c6.4 0 12.8-6.4 12.8-12.8V204.8c0-6.4-6.4-12.8-12.8-12.8h-22.4c-6.4 0-12.8 6.4-12.8 12.8v134.4c0 6.4 6.4 12.8 12.8 12.8zM496 400H48V80c0-8.84-7.16-16-16-16H16C7.16 64 0 71.16 0 80v336c0 17.67 14.33 32 32 32h464c8.84 0 16-7.16 16-16v-16c0-8.84-7.16-16-16-16zm-387.2-48h22.4c6.4 0 12.8-6.4 12.8-12.8v-70.4c0-6.4-6.4-12.8-12.8-12.8h-22.4c-6.4 0-12.8 6.4-12.8 12.8v70.4c0 6.4 6.4 12.8 12.8 12.8z\" class=\"\"><\/path><\/svg><\/i> <img src=\"https:\/\/trc.pt\/2020\/wp-content\/plugins\/page-views-count\/ajax-loader.gif\" border=0 \/><\/p>\n<div class=\"pvc_clear\"><\/div>\n<p>COMPRA E VENDA. BENS. CONSUMO. CONSUMIDOR. \u00d3NUS DA PROVA APELA\u00c7\u00c3O N\u00ba 544\/10.6TBCVL.C1 Relator: HENRIQUE ANTUNES Data do Acord\u00e3o: 27-05-2014 Tribunal:<\/p>\n","protected":false},"author":37,"featured_media":0,"comment_status":"open","ping_status":"open","sticky":false,"template":"","format":"standard","meta":[],"categories":[229],"tags":[],"_links":{"self":[{"href":"https:\/\/trc.pt\/2020\/wp-json\/wp\/v2\/posts\/32393"}],"collection":[{"href":"https:\/\/trc.pt\/2020\/wp-json\/wp\/v2\/posts"}],"about":[{"href":"https:\/\/trc.pt\/2020\/wp-json\/wp\/v2\/types\/post"}],"author":[{"embeddable":true,"href":"https:\/\/trc.pt\/2020\/wp-json\/wp\/v2\/users\/37"}],"replies":[{"embeddable":true,"href":"https:\/\/trc.pt\/2020\/wp-json\/wp\/v2\/comments?post=32393"}],"version-history":[{"count":0,"href":"https:\/\/trc.pt\/2020\/wp-json\/wp\/v2\/posts\/32393\/revisions"}],"wp:attachment":[{"href":"https:\/\/trc.pt\/2020\/wp-json\/wp\/v2\/media?parent=32393"}],"wp:term":[{"taxonomy":"category","embeddable":true,"href":"https:\/\/trc.pt\/2020\/wp-json\/wp\/v2\/categories?post=32393"},{"taxonomy":"post_tag","embeddable":true,"href":"https:\/\/trc.pt\/2020\/wp-json\/wp\/v2\/tags?post=32393"}],"curies":[{"name":"wp","href":"https:\/\/api.w.org\/{rel}","templated":true}]}}