{"id":32392,"date":"2014-06-12T14:24:30","date_gmt":"2014-06-12T14:24:30","guid":{"rendered":"https:\/\/trc.pt\/\/2014\/06\/12\/prescricao-indemnizacao-responsabilidade-civil-extracontratual-sub-rogacao-contagem-dos-prazos-prestacao-seguranca-social\/"},"modified":"2014-06-12T14:24:30","modified_gmt":"2014-06-12T14:24:30","slug":"prescricao-indemnizacao-responsabilidade-civil-extracontratual-sub-rogacao-contagem-dos-prazos-prestacao-seguranca-social","status":"publish","type":"post","link":"https:\/\/trc.pt\/2020\/prescricao-indemnizacao-responsabilidade-civil-extracontratual-sub-rogacao-contagem-dos-prazos-prestacao-seguranca-social\/","title":{"rendered":"Prescri\u00e7\u00e3o. Indemniza\u00e7\u00e3o. Responsabilidade civil extracontratual. Sub-roga\u00e7\u00e3o. Contagem dos prazos. Presta\u00e7\u00e3o. Seguran\u00e7a social"},"content":{"rendered":"<div class=\"pvc_clear\"><\/div>\n<p id=\"pvc_stats_32392\" class=\"pvc_stats all  \" data-element-id=\"32392\" style=\"\"><i class=\"pvc-stats-icon small\" aria-hidden=\"true\"><svg aria-hidden=\"true\" focusable=\"false\" data-prefix=\"far\" data-icon=\"chart-bar\" role=\"img\" xmlns=\"http:\/\/www.w3.org\/2000\/svg\" viewBox=\"0 0 512 512\" class=\"svg-inline--fa fa-chart-bar fa-w-16 fa-2x\"><path fill=\"currentColor\" d=\"M396.8 352h22.4c6.4 0 12.8-6.4 12.8-12.8V108.8c0-6.4-6.4-12.8-12.8-12.8h-22.4c-6.4 0-12.8 6.4-12.8 12.8v230.4c0 6.4 6.4 12.8 12.8 12.8zm-192 0h22.4c6.4 0 12.8-6.4 12.8-12.8V140.8c0-6.4-6.4-12.8-12.8-12.8h-22.4c-6.4 0-12.8 6.4-12.8 12.8v198.4c0 6.4 6.4 12.8 12.8 12.8zm96 0h22.4c6.4 0 12.8-6.4 12.8-12.8V204.8c0-6.4-6.4-12.8-12.8-12.8h-22.4c-6.4 0-12.8 6.4-12.8 12.8v134.4c0 6.4 6.4 12.8 12.8 12.8zM496 400H48V80c0-8.84-7.16-16-16-16H16C7.16 64 0 71.16 0 80v336c0 17.67 14.33 32 32 32h464c8.84 0 16-7.16 16-16v-16c0-8.84-7.16-16-16-16zm-387.2-48h22.4c6.4 0 12.8-6.4 12.8-12.8v-70.4c0-6.4-6.4-12.8-12.8-12.8h-22.4c-6.4 0-12.8 6.4-12.8 12.8v70.4c0 6.4 6.4 12.8 12.8 12.8z\" class=\"\"><\/path><\/svg><\/i> <img src=\"https:\/\/trc.pt\/2020\/wp-content\/plugins\/page-views-count\/ajax-loader.gif\" border=0 \/><\/p>\n<div class=\"pvc_clear\"><\/div>\n<p style=\"text-align: justify;\"> \t<strong>PRESCRI\u00c7\u00c3O. INDEMNIZA\u00c7\u00c3O. RESPONSABILIDADE CIVIL EXTRACONTRATUAL. SUB-ROGA\u00c7\u00c3O. CONTAGEM DOS PRAZOS. PRESTA\u00c7\u00c3O. SEGURAN\u00c7A SOCIAL<br \/> \tAPELA\u00c7\u00c3O N\u00ba<\/strong> 1953\/08.6TBPBL.C1<br \/> \t<strong>Relator: <\/strong>FALC\u00c3O DE MAGALH\u00c3ES<br \/> \t<strong>Data do Acord\u00e3o: <\/strong>27-05-2014<br \/> \t<strong>Tribunal:<\/strong> TRIBUNAL JUDICIAL DE POMBAL \u2013 1\u00ba JU\u00cdZO<br \/> \t<strong>Legisla\u00e7\u00e3o: <\/strong>ART\u00ba 498\u00ba, N\u00baS 1, E 2 E 3 DO C. CIVIL.<br \/> \t<strong>Sum\u00e1rio: <\/strong><\/p>\n<ol>\n<li style=\"text-align: justify;\"> \t\tNos termos do disposto no art\u00ba 498\u00ba do C. Civil, o direito (cr\u00e9dito) de indemniza\u00e7\u00e3o prescreve no prazo de 3 anos a contar da data em que o lesado teve conhecimento do direito que lhe compete, embora com desconhecimento da pessoa do respons\u00e1vel e da extens\u00e3o integral dos danos, sem preju\u00edzo da prescri\u00e7\u00e3o ordin\u00e1ria se tiver decorrido o respectivo prazo a contar do facto danoso (n\u00ba1);<\/li>\n<li style=\"text-align: justify;\"> \t\tO prazo ordin\u00e1rio de prescri\u00e7\u00e3o previsto no art\u00ba 309\u00ba \u00e9 residual, ou seja, s\u00f3 tem aplicabilidade aos casos em que a lei, expressamente, n\u00e3o tenha fixado prazo diverso, mas existe na lei norma expressa, que mais n\u00e3o \u00e9 do que a contida no art\u00ba 498\u00ba, aplic\u00e1vel em termos de prescri\u00e7\u00e3o do direito \u00e0 indemniza\u00e7\u00e3o nos casos de responsabilidade civil extracontratual.<\/li>\n<li style=\"text-align: justify;\"> \t\tO art\u00ba 498\u00ba do C. Civil \u00e9 tamb\u00e9m aplic\u00e1vel \u00e0 sub-roga\u00e7\u00e3o, n\u00e3o obstante a sua expressa refer\u00eancia ao direito de regresso entre respons\u00e1veis.<\/li>\n<li style=\"text-align: justify;\"> \t\tN\u00e3o obstante intensa jurisprud\u00eancia contradit\u00f3ria que durante algum tempo versou sobre a quest\u00e3o de saber se nos casos do direito de reembolso efectivado n\u00e3o pela via da constitui\u00e7\u00e3o de um direito de regresso nas rela\u00e7\u00f5es internas entre devedores solid\u00e1rios, mas pela via da sub-roga\u00e7\u00e3o legal, seria, ou n\u00e3o aplic\u00e1vel o n\u00ba 2 do art\u00ba 498\u00ba do CC, os mais recentes arestos, nomeadamente do STJ, t\u00eam sido praticamente un\u00e2nimes no sentido da aplicabilidade do citado preceito aos referidos casos, pela via anal\u00f3gica, com o argumento de que tamb\u00e9m na sub-roga\u00e7\u00e3o s\u00f3 a contar do pagamento est\u00e1 quem paga nas condi\u00e7\u00f5es de poder exercer contra o obrigado da presta\u00e7\u00e3o o respectivo direito.<\/li>\n<li style=\"text-align: justify;\"> \t\tA argumenta\u00e7\u00e3o que se vem utilizando, associada ao teor do n\u00ba 1 do art\u00ba 498\u00ba do CC, leva-nos a concluir que o prazo prescricional aplic\u00e1vel se conta sobre o primeiro dos pagamentos efectuados no caso de presta\u00e7\u00f5es reiteradas no tempo, n\u00e3o sendo necess\u00e1rio aguardar pelo \u00faltimo deles.<\/li>\n<\/ol>\n<p style=\"text-align: justify;\"> \t<a href=\"http:\/\/www.dgsi.pt\/jtrc.nsf\/8fe0e606d8f56b22802576c0005637dc\/62a8fbd60ae1e69080257cf5004a6833?OpenDocument\" target=\"_blank\" rel=\"noopener noreferrer\">Consultar texto integral<br \/> \t<\/a><\/p>\n","protected":false},"excerpt":{"rendered":"<div class=\"pvc_clear\"><\/div>\n<p id=\"pvc_stats_32392\" class=\"pvc_stats all  \" data-element-id=\"32392\" style=\"\"><i class=\"pvc-stats-icon small\" aria-hidden=\"true\"><svg aria-hidden=\"true\" focusable=\"false\" data-prefix=\"far\" data-icon=\"chart-bar\" role=\"img\" xmlns=\"http:\/\/www.w3.org\/2000\/svg\" viewBox=\"0 0 512 512\" class=\"svg-inline--fa fa-chart-bar fa-w-16 fa-2x\"><path fill=\"currentColor\" d=\"M396.8 352h22.4c6.4 0 12.8-6.4 12.8-12.8V108.8c0-6.4-6.4-12.8-12.8-12.8h-22.4c-6.4 0-12.8 6.4-12.8 12.8v230.4c0 6.4 6.4 12.8 12.8 12.8zm-192 0h22.4c6.4 0 12.8-6.4 12.8-12.8V140.8c0-6.4-6.4-12.8-12.8-12.8h-22.4c-6.4 0-12.8 6.4-12.8 12.8v198.4c0 6.4 6.4 12.8 12.8 12.8zm96 0h22.4c6.4 0 12.8-6.4 12.8-12.8V204.8c0-6.4-6.4-12.8-12.8-12.8h-22.4c-6.4 0-12.8 6.4-12.8 12.8v134.4c0 6.4 6.4 12.8 12.8 12.8zM496 400H48V80c0-8.84-7.16-16-16-16H16C7.16 64 0 71.16 0 80v336c0 17.67 14.33 32 32 32h464c8.84 0 16-7.16 16-16v-16c0-8.84-7.16-16-16-16zm-387.2-48h22.4c6.4 0 12.8-6.4 12.8-12.8v-70.4c0-6.4-6.4-12.8-12.8-12.8h-22.4c-6.4 0-12.8 6.4-12.8 12.8v70.4c0 6.4 6.4 12.8 12.8 12.8z\" class=\"\"><\/path><\/svg><\/i> <img src=\"https:\/\/trc.pt\/2020\/wp-content\/plugins\/page-views-count\/ajax-loader.gif\" border=0 \/><\/p>\n<div class=\"pvc_clear\"><\/div>\n<p>PRESCRI\u00c7\u00c3O. INDEMNIZA\u00c7\u00c3O. RESPONSABILIDADE CIVIL EXTRACONTRATUAL. SUB-ROGA\u00c7\u00c3O. CONTAGEM DOS PRAZOS. PRESTA\u00c7\u00c3O. SEGURAN\u00c7A SOCIAL APELA\u00c7\u00c3O N\u00ba 1953\/08.6TBPBL.C1 Relator: FALC\u00c3O DE MAGALH\u00c3ES Data<\/p>\n","protected":false},"author":37,"featured_media":0,"comment_status":"open","ping_status":"open","sticky":false,"template":"","format":"standard","meta":[],"categories":[229],"tags":[],"_links":{"self":[{"href":"https:\/\/trc.pt\/2020\/wp-json\/wp\/v2\/posts\/32392"}],"collection":[{"href":"https:\/\/trc.pt\/2020\/wp-json\/wp\/v2\/posts"}],"about":[{"href":"https:\/\/trc.pt\/2020\/wp-json\/wp\/v2\/types\/post"}],"author":[{"embeddable":true,"href":"https:\/\/trc.pt\/2020\/wp-json\/wp\/v2\/users\/37"}],"replies":[{"embeddable":true,"href":"https:\/\/trc.pt\/2020\/wp-json\/wp\/v2\/comments?post=32392"}],"version-history":[{"count":0,"href":"https:\/\/trc.pt\/2020\/wp-json\/wp\/v2\/posts\/32392\/revisions"}],"wp:attachment":[{"href":"https:\/\/trc.pt\/2020\/wp-json\/wp\/v2\/media?parent=32392"}],"wp:term":[{"taxonomy":"category","embeddable":true,"href":"https:\/\/trc.pt\/2020\/wp-json\/wp\/v2\/categories?post=32392"},{"taxonomy":"post_tag","embeddable":true,"href":"https:\/\/trc.pt\/2020\/wp-json\/wp\/v2\/tags?post=32392"}],"curies":[{"name":"wp","href":"https:\/\/api.w.org\/{rel}","templated":true}]}}