{"id":32388,"date":"2014-06-06T14:02:54","date_gmt":"2014-06-06T14:02:54","guid":{"rendered":"https:\/\/trc.pt\/\/2014\/06\/06\/destaques-da-semana-de-19-a-23-de-maio-2014\/"},"modified":"2014-06-06T14:02:54","modified_gmt":"2014-06-06T14:02:54","slug":"destaques-da-semana-de-19-a-23-de-maio-2014","status":"publish","type":"post","link":"https:\/\/trc.pt\/2020\/destaques-da-semana-de-19-a-23-de-maio-2014\/","title":{"rendered":"Destaques da semana de 19 a  23 de Maio 2014"},"content":{"rendered":"<div class=\"pvc_clear\"><\/div>\n<p id=\"pvc_stats_32388\" class=\"pvc_stats all  \" data-element-id=\"32388\" style=\"\"><i class=\"pvc-stats-icon small\" aria-hidden=\"true\"><svg aria-hidden=\"true\" focusable=\"false\" data-prefix=\"far\" data-icon=\"chart-bar\" role=\"img\" xmlns=\"http:\/\/www.w3.org\/2000\/svg\" viewBox=\"0 0 512 512\" class=\"svg-inline--fa fa-chart-bar fa-w-16 fa-2x\"><path fill=\"currentColor\" d=\"M396.8 352h22.4c6.4 0 12.8-6.4 12.8-12.8V108.8c0-6.4-6.4-12.8-12.8-12.8h-22.4c-6.4 0-12.8 6.4-12.8 12.8v230.4c0 6.4 6.4 12.8 12.8 12.8zm-192 0h22.4c6.4 0 12.8-6.4 12.8-12.8V140.8c0-6.4-6.4-12.8-12.8-12.8h-22.4c-6.4 0-12.8 6.4-12.8 12.8v198.4c0 6.4 6.4 12.8 12.8 12.8zm96 0h22.4c6.4 0 12.8-6.4 12.8-12.8V204.8c0-6.4-6.4-12.8-12.8-12.8h-22.4c-6.4 0-12.8 6.4-12.8 12.8v134.4c0 6.4 6.4 12.8 12.8 12.8zM496 400H48V80c0-8.84-7.16-16-16-16H16C7.16 64 0 71.16 0 80v336c0 17.67 14.33 32 32 32h464c8.84 0 16-7.16 16-16v-16c0-8.84-7.16-16-16-16zm-387.2-48h22.4c6.4 0 12.8-6.4 12.8-12.8v-70.4c0-6.4-6.4-12.8-12.8-12.8h-22.4c-6.4 0-12.8 6.4-12.8 12.8v70.4c0 6.4 6.4 12.8 12.8 12.8z\" class=\"\"><\/path><\/svg><\/i> <img src=\"https:\/\/trc.pt\/2020\/wp-content\/plugins\/page-views-count\/ajax-loader.gif\" border=0 \/><\/p>\n<div class=\"pvc_clear\"><\/div>\n<p> \t&nbsp;<\/p>\n<p style=\"text-align: center;\"> \t<span style=\"font-size:16px;\"><strong><span style=\"color: rgb(0, 0, 205);\">DI\u00c1RIO DA REP\u00daBLICA<\/span><\/strong><\/span><\/p>\n<p> \t&nbsp;<\/p>\n<p style=\"text-align: justify;\"> \t<strong>Cinema e audiovisual<a href=\"https:\/\/awr.pt\/trc2020\/wp-content\/uploads\/2014\/05\/0287602879.pdf\" target=\"_blank\" rel=\"noopener noreferrer\"><br \/> \tLei n.\u00ba 28\/2014. <acronym title=\"Di\u00e1rio da Rep\u00fablica\">D.R.<\/acronym> n.\u00ba 95, S\u00e9rie I de 2014-05-19<\/a><\/strong><a href=\"https:\/\/awr.pt\/trc2020\/wp-content\/uploads\/2014\/05\/0287602879.pdf\" target=\"_blank\" rel=\"noopener noreferrer\"> <\/a>&#8211; Introduz altera\u00e7\u00f5es ao diploma que estabelece o papel do Estado no fomento, desenvolvimento e prote\u00e7\u00e3o da arte do cinema e das atividades cinematogr\u00e1ficas e audiovisuais, bem como, ao diploma que regula a liquida\u00e7\u00e3o, cobran\u00e7a, pagamento e a fiscaliza\u00e7\u00e3o das taxas previstas nesse \u00e2mbito.<\/p>\n<p style=\"text-align: justify;\"> \t<strong>Subsistemas de sa\u00fade<a href=\"http:\/\/www.dre.pt\/util\/getpdf.asp?s=dip&amp;serie=1&amp;iddr=2014.95&amp;iddip=20140755\" target=\"_blank\" title=\"Lei n.\u00ba 30\/2014\" rel=\"noopener noreferrer\"><br \/> \tLei n.\u00ba 30\/2014. <acronym title=\"Di\u00e1rio da Rep\u00fablica\">D.R.<\/acronym> n.\u00ba 95, S\u00e9rie I de 2014-05-19<\/a><\/strong> &#8211; Altera o diploma que regula o funcionamento da Dire\u00e7\u00e3o-Geral de Prote\u00e7\u00e3o Social aos Funcion\u00e1rios e Agentes da Administra\u00e7\u00e3o P\u00fablica, o Regime da Assist\u00eancia na Doen\u00e7a ao Pessoal ao Servi\u00e7o da GNR e da PSP e o Regime da Assist\u00eancia na Doen\u00e7a aos Militares das For\u00e7as Armadas.<\/p>\n<p style=\"text-align: justify;\"> \t<strong>Pens\u00f5es<a href=\"http:\/\/www.dre.pt\/util\/getpdf.asp?s=dip&amp;serie=1&amp;iddr=2014.98&amp;iddip=20140771\" target=\"_blank\" title=\"Portaria n.\u00ba 108\/2014\" rel=\"noopener noreferrer\"><br \/> \tPortaria n.\u00ba 108\/2014. <acronym title=\"Di\u00e1rio da Rep\u00fablica\">D.R.<\/acronym> n.\u00ba 98, S\u00e9rie I de 2014-05-22<\/a><\/strong> &#8211; Procede \u00e0 atualiza\u00e7\u00e3o anual das pens\u00f5es por incapacidade permanente para o trabalho e das pens\u00f5es por morte resultantes de doen\u00e7a profissional.<\/p>\n<p style=\"text-align: justify;\"> \t<strong>Seguran\u00e7a e sa\u00fade no trabalho<a href=\"http:\/\/www.dre.pt\/util\/getpdf.asp?s=dip&amp;serie=1&amp;iddr=2014.99&amp;iddip=20140780\" target=\"_blank\" title=\"Portaria n.\u00ba 112\/2014\" rel=\"noopener noreferrer\"><br \/> \tPortaria n.\u00ba 112\/2014. <acronym title=\"Di\u00e1rio da Rep\u00fablica\">D.R.<\/acronym> n.\u00ba 99, S\u00e9rie I de 2014-05-23<\/a><\/strong> &#8211; Regula a presta\u00e7\u00e3o de cuidados de sa\u00fade prim\u00e1rios do trabalho atrav\u00e9s dos agrupamentos de centros de sa\u00fade, de acordo com o disposto no Regime Jur\u00eddico da Promo\u00e7\u00e3o da Seguran\u00e7a e Sa\u00fade no Trabalho.<\/p>\n<p style=\"text-align: justify;\"> \t<strong>Pessoal docente<a href=\"http:\/\/www.dre.pt\/util\/getpdf.asp?s=dip&amp;serie=1&amp;iddr=2014.99S01&amp;iddip=20140783\" target=\"_blank\" title=\"Decreto-Lei n.\u00ba 83-A\/2014\" rel=\"noopener noreferrer\"><br \/> \tDecreto-Lei n.\u00ba 83-A\/2014. <acronym title=\"Di\u00e1rio da Rep\u00fablica\">D.R.<\/acronym> n.\u00ba 99, Suplemento, S\u00e9rie I de 2014-05-23<\/a><\/strong> &#8211; Introduz altera\u00e7\u00f5es ao Regime de Recrutamento e Mobilidade do Pessoal Docente dos ensinos b\u00e1sico e secund\u00e1rio do Minist\u00e9rio da Educa\u00e7\u00e3o e Ci\u00eancia.<\/p>\n<p style=\"text-align: justify;\"> \t<strong>Insolv\u00eancia<a href=\"http:\/\/www.dre.pt\/util\/getpdf.asp?s=dip&amp;serie=1&amp;iddr=2014.95&amp;iddip=20140758\" target=\"_blank\" title=\"Ac\u00f3rd\u00e3o do Supremo Tribunal de Justi\u00e7a n.\u00ba 4\/2014\" rel=\"noopener noreferrer\"><br \/> \tAc\u00f3rd\u00e3o do Supremo Tribunal de Justi\u00e7a n.\u00ba 4\/2014. <acronym title=\"Di\u00e1rio da Rep\u00fablica\">D.R.<\/acronym> n.\u00ba 95, S\u00e9rie I de 2014-05-19<\/a> &#8211; <\/strong>20-mar-2014 &#8211; Uniformiza jurisprud\u00eancia no sentido de que na gradua\u00e7\u00e3o de cr\u00e9ditos em sede de insolv\u00eancia, o promitente-comprador no \u00e2mbito de contrato promessa de compra e venda de im\u00f3vel, com tradi\u00e7\u00e3o da coisa e entrega de sinal, que n\u00e3o obteve o cumprimento do neg\u00f3cio prometido junto do Administrador de insolv\u00eancia, goza de direito de reten\u00e7\u00e3o.<\/p>\n<p style=\"text-align: justify;\"> \t<strong>Contum\u00e1cia<a href=\"http:\/\/www.dre.pt\/util\/getpdf.asp?s=dip&amp;serie=1&amp;iddr=2014.97&amp;iddip=20140766\" target=\"_blank\" title=\"Ac\u00f3rd\u00e3o do Supremo Tribunal de Justi\u00e7a n.\u00ba 5\/2014\" rel=\"noopener noreferrer\"><br \/> \tAc\u00f3rd\u00e3o do Supremo Tribunal de Justi\u00e7a n.\u00ba 5\/2014. <acronym title=\"Di\u00e1rio da Rep\u00fablica\">D.R.<\/acronym> n.\u00ba 97, S\u00e9rie I de 2014-05-21<\/a><\/strong> &#8211; Fixa jurisprud\u00eancia relativa \u00e0 inutilidade do envio de carta rogat\u00f3ria para presta\u00e7\u00e3o de TIR por arguido contumaz residente no estrangeiro, para efeitos de caducidade da declara\u00e7\u00e3o de contum\u00e1cia.<\/p>\n<p style=\"text-align: justify;\"> \t<strong>Acidente de via\u00e7\u00e3o<a href=\"https:\/\/awr.pt\/trc2020\/wp-content\/uploads\/2014\/02\/0292602943.pdf\"><br \/> \tAc. do S.T.J. 6\/2014 de 09-01-2014 (P. 6430\/07.0TBBRG.S1) &#8211; 22-mai-2014 <\/a><\/strong>&#8211; Uniformiza jurisprud\u00eancia quanto \u00e0 interpreta\u00e7\u00e3o dada a normas do C\u00f3digo Civil relativas \u00e0 compensa\u00e7\u00e3o de danos n\u00e3o patrimoniais, emergentes de responsabilidade por factos il\u00edcitos, a atribuir a c\u00f4njuge de v\u00edtima sobrevivente de acidente de via\u00e7\u00e3o.<\/p>\n<p style=\"text-align: justify;\"> \t&nbsp;<\/p>\n<p style=\"text-align: justify;\"> \t&nbsp;<\/p>\n<p style=\"text-align: justify;\"> \t&nbsp;<\/p>\n<p> \t&nbsp;<\/p>\n","protected":false},"excerpt":{"rendered":"<div class=\"pvc_clear\"><\/div>\n<p id=\"pvc_stats_32388\" class=\"pvc_stats all  \" data-element-id=\"32388\" style=\"\"><i class=\"pvc-stats-icon small\" aria-hidden=\"true\"><svg aria-hidden=\"true\" focusable=\"false\" data-prefix=\"far\" data-icon=\"chart-bar\" role=\"img\" xmlns=\"http:\/\/www.w3.org\/2000\/svg\" viewBox=\"0 0 512 512\" class=\"svg-inline--fa fa-chart-bar fa-w-16 fa-2x\"><path fill=\"currentColor\" d=\"M396.8 352h22.4c6.4 0 12.8-6.4 12.8-12.8V108.8c0-6.4-6.4-12.8-12.8-12.8h-22.4c-6.4 0-12.8 6.4-12.8 12.8v230.4c0 6.4 6.4 12.8 12.8 12.8zm-192 0h22.4c6.4 0 12.8-6.4 12.8-12.8V140.8c0-6.4-6.4-12.8-12.8-12.8h-22.4c-6.4 0-12.8 6.4-12.8 12.8v198.4c0 6.4 6.4 12.8 12.8 12.8zm96 0h22.4c6.4 0 12.8-6.4 12.8-12.8V204.8c0-6.4-6.4-12.8-12.8-12.8h-22.4c-6.4 0-12.8 6.4-12.8 12.8v134.4c0 6.4 6.4 12.8 12.8 12.8zM496 400H48V80c0-8.84-7.16-16-16-16H16C7.16 64 0 71.16 0 80v336c0 17.67 14.33 32 32 32h464c8.84 0 16-7.16 16-16v-16c0-8.84-7.16-16-16-16zm-387.2-48h22.4c6.4 0 12.8-6.4 12.8-12.8v-70.4c0-6.4-6.4-12.8-12.8-12.8h-22.4c-6.4 0-12.8 6.4-12.8 12.8v70.4c0 6.4 6.4 12.8 12.8 12.8z\" class=\"\"><\/path><\/svg><\/i> <img src=\"https:\/\/trc.pt\/2020\/wp-content\/plugins\/page-views-count\/ajax-loader.gif\" border=0 \/><\/p>\n<div class=\"pvc_clear\"><\/div>\n<p>&nbsp; DI\u00c1RIO DA REP\u00daBLICA &nbsp; Cinema e audiovisual Lei n.\u00ba 28\/2014. D.R. n.\u00ba 95, S\u00e9rie I de 2014-05-19 &#8211; Introduz<\/p>\n","protected":false},"author":1,"featured_media":0,"comment_status":"open","ping_status":"open","sticky":false,"template":"","format":"standard","meta":[],"categories":[243],"tags":[],"_links":{"self":[{"href":"https:\/\/trc.pt\/2020\/wp-json\/wp\/v2\/posts\/32388"}],"collection":[{"href":"https:\/\/trc.pt\/2020\/wp-json\/wp\/v2\/posts"}],"about":[{"href":"https:\/\/trc.pt\/2020\/wp-json\/wp\/v2\/types\/post"}],"author":[{"embeddable":true,"href":"https:\/\/trc.pt\/2020\/wp-json\/wp\/v2\/users\/1"}],"replies":[{"embeddable":true,"href":"https:\/\/trc.pt\/2020\/wp-json\/wp\/v2\/comments?post=32388"}],"version-history":[{"count":0,"href":"https:\/\/trc.pt\/2020\/wp-json\/wp\/v2\/posts\/32388\/revisions"}],"wp:attachment":[{"href":"https:\/\/trc.pt\/2020\/wp-json\/wp\/v2\/media?parent=32388"}],"wp:term":[{"taxonomy":"category","embeddable":true,"href":"https:\/\/trc.pt\/2020\/wp-json\/wp\/v2\/categories?post=32388"},{"taxonomy":"post_tag","embeddable":true,"href":"https:\/\/trc.pt\/2020\/wp-json\/wp\/v2\/tags?post=32388"}],"curies":[{"name":"wp","href":"https:\/\/api.w.org\/{rel}","templated":true}]}}