{"id":32387,"date":"2014-06-06T11:34:51","date_gmt":"2014-06-06T11:34:51","guid":{"rendered":"https:\/\/trc.pt\/\/2014\/06\/06\/chapa-de-matricula-falsificacao-de-documento-dolo-especifico\/"},"modified":"2014-06-06T11:34:51","modified_gmt":"2014-06-06T11:34:51","slug":"chapa-de-matricula-falsificacao-de-documento-dolo-especifico","status":"publish","type":"post","link":"https:\/\/trc.pt\/2020\/chapa-de-matricula-falsificacao-de-documento-dolo-especifico\/","title":{"rendered":"Chapa de matr\u00edcula. Falsifica\u00e7\u00e3o de documento. Dolo espec\u00edfico"},"content":{"rendered":"<div class=\"pvc_clear\"><\/div>\n<p id=\"pvc_stats_32387\" class=\"pvc_stats all  \" data-element-id=\"32387\" style=\"\"><i class=\"pvc-stats-icon small\" aria-hidden=\"true\"><svg aria-hidden=\"true\" focusable=\"false\" data-prefix=\"far\" data-icon=\"chart-bar\" role=\"img\" xmlns=\"http:\/\/www.w3.org\/2000\/svg\" viewBox=\"0 0 512 512\" class=\"svg-inline--fa fa-chart-bar fa-w-16 fa-2x\"><path fill=\"currentColor\" d=\"M396.8 352h22.4c6.4 0 12.8-6.4 12.8-12.8V108.8c0-6.4-6.4-12.8-12.8-12.8h-22.4c-6.4 0-12.8 6.4-12.8 12.8v230.4c0 6.4 6.4 12.8 12.8 12.8zm-192 0h22.4c6.4 0 12.8-6.4 12.8-12.8V140.8c0-6.4-6.4-12.8-12.8-12.8h-22.4c-6.4 0-12.8 6.4-12.8 12.8v198.4c0 6.4 6.4 12.8 12.8 12.8zm96 0h22.4c6.4 0 12.8-6.4 12.8-12.8V204.8c0-6.4-6.4-12.8-12.8-12.8h-22.4c-6.4 0-12.8 6.4-12.8 12.8v134.4c0 6.4 6.4 12.8 12.8 12.8zM496 400H48V80c0-8.84-7.16-16-16-16H16C7.16 64 0 71.16 0 80v336c0 17.67 14.33 32 32 32h464c8.84 0 16-7.16 16-16v-16c0-8.84-7.16-16-16-16zm-387.2-48h22.4c6.4 0 12.8-6.4 12.8-12.8v-70.4c0-6.4-6.4-12.8-12.8-12.8h-22.4c-6.4 0-12.8 6.4-12.8 12.8v70.4c0 6.4 6.4 12.8 12.8 12.8z\" class=\"\"><\/path><\/svg><\/i> <img src=\"https:\/\/trc.pt\/2020\/wp-content\/plugins\/page-views-count\/ajax-loader.gif\" border=0 \/><\/p>\n<div class=\"pvc_clear\"><\/div>\n<p style=\"text-align: justify;\"> \t<strong>CHAPA DE MATR\u00cdCULA. FALSIFICA\u00c7\u00c3O DE DOCUMENTO. DOLO ESPEC\u00cdFICO<br \/> \tRECURSO CRIMINAL N\u00ba<\/strong> 209\/13.7GAFCR-A.C1<br \/> \t<strong>Relator: <\/strong>VASQUES OS\u00d3RIO<br \/> \t<strong>Data do Acord\u00e3o:<\/strong> 28-05-2014<br \/> \t<strong>Tribunal:<\/strong> TRIBUNAL JUDICIAL DA COMARCA DE FIGUEIRA DE CASTELO RODRIGO A<br \/> \t<strong>Legisla\u00e7\u00e3o:<\/strong> ARTIGO 256\u00ba N\u00ba 1 CP<br \/> \t<strong>Sum\u00e1rio: <\/strong><\/p>\n<ol>\n<li style=\"text-align: justify;\"> \t\tA chapa de matr\u00edcula de um ciclomotor \u00e9, para efeitos penais, um documento;<\/li>\n<li style=\"text-align: justify;\"> \t\tS\u00e3o elementos constitutivos do tipo base da falsifica\u00e7\u00e3o ou contrafa\u00e7\u00e3o de documento (art. 256\u00ba, n\u00ba 1 do C. Penal): [Tipo objetivo] &#8211; Que o agente, a) fabrique ou elabore documento falso, b) falsifique ou altere documento, c) abuse da assinatura de outra pessoa para falsificar ou contrafazer documento, d) fa\u00e7a constar falsamente de documento facto juridicamente relevante, e) use documento falsificado ou contrafeito, f) por qualquer meio, faculte ou detenha documento falsificado ou contrafeito;<br \/> \t\t[Tipo subjetivo] &#8211; O dolo gen\u00e9rico, o conhecimento e vontade de praticar o facto, com consci\u00eancia da sua censurabilidade; &#8211; O dolo espec\u00edfico, a inten\u00e7\u00e3o de causar preju\u00edzo a terceiro, de obter para si ou outra para pessoa benef\u00edcio ileg\u00edtimo, ou de preparar, facilitar, executar ou encobrir outro crime.<\/li>\n<li style=\"text-align: justify;\"> \t\tN\u00e3o basta que conste da acusa\u00e7\u00e3o que o agente agiu com inten\u00e7\u00e3o de causar preju\u00edzo ou de obter um benef\u00edcio ileg\u00edtimo, para nela se ter por contemplado o dolo espec\u00edfico do crime em quest\u00e3o. Esta f\u00f3rmula traduz apenas e s\u00f3 um ju\u00edzo conclusivo, cuja validade de imputa\u00e7\u00e3o fica dependente da possibilidade de ser densificado atrav\u00e9s de outros factos constantes da acusa\u00e7\u00e3o.<\/li>\n<li style=\"text-align: justify;\"> \t\tTendo o arguido colocado no ve\u00edculo uma outra chapa que n\u00e3o correspondia \u00e0 matr\u00edcula atribu\u00edda \u00e0quele ve\u00edculo, o benef\u00edcio ileg\u00edtimo visado pelo arguido foi o de circular com o ciclomotor na via p\u00fablica, circula\u00e7\u00e3o que n\u00e3o podia fazer com aquela chapa, posto que n\u00e3o se encontra matriculado, traduzindo-se o engano das autoridades num mero pressuposto para alcan\u00e7ar aquele benef\u00edcio.<\/li>\n<\/ol>\n<p style=\"text-align: justify;\"> \t<a href=\"http:\/\/www.dgsi.pt\/jtrc.nsf\/8fe0e606d8f56b22802576c0005637dc\/41ed90f79ac97d3980257cee003261b0?OpenDocument\" target=\"_blank\" rel=\"noopener noreferrer\">Consultar texto integral<br \/> \t<\/a><\/p>\n","protected":false},"excerpt":{"rendered":"<div class=\"pvc_clear\"><\/div>\n<p id=\"pvc_stats_32387\" class=\"pvc_stats all  \" data-element-id=\"32387\" style=\"\"><i class=\"pvc-stats-icon small\" aria-hidden=\"true\"><svg aria-hidden=\"true\" focusable=\"false\" data-prefix=\"far\" data-icon=\"chart-bar\" role=\"img\" xmlns=\"http:\/\/www.w3.org\/2000\/svg\" viewBox=\"0 0 512 512\" class=\"svg-inline--fa fa-chart-bar fa-w-16 fa-2x\"><path fill=\"currentColor\" d=\"M396.8 352h22.4c6.4 0 12.8-6.4 12.8-12.8V108.8c0-6.4-6.4-12.8-12.8-12.8h-22.4c-6.4 0-12.8 6.4-12.8 12.8v230.4c0 6.4 6.4 12.8 12.8 12.8zm-192 0h22.4c6.4 0 12.8-6.4 12.8-12.8V140.8c0-6.4-6.4-12.8-12.8-12.8h-22.4c-6.4 0-12.8 6.4-12.8 12.8v198.4c0 6.4 6.4 12.8 12.8 12.8zm96 0h22.4c6.4 0 12.8-6.4 12.8-12.8V204.8c0-6.4-6.4-12.8-12.8-12.8h-22.4c-6.4 0-12.8 6.4-12.8 12.8v134.4c0 6.4 6.4 12.8 12.8 12.8zM496 400H48V80c0-8.84-7.16-16-16-16H16C7.16 64 0 71.16 0 80v336c0 17.67 14.33 32 32 32h464c8.84 0 16-7.16 16-16v-16c0-8.84-7.16-16-16-16zm-387.2-48h22.4c6.4 0 12.8-6.4 12.8-12.8v-70.4c0-6.4-6.4-12.8-12.8-12.8h-22.4c-6.4 0-12.8 6.4-12.8 12.8v70.4c0 6.4 6.4 12.8 12.8 12.8z\" class=\"\"><\/path><\/svg><\/i> <img src=\"https:\/\/trc.pt\/2020\/wp-content\/plugins\/page-views-count\/ajax-loader.gif\" border=0 \/><\/p>\n<div class=\"pvc_clear\"><\/div>\n<p>CHAPA DE MATR\u00cdCULA. FALSIFICA\u00c7\u00c3O DE DOCUMENTO. DOLO ESPEC\u00cdFICO RECURSO CRIMINAL N\u00ba 209\/13.7GAFCR-A.C1 Relator: VASQUES OS\u00d3RIO Data do Acord\u00e3o: 28-05-2014 Tribunal:<\/p>\n","protected":false},"author":37,"featured_media":0,"comment_status":"open","ping_status":"open","sticky":false,"template":"","format":"standard","meta":[],"categories":[231],"tags":[],"_links":{"self":[{"href":"https:\/\/trc.pt\/2020\/wp-json\/wp\/v2\/posts\/32387"}],"collection":[{"href":"https:\/\/trc.pt\/2020\/wp-json\/wp\/v2\/posts"}],"about":[{"href":"https:\/\/trc.pt\/2020\/wp-json\/wp\/v2\/types\/post"}],"author":[{"embeddable":true,"href":"https:\/\/trc.pt\/2020\/wp-json\/wp\/v2\/users\/37"}],"replies":[{"embeddable":true,"href":"https:\/\/trc.pt\/2020\/wp-json\/wp\/v2\/comments?post=32387"}],"version-history":[{"count":0,"href":"https:\/\/trc.pt\/2020\/wp-json\/wp\/v2\/posts\/32387\/revisions"}],"wp:attachment":[{"href":"https:\/\/trc.pt\/2020\/wp-json\/wp\/v2\/media?parent=32387"}],"wp:term":[{"taxonomy":"category","embeddable":true,"href":"https:\/\/trc.pt\/2020\/wp-json\/wp\/v2\/categories?post=32387"},{"taxonomy":"post_tag","embeddable":true,"href":"https:\/\/trc.pt\/2020\/wp-json\/wp\/v2\/tags?post=32387"}],"curies":[{"name":"wp","href":"https:\/\/api.w.org\/{rel}","templated":true}]}}