{"id":32382,"date":"2014-06-04T11:22:13","date_gmt":"2014-06-04T11:22:13","guid":{"rendered":"https:\/\/trc.pt\/\/2014\/06\/04\/acidente-de-viacao-direccao-efectiva-de-viatura-garagista-responsabilidade-falta-contrato-de-seguro-fga\/"},"modified":"2014-06-04T11:22:13","modified_gmt":"2014-06-04T11:22:13","slug":"acidente-de-viacao-direccao-efectiva-de-viatura-garagista-responsabilidade-falta-contrato-de-seguro-fga","status":"publish","type":"post","link":"https:\/\/trc.pt\/2020\/acidente-de-viacao-direccao-efectiva-de-viatura-garagista-responsabilidade-falta-contrato-de-seguro-fga\/","title":{"rendered":"Acidente de via\u00e7\u00e3o. Direc\u00e7\u00e3o efectiva de viatura. Garagista. Responsabilidade. Falta. Contrato de seguro. Fga"},"content":{"rendered":"<div class=\"pvc_clear\"><\/div>\n<p id=\"pvc_stats_32382\" class=\"pvc_stats all  \" data-element-id=\"32382\" style=\"\"><i class=\"pvc-stats-icon small\" aria-hidden=\"true\"><svg aria-hidden=\"true\" focusable=\"false\" data-prefix=\"far\" data-icon=\"chart-bar\" role=\"img\" xmlns=\"http:\/\/www.w3.org\/2000\/svg\" viewBox=\"0 0 512 512\" class=\"svg-inline--fa fa-chart-bar fa-w-16 fa-2x\"><path fill=\"currentColor\" d=\"M396.8 352h22.4c6.4 0 12.8-6.4 12.8-12.8V108.8c0-6.4-6.4-12.8-12.8-12.8h-22.4c-6.4 0-12.8 6.4-12.8 12.8v230.4c0 6.4 6.4 12.8 12.8 12.8zm-192 0h22.4c6.4 0 12.8-6.4 12.8-12.8V140.8c0-6.4-6.4-12.8-12.8-12.8h-22.4c-6.4 0-12.8 6.4-12.8 12.8v198.4c0 6.4 6.4 12.8 12.8 12.8zm96 0h22.4c6.4 0 12.8-6.4 12.8-12.8V204.8c0-6.4-6.4-12.8-12.8-12.8h-22.4c-6.4 0-12.8 6.4-12.8 12.8v134.4c0 6.4 6.4 12.8 12.8 12.8zM496 400H48V80c0-8.84-7.16-16-16-16H16C7.16 64 0 71.16 0 80v336c0 17.67 14.33 32 32 32h464c8.84 0 16-7.16 16-16v-16c0-8.84-7.16-16-16-16zm-387.2-48h22.4c6.4 0 12.8-6.4 12.8-12.8v-70.4c0-6.4-6.4-12.8-12.8-12.8h-22.4c-6.4 0-12.8 6.4-12.8 12.8v70.4c0 6.4 6.4 12.8 12.8 12.8z\" class=\"\"><\/path><\/svg><\/i> <img src=\"https:\/\/trc.pt\/2020\/wp-content\/plugins\/page-views-count\/ajax-loader.gif\" border=0 \/><\/p>\n<div class=\"pvc_clear\"><\/div>\n<p style=\"text-align: justify;\"> \t<strong>ACIDENTE DE VIA\u00c7\u00c3O. DIREC\u00c7\u00c3O EFECTIVA DE VIATURA. GARAGISTA. RESPONSABILIDADE. FALTA. CONTRATO DE SEGURO. FGA<br \/> \tAPELA\u00c7\u00c3O N\u00ba<\/strong> 1473\/10.9TBVIS.C1<br \/> \t<strong>Relator: <\/strong>MARIA DOMINGAS SIM\u00d5ES<br \/> \t<strong>Data do Acord\u00e3o: <\/strong>27-05-2014<br \/> \t<strong>Tribunal: <\/strong>TRIBUNAL JUDICIAL DE VISEU, 1\u00ba J C\u00cdVEL<br \/> \t<strong>Legisla\u00e7\u00e3o: <\/strong>ARTIGOS 483\u00ba E 506\u00ba N\u00ba 1 DO CC, DL 522\/85, DE 31 DE DEZEMBRO<br \/> \t<strong>Sum\u00e1rio:<\/strong><\/p>\n<ol>\n<li style=\"text-align: justify;\"> \t\tNo dom\u00ednio da vig\u00eancia do DL 522\/85, de 31 de Dezembro, se no momento da ocorr\u00eancia do acidente o ve\u00edculo entregue para repara\u00e7\u00e3o \u00e9 conduzido pelo garagista -por si ou por interm\u00e9dio de um seu comiss\u00e1rio- \u00e9 aquele que tem a sua direc\u00e7\u00e3o efectiva e n\u00e3o o respectivo dono;<\/li>\n<li style=\"text-align: justify;\"> \t\tSendo o garagista sujeito da obriga\u00e7\u00e3o de indemnizar, n\u00e3o tendo celebrado contrato de seguro, reca\u00edmos no \u00e2mbito da previs\u00e3o do art.\u00ba 21.\u00ba do DL 522\/85, competindo ao FGA a satisfa\u00e7\u00e3o da indemniza\u00e7\u00e3o que for devida, dada a inexist\u00eancia de seguro v\u00e1lido.<\/li>\n<\/ol>\n<p style=\"text-align: justify;\"> \t<a href=\"http:\/\/www.dgsi.pt\/jtrc.nsf\/8fe0e606d8f56b22802576c0005637dc\/eb1587562d78bd8580257ced003a7478?OpenDocument\" target=\"_blank\" rel=\"noopener noreferrer\">Consultar texto integral<br \/> \t<\/a><\/p>\n","protected":false},"excerpt":{"rendered":"<div class=\"pvc_clear\"><\/div>\n<p id=\"pvc_stats_32382\" class=\"pvc_stats all  \" data-element-id=\"32382\" style=\"\"><i class=\"pvc-stats-icon small\" aria-hidden=\"true\"><svg aria-hidden=\"true\" focusable=\"false\" data-prefix=\"far\" data-icon=\"chart-bar\" role=\"img\" xmlns=\"http:\/\/www.w3.org\/2000\/svg\" viewBox=\"0 0 512 512\" class=\"svg-inline--fa fa-chart-bar fa-w-16 fa-2x\"><path fill=\"currentColor\" d=\"M396.8 352h22.4c6.4 0 12.8-6.4 12.8-12.8V108.8c0-6.4-6.4-12.8-12.8-12.8h-22.4c-6.4 0-12.8 6.4-12.8 12.8v230.4c0 6.4 6.4 12.8 12.8 12.8zm-192 0h22.4c6.4 0 12.8-6.4 12.8-12.8V140.8c0-6.4-6.4-12.8-12.8-12.8h-22.4c-6.4 0-12.8 6.4-12.8 12.8v198.4c0 6.4 6.4 12.8 12.8 12.8zm96 0h22.4c6.4 0 12.8-6.4 12.8-12.8V204.8c0-6.4-6.4-12.8-12.8-12.8h-22.4c-6.4 0-12.8 6.4-12.8 12.8v134.4c0 6.4 6.4 12.8 12.8 12.8zM496 400H48V80c0-8.84-7.16-16-16-16H16C7.16 64 0 71.16 0 80v336c0 17.67 14.33 32 32 32h464c8.84 0 16-7.16 16-16v-16c0-8.84-7.16-16-16-16zm-387.2-48h22.4c6.4 0 12.8-6.4 12.8-12.8v-70.4c0-6.4-6.4-12.8-12.8-12.8h-22.4c-6.4 0-12.8 6.4-12.8 12.8v70.4c0 6.4 6.4 12.8 12.8 12.8z\" class=\"\"><\/path><\/svg><\/i> <img src=\"https:\/\/trc.pt\/2020\/wp-content\/plugins\/page-views-count\/ajax-loader.gif\" border=0 \/><\/p>\n<div class=\"pvc_clear\"><\/div>\n<p>ACIDENTE DE VIA\u00c7\u00c3O. DIREC\u00c7\u00c3O EFECTIVA DE VIATURA. GARAGISTA. RESPONSABILIDADE. FALTA. CONTRATO DE SEGURO. FGA APELA\u00c7\u00c3O N\u00ba 1473\/10.9TBVIS.C1 Relator: MARIA DOMINGAS<\/p>\n","protected":false},"author":37,"featured_media":0,"comment_status":"open","ping_status":"open","sticky":false,"template":"","format":"standard","meta":[],"categories":[229],"tags":[],"_links":{"self":[{"href":"https:\/\/trc.pt\/2020\/wp-json\/wp\/v2\/posts\/32382"}],"collection":[{"href":"https:\/\/trc.pt\/2020\/wp-json\/wp\/v2\/posts"}],"about":[{"href":"https:\/\/trc.pt\/2020\/wp-json\/wp\/v2\/types\/post"}],"author":[{"embeddable":true,"href":"https:\/\/trc.pt\/2020\/wp-json\/wp\/v2\/users\/37"}],"replies":[{"embeddable":true,"href":"https:\/\/trc.pt\/2020\/wp-json\/wp\/v2\/comments?post=32382"}],"version-history":[{"count":0,"href":"https:\/\/trc.pt\/2020\/wp-json\/wp\/v2\/posts\/32382\/revisions"}],"wp:attachment":[{"href":"https:\/\/trc.pt\/2020\/wp-json\/wp\/v2\/media?parent=32382"}],"wp:term":[{"taxonomy":"category","embeddable":true,"href":"https:\/\/trc.pt\/2020\/wp-json\/wp\/v2\/categories?post=32382"},{"taxonomy":"post_tag","embeddable":true,"href":"https:\/\/trc.pt\/2020\/wp-json\/wp\/v2\/tags?post=32382"}],"curies":[{"name":"wp","href":"https:\/\/api.w.org\/{rel}","templated":true}]}}