{"id":32380,"date":"2014-06-04T11:16:59","date_gmt":"2014-06-04T11:16:59","guid":{"rendered":"https:\/\/trc.pt\/\/2014\/06\/04\/advogado-estagiario-confissao-de-divida\/"},"modified":"2014-06-04T11:16:59","modified_gmt":"2014-06-04T11:16:59","slug":"advogado-estagiario-confissao-de-divida","status":"publish","type":"post","link":"https:\/\/trc.pt\/2020\/advogado-estagiario-confissao-de-divida\/","title":{"rendered":"Advogado-estagi\u00e1rio. Confiss\u00e3o de d\u00edvida"},"content":{"rendered":"<div class=\"pvc_clear\"><\/div>\n<p id=\"pvc_stats_32380\" class=\"pvc_stats all  \" data-element-id=\"32380\" style=\"\"><i class=\"pvc-stats-icon small\" aria-hidden=\"true\"><svg aria-hidden=\"true\" focusable=\"false\" data-prefix=\"far\" data-icon=\"chart-bar\" role=\"img\" xmlns=\"http:\/\/www.w3.org\/2000\/svg\" viewBox=\"0 0 512 512\" class=\"svg-inline--fa fa-chart-bar fa-w-16 fa-2x\"><path fill=\"currentColor\" d=\"M396.8 352h22.4c6.4 0 12.8-6.4 12.8-12.8V108.8c0-6.4-6.4-12.8-12.8-12.8h-22.4c-6.4 0-12.8 6.4-12.8 12.8v230.4c0 6.4 6.4 12.8 12.8 12.8zm-192 0h22.4c6.4 0 12.8-6.4 12.8-12.8V140.8c0-6.4-6.4-12.8-12.8-12.8h-22.4c-6.4 0-12.8 6.4-12.8 12.8v198.4c0 6.4 6.4 12.8 12.8 12.8zm96 0h22.4c6.4 0 12.8-6.4 12.8-12.8V204.8c0-6.4-6.4-12.8-12.8-12.8h-22.4c-6.4 0-12.8 6.4-12.8 12.8v134.4c0 6.4 6.4 12.8 12.8 12.8zM496 400H48V80c0-8.84-7.16-16-16-16H16C7.16 64 0 71.16 0 80v336c0 17.67 14.33 32 32 32h464c8.84 0 16-7.16 16-16v-16c0-8.84-7.16-16-16-16zm-387.2-48h22.4c6.4 0 12.8-6.4 12.8-12.8v-70.4c0-6.4-6.4-12.8-12.8-12.8h-22.4c-6.4 0-12.8 6.4-12.8 12.8v70.4c0 6.4 6.4 12.8 12.8 12.8z\" class=\"\"><\/path><\/svg><\/i> <img src=\"https:\/\/trc.pt\/2020\/wp-content\/plugins\/page-views-count\/ajax-loader.gif\" border=0 \/><\/p>\n<div class=\"pvc_clear\"><\/div>\n<p style=\"text-align: justify;\"> \t<strong>ADVOGADO-ESTAGI\u00c1RIO. CONFISS\u00c3O DE D\u00cdVIDA<br \/> \tAPELA\u00c7\u00c3O N\u00ba<\/strong> 117\/14.4TJCBR.C1<br \/> \t<strong>Relator: <\/strong>JACINTO MECA<br \/> \t<strong>Data do Acord\u00e3o:<\/strong> 27-05-2014<br \/> \t<strong>Tribunal: <\/strong>JU\u00cdZOS C\u00cdVEIS DE COIMBRA \u2013 4\u00ba JU\u00cdZO C\u00cdVEL<br \/> \t<strong>Legisla\u00e7\u00e3o:<\/strong> ART\u00baS 363\u00ba, N\u00ba 3 DO C.CIVIL; 38\u00ba DO D.L. N\u00ba 76-A\/2006, DE 29\/03.<br \/> \t<strong>Sum\u00e1rio: <\/strong><\/p>\n<ol>\n<li style=\"text-align: justify;\"> \t\tO artigo 38\u00ba do DL n\u00ba 76-A\/2006, de 29\/03, indica de modo taxativo as entidades que podem, no respeito pelas leis notariais, reconhecer assinaturas, autenticar documentos particulares e tradu\u00e7\u00f5es.<\/li>\n<li style=\"text-align: justify;\"> \t\t\u00c9 inaplic\u00e1vel o disposto na al\u00ednea a) do n\u00ba 1 do artigo 189\u00ba do EOA na medida em que a pr\u00e1tica dos actos, por advogado\u2013estagi\u00e1rio, que a lei acomete aos solicitadores, \u00e9 supervisionada e orientada pelo respectivo patrono.<\/li>\n<li style=\"text-align: justify;\"> \t\tA autentica\u00e7\u00e3o de documento de confiss\u00e3o de d\u00edvida feita por advogado\u2013estagi\u00e1rio viola o disposto no artigo 38\u00ba do DL n\u00ba 76-A\/2006, de 29.3, e o n\u00ba 3 do artigo 363\u00ba do CC, este na interpreta\u00e7\u00e3o de que para al\u00e9m dos Not\u00e1rios as entidades taxativamente enunciadas naquele decreto-lei t\u00eam id\u00eanticas compet\u00eancias em sede de reconhecimentos e autentica\u00e7\u00e3o no respeito pelas leis notariais.<\/li>\n<\/ol>\n<p style=\"text-align: justify;\"> \t<a href=\"http:\/\/www.dgsi.pt\/jtrc.nsf\/8fe0e606d8f56b22802576c0005637dc\/d75f0ece5909b21280257ced00389fc3?OpenDocument\" target=\"_blank\" rel=\"noopener noreferrer\">Consultar texto integral<br \/> \t<\/a><\/p>\n","protected":false},"excerpt":{"rendered":"<div class=\"pvc_clear\"><\/div>\n<p id=\"pvc_stats_32380\" class=\"pvc_stats all  \" data-element-id=\"32380\" style=\"\"><i class=\"pvc-stats-icon small\" aria-hidden=\"true\"><svg aria-hidden=\"true\" focusable=\"false\" data-prefix=\"far\" data-icon=\"chart-bar\" role=\"img\" xmlns=\"http:\/\/www.w3.org\/2000\/svg\" viewBox=\"0 0 512 512\" class=\"svg-inline--fa fa-chart-bar fa-w-16 fa-2x\"><path fill=\"currentColor\" d=\"M396.8 352h22.4c6.4 0 12.8-6.4 12.8-12.8V108.8c0-6.4-6.4-12.8-12.8-12.8h-22.4c-6.4 0-12.8 6.4-12.8 12.8v230.4c0 6.4 6.4 12.8 12.8 12.8zm-192 0h22.4c6.4 0 12.8-6.4 12.8-12.8V140.8c0-6.4-6.4-12.8-12.8-12.8h-22.4c-6.4 0-12.8 6.4-12.8 12.8v198.4c0 6.4 6.4 12.8 12.8 12.8zm96 0h22.4c6.4 0 12.8-6.4 12.8-12.8V204.8c0-6.4-6.4-12.8-12.8-12.8h-22.4c-6.4 0-12.8 6.4-12.8 12.8v134.4c0 6.4 6.4 12.8 12.8 12.8zM496 400H48V80c0-8.84-7.16-16-16-16H16C7.16 64 0 71.16 0 80v336c0 17.67 14.33 32 32 32h464c8.84 0 16-7.16 16-16v-16c0-8.84-7.16-16-16-16zm-387.2-48h22.4c6.4 0 12.8-6.4 12.8-12.8v-70.4c0-6.4-6.4-12.8-12.8-12.8h-22.4c-6.4 0-12.8 6.4-12.8 12.8v70.4c0 6.4 6.4 12.8 12.8 12.8z\" class=\"\"><\/path><\/svg><\/i> <img src=\"https:\/\/trc.pt\/2020\/wp-content\/plugins\/page-views-count\/ajax-loader.gif\" border=0 \/><\/p>\n<div class=\"pvc_clear\"><\/div>\n<p>ADVOGADO-ESTAGI\u00c1RIO. CONFISS\u00c3O DE D\u00cdVIDA APELA\u00c7\u00c3O N\u00ba 117\/14.4TJCBR.C1 Relator: JACINTO MECA Data do Acord\u00e3o: 27-05-2014 Tribunal: JU\u00cdZOS C\u00cdVEIS DE COIMBRA \u2013<\/p>\n","protected":false},"author":37,"featured_media":0,"comment_status":"open","ping_status":"open","sticky":false,"template":"","format":"standard","meta":[],"categories":[229],"tags":[],"_links":{"self":[{"href":"https:\/\/trc.pt\/2020\/wp-json\/wp\/v2\/posts\/32380"}],"collection":[{"href":"https:\/\/trc.pt\/2020\/wp-json\/wp\/v2\/posts"}],"about":[{"href":"https:\/\/trc.pt\/2020\/wp-json\/wp\/v2\/types\/post"}],"author":[{"embeddable":true,"href":"https:\/\/trc.pt\/2020\/wp-json\/wp\/v2\/users\/37"}],"replies":[{"embeddable":true,"href":"https:\/\/trc.pt\/2020\/wp-json\/wp\/v2\/comments?post=32380"}],"version-history":[{"count":0,"href":"https:\/\/trc.pt\/2020\/wp-json\/wp\/v2\/posts\/32380\/revisions"}],"wp:attachment":[{"href":"https:\/\/trc.pt\/2020\/wp-json\/wp\/v2\/media?parent=32380"}],"wp:term":[{"taxonomy":"category","embeddable":true,"href":"https:\/\/trc.pt\/2020\/wp-json\/wp\/v2\/categories?post=32380"},{"taxonomy":"post_tag","embeddable":true,"href":"https:\/\/trc.pt\/2020\/wp-json\/wp\/v2\/tags?post=32380"}],"curies":[{"name":"wp","href":"https:\/\/api.w.org\/{rel}","templated":true}]}}