{"id":32372,"date":"2014-06-03T14:01:54","date_gmt":"2014-06-03T14:01:54","guid":{"rendered":"https:\/\/trc.pt\/\/2014\/06\/03\/taxa-de-justica-calculo-dispensa-pagamento-remanescente\/"},"modified":"2014-06-03T14:01:54","modified_gmt":"2014-06-03T14:01:54","slug":"taxa-de-justica-calculo-dispensa-pagamento-remanescente","status":"publish","type":"post","link":"https:\/\/trc.pt\/2020\/taxa-de-justica-calculo-dispensa-pagamento-remanescente\/","title":{"rendered":"Taxa de justi\u00e7a. C\u00e1lculo. Dispensa. Pagamento. Remanescente"},"content":{"rendered":"<div class=\"pvc_clear\"><\/div>\n<p id=\"pvc_stats_32372\" class=\"pvc_stats all  \" data-element-id=\"32372\" style=\"\"><i class=\"pvc-stats-icon small\" aria-hidden=\"true\"><svg aria-hidden=\"true\" focusable=\"false\" data-prefix=\"far\" data-icon=\"chart-bar\" role=\"img\" xmlns=\"http:\/\/www.w3.org\/2000\/svg\" viewBox=\"0 0 512 512\" class=\"svg-inline--fa fa-chart-bar fa-w-16 fa-2x\"><path fill=\"currentColor\" d=\"M396.8 352h22.4c6.4 0 12.8-6.4 12.8-12.8V108.8c0-6.4-6.4-12.8-12.8-12.8h-22.4c-6.4 0-12.8 6.4-12.8 12.8v230.4c0 6.4 6.4 12.8 12.8 12.8zm-192 0h22.4c6.4 0 12.8-6.4 12.8-12.8V140.8c0-6.4-6.4-12.8-12.8-12.8h-22.4c-6.4 0-12.8 6.4-12.8 12.8v198.4c0 6.4 6.4 12.8 12.8 12.8zm96 0h22.4c6.4 0 12.8-6.4 12.8-12.8V204.8c0-6.4-6.4-12.8-12.8-12.8h-22.4c-6.4 0-12.8 6.4-12.8 12.8v134.4c0 6.4 6.4 12.8 12.8 12.8zM496 400H48V80c0-8.84-7.16-16-16-16H16C7.16 64 0 71.16 0 80v336c0 17.67 14.33 32 32 32h464c8.84 0 16-7.16 16-16v-16c0-8.84-7.16-16-16-16zm-387.2-48h22.4c6.4 0 12.8-6.4 12.8-12.8v-70.4c0-6.4-6.4-12.8-12.8-12.8h-22.4c-6.4 0-12.8 6.4-12.8 12.8v70.4c0 6.4 6.4 12.8 12.8 12.8z\" class=\"\"><\/path><\/svg><\/i> <img src=\"https:\/\/trc.pt\/2020\/wp-content\/plugins\/page-views-count\/ajax-loader.gif\" border=0 \/><\/p>\n<div class=\"pvc_clear\"><\/div>\n<p style=\"text-align: justify;\"> \t<strong>TAXA DE JUSTI\u00c7A. C\u00c1LCULO. DISPENSA. PAGAMENTO. REMANESCENTE<br \/> \tAPELA\u00c7\u00c3O N\u00ba<\/strong> 2045\/09.6T2AVR-B.C2<br \/> \t<strong>Relator: <\/strong>MARIA DOMINGAS SIM\u00d5ES<br \/> \t<strong>Data do Acord\u00e3o: <\/strong>29-04-2014&nbsp;<br \/> \t<strong>Tribunal: <\/strong>JU\u00cdZO DO COM\u00c9RCIO DA COMARCA DO BAIXO VOUGA<br \/> \t<strong>Legisla\u00e7\u00e3o: <\/strong>N.\u00ba 7 DO ART.\u00ba 6.\u00ba DO RCE<br \/> \t<strong>Sum\u00e1rio: <\/strong><\/p>\n<ol>\n<li style=\"text-align: justify;\"> \t\tA dispensa prevista no n.\u00ba 7 do art.\u00ba 6.\u00ba do RCP assume natureza excepcional e, podendo ser oficiosamente concedida, depende sempre de avalia\u00e7\u00e3o pelo juiz, pelo que haver\u00e1 de ter lugar aquando da fixa\u00e7\u00e3o das custas ou, no caso de a\u00ed ser omitida, mediante requerimento de reforma dessa decis\u00e3o, n\u00e3o parecendo por isso a reclama\u00e7\u00e3o da conta o meio e o momento processualmente adequados para o efeito.<\/li>\n<li style=\"text-align: justify;\"> \t\tTodavia, se o juiz n\u00e3o procede a esta avalia\u00e7\u00e3o e se encontram reunidos os pressupostos respectivos, n\u00e3o deixa de ser omitido acto prescrito por lei, e se a aplica\u00e7\u00e3o das regras relativas a custas conduz a resultados em que \u00e9 manifesta a desproporcionalidade entre a actividade jurisdicional desenvolvida e a taxa de justi\u00e7a a cobrar, poder\u00e3o estar mesmo em causa princ\u00edpios constitucionais estruturantes da ordem jur\u00eddica -nomeadamente o direito de acesso aos tribunais e o princ\u00edpio da proporcionalidade- a impor que o ajuste, que a lei previu se fizesse atrav\u00e9s daquela espec\u00edfica norma, se possa ainda fazer na sequ\u00eancia de reclama\u00e7\u00e3o da conta final, por ser afinal esta que revela o excesso, que na maior parte das vezes s\u00f3 ent\u00e3o ficar\u00e1 patente para as partes do processo.<\/li>\n<\/ol>\n<p style=\"text-align: justify;\"> \t<a href=\"http:\/\/www.dgsi.pt\/jtrc.nsf\/8fe0e606d8f56b22802576c0005637dc\/addd8904ca89322a80257cec003aaf0c?OpenDocument\" target=\"_blank\" rel=\"noopener noreferrer\">Consultar texto integral<br \/> \t<\/a><\/p>\n","protected":false},"excerpt":{"rendered":"<div class=\"pvc_clear\"><\/div>\n<p id=\"pvc_stats_32372\" class=\"pvc_stats all  \" data-element-id=\"32372\" style=\"\"><i class=\"pvc-stats-icon small\" aria-hidden=\"true\"><svg aria-hidden=\"true\" focusable=\"false\" data-prefix=\"far\" data-icon=\"chart-bar\" role=\"img\" xmlns=\"http:\/\/www.w3.org\/2000\/svg\" viewBox=\"0 0 512 512\" class=\"svg-inline--fa fa-chart-bar fa-w-16 fa-2x\"><path fill=\"currentColor\" d=\"M396.8 352h22.4c6.4 0 12.8-6.4 12.8-12.8V108.8c0-6.4-6.4-12.8-12.8-12.8h-22.4c-6.4 0-12.8 6.4-12.8 12.8v230.4c0 6.4 6.4 12.8 12.8 12.8zm-192 0h22.4c6.4 0 12.8-6.4 12.8-12.8V140.8c0-6.4-6.4-12.8-12.8-12.8h-22.4c-6.4 0-12.8 6.4-12.8 12.8v198.4c0 6.4 6.4 12.8 12.8 12.8zm96 0h22.4c6.4 0 12.8-6.4 12.8-12.8V204.8c0-6.4-6.4-12.8-12.8-12.8h-22.4c-6.4 0-12.8 6.4-12.8 12.8v134.4c0 6.4 6.4 12.8 12.8 12.8zM496 400H48V80c0-8.84-7.16-16-16-16H16C7.16 64 0 71.16 0 80v336c0 17.67 14.33 32 32 32h464c8.84 0 16-7.16 16-16v-16c0-8.84-7.16-16-16-16zm-387.2-48h22.4c6.4 0 12.8-6.4 12.8-12.8v-70.4c0-6.4-6.4-12.8-12.8-12.8h-22.4c-6.4 0-12.8 6.4-12.8 12.8v70.4c0 6.4 6.4 12.8 12.8 12.8z\" class=\"\"><\/path><\/svg><\/i> <img src=\"https:\/\/trc.pt\/2020\/wp-content\/plugins\/page-views-count\/ajax-loader.gif\" border=0 \/><\/p>\n<div class=\"pvc_clear\"><\/div>\n<p>TAXA DE JUSTI\u00c7A. C\u00c1LCULO. DISPENSA. PAGAMENTO. REMANESCENTE APELA\u00c7\u00c3O N\u00ba 2045\/09.6T2AVR-B.C2 Relator: MARIA DOMINGAS SIM\u00d5ES Data do Acord\u00e3o: 29-04-2014&nbsp; Tribunal: JU\u00cdZO<\/p>\n","protected":false},"author":37,"featured_media":0,"comment_status":"open","ping_status":"open","sticky":false,"template":"","format":"standard","meta":[],"categories":[230],"tags":[],"_links":{"self":[{"href":"https:\/\/trc.pt\/2020\/wp-json\/wp\/v2\/posts\/32372"}],"collection":[{"href":"https:\/\/trc.pt\/2020\/wp-json\/wp\/v2\/posts"}],"about":[{"href":"https:\/\/trc.pt\/2020\/wp-json\/wp\/v2\/types\/post"}],"author":[{"embeddable":true,"href":"https:\/\/trc.pt\/2020\/wp-json\/wp\/v2\/users\/37"}],"replies":[{"embeddable":true,"href":"https:\/\/trc.pt\/2020\/wp-json\/wp\/v2\/comments?post=32372"}],"version-history":[{"count":0,"href":"https:\/\/trc.pt\/2020\/wp-json\/wp\/v2\/posts\/32372\/revisions"}],"wp:attachment":[{"href":"https:\/\/trc.pt\/2020\/wp-json\/wp\/v2\/media?parent=32372"}],"wp:term":[{"taxonomy":"category","embeddable":true,"href":"https:\/\/trc.pt\/2020\/wp-json\/wp\/v2\/categories?post=32372"},{"taxonomy":"post_tag","embeddable":true,"href":"https:\/\/trc.pt\/2020\/wp-json\/wp\/v2\/tags?post=32372"}],"curies":[{"name":"wp","href":"https:\/\/api.w.org\/{rel}","templated":true}]}}