{"id":32371,"date":"2014-06-03T13:59:02","date_gmt":"2014-06-03T13:59:02","guid":{"rendered":"https:\/\/trc.pt\/\/2014\/06\/03\/accao-de-inibicao-das-responsabilidades-parentais-requisitos\/"},"modified":"2014-06-03T13:59:02","modified_gmt":"2014-06-03T13:59:02","slug":"accao-de-inibicao-das-responsabilidades-parentais-requisitos","status":"publish","type":"post","link":"https:\/\/trc.pt\/2020\/accao-de-inibicao-das-responsabilidades-parentais-requisitos\/","title":{"rendered":"Ac\u00e7\u00e3o de inibi\u00e7\u00e3o das responsabilidades parentais. Requisitos"},"content":{"rendered":"<div class=\"pvc_clear\"><\/div>\n<p id=\"pvc_stats_32371\" class=\"pvc_stats all  \" data-element-id=\"32371\" style=\"\"><i class=\"pvc-stats-icon small\" aria-hidden=\"true\"><svg aria-hidden=\"true\" focusable=\"false\" data-prefix=\"far\" data-icon=\"chart-bar\" role=\"img\" xmlns=\"http:\/\/www.w3.org\/2000\/svg\" viewBox=\"0 0 512 512\" class=\"svg-inline--fa fa-chart-bar fa-w-16 fa-2x\"><path fill=\"currentColor\" d=\"M396.8 352h22.4c6.4 0 12.8-6.4 12.8-12.8V108.8c0-6.4-6.4-12.8-12.8-12.8h-22.4c-6.4 0-12.8 6.4-12.8 12.8v230.4c0 6.4 6.4 12.8 12.8 12.8zm-192 0h22.4c6.4 0 12.8-6.4 12.8-12.8V140.8c0-6.4-6.4-12.8-12.8-12.8h-22.4c-6.4 0-12.8 6.4-12.8 12.8v198.4c0 6.4 6.4 12.8 12.8 12.8zm96 0h22.4c6.4 0 12.8-6.4 12.8-12.8V204.8c0-6.4-6.4-12.8-12.8-12.8h-22.4c-6.4 0-12.8 6.4-12.8 12.8v134.4c0 6.4 6.4 12.8 12.8 12.8zM496 400H48V80c0-8.84-7.16-16-16-16H16C7.16 64 0 71.16 0 80v336c0 17.67 14.33 32 32 32h464c8.84 0 16-7.16 16-16v-16c0-8.84-7.16-16-16-16zm-387.2-48h22.4c6.4 0 12.8-6.4 12.8-12.8v-70.4c0-6.4-6.4-12.8-12.8-12.8h-22.4c-6.4 0-12.8 6.4-12.8 12.8v70.4c0 6.4 6.4 12.8 12.8 12.8z\" class=\"\"><\/path><\/svg><\/i> <img src=\"https:\/\/trc.pt\/2020\/wp-content\/plugins\/page-views-count\/ajax-loader.gif\" border=0 \/><\/p>\n<div class=\"pvc_clear\"><\/div>\n<p style=\"text-align: justify;\"> \t<strong>AC\u00c7\u00c3O DE INIBI\u00c7\u00c3O DAS RESPONSABILIDADES PARENTAIS. REQUISITOS<br \/> \tAPELA\u00c7\u00c3O N\u00ba <\/strong>241\/10.2TMCBR.C1<br \/> \t<strong>Relator: <\/strong>MARIA DOMINGAS SIM\u00d5ES<br \/> \t<strong>Data do Acord\u00e3o: <\/strong>29-04-2014<br \/> \t<strong>Tribunal: <\/strong>1.\u00ba JU\u00cdZO DE TRIBUNAL DE FAM\u00cdLIA E MENORES DA COMARCA DE COIMBRA<br \/> \t<strong>Legisla\u00e7\u00e3o:<\/strong> ARTIGOS 194.\u00ba DA OTM E 1915.\u00ba DO C\u00d3DIGO CIVIL<br \/> \t<strong>Sum\u00e1rio: <\/strong><\/p>\n<ol>\n<li style=\"text-align: justify;\"> \t\tCompetindo aos progenitores zelar pela sa\u00fade e seguran\u00e7a dos filhos, prover ao seu sustento e educa\u00e7\u00e3o e diligenciar pela sua representa\u00e7\u00e3o, em tudo tendo a sua actua\u00e7\u00e3o de se pautar e conformar pelo crit\u00e9rio \u00fanico e fundamental do interesse do filho menor, a inibi\u00e7\u00e3o das responsabilidades parentais s\u00f3 pode ser decretada quando se perfilar uma situa\u00e7\u00e3o de viola\u00e7\u00e3o grave e culposa de algum (ns) do(s) assinalado(s) dever(es), da\u00ed resultando preju\u00edzo importante para este.<\/li>\n<li style=\"text-align: justify;\"> \t\tDeste modo, sendo a inibi\u00e7\u00e3o uma sorte de medida de \u00faltima \u201cratio\u201d, ainda a verificar-se uma situa\u00e7\u00e3o de perigo para a seguran\u00e7a, sa\u00fade, forma\u00e7\u00e3o moral e educa\u00e7\u00e3o do filho menor -prova que no caso n\u00e3o foi feita- sempre cumprir\u00e1 indagar se o regime prevenido no art.\u00ba 1918.\u00ba n\u00e3o constitui rem\u00e9dio adequado, em ordem a preservar no progenitor o exerc\u00edcio das responsabilidades parentais.<\/li>\n<\/ol>\n<p style=\"text-align: justify;\"> \t<a href=\"http:\/\/www.dgsi.pt\/jtrc.nsf\/8fe0e606d8f56b22802576c0005637dc\/6ae6c407aa16efce80257cec00397cb9?OpenDocument\" target=\"_blank\" rel=\"noopener noreferrer\">Consultar texto integral<br \/> \t<\/a><\/p>\n","protected":false},"excerpt":{"rendered":"<div class=\"pvc_clear\"><\/div>\n<p id=\"pvc_stats_32371\" class=\"pvc_stats all  \" data-element-id=\"32371\" style=\"\"><i class=\"pvc-stats-icon small\" aria-hidden=\"true\"><svg aria-hidden=\"true\" focusable=\"false\" data-prefix=\"far\" data-icon=\"chart-bar\" role=\"img\" xmlns=\"http:\/\/www.w3.org\/2000\/svg\" viewBox=\"0 0 512 512\" class=\"svg-inline--fa fa-chart-bar fa-w-16 fa-2x\"><path fill=\"currentColor\" d=\"M396.8 352h22.4c6.4 0 12.8-6.4 12.8-12.8V108.8c0-6.4-6.4-12.8-12.8-12.8h-22.4c-6.4 0-12.8 6.4-12.8 12.8v230.4c0 6.4 6.4 12.8 12.8 12.8zm-192 0h22.4c6.4 0 12.8-6.4 12.8-12.8V140.8c0-6.4-6.4-12.8-12.8-12.8h-22.4c-6.4 0-12.8 6.4-12.8 12.8v198.4c0 6.4 6.4 12.8 12.8 12.8zm96 0h22.4c6.4 0 12.8-6.4 12.8-12.8V204.8c0-6.4-6.4-12.8-12.8-12.8h-22.4c-6.4 0-12.8 6.4-12.8 12.8v134.4c0 6.4 6.4 12.8 12.8 12.8zM496 400H48V80c0-8.84-7.16-16-16-16H16C7.16 64 0 71.16 0 80v336c0 17.67 14.33 32 32 32h464c8.84 0 16-7.16 16-16v-16c0-8.84-7.16-16-16-16zm-387.2-48h22.4c6.4 0 12.8-6.4 12.8-12.8v-70.4c0-6.4-6.4-12.8-12.8-12.8h-22.4c-6.4 0-12.8 6.4-12.8 12.8v70.4c0 6.4 6.4 12.8 12.8 12.8z\" class=\"\"><\/path><\/svg><\/i> <img src=\"https:\/\/trc.pt\/2020\/wp-content\/plugins\/page-views-count\/ajax-loader.gif\" border=0 \/><\/p>\n<div class=\"pvc_clear\"><\/div>\n<p>AC\u00c7\u00c3O DE INIBI\u00c7\u00c3O DAS RESPONSABILIDADES PARENTAIS. REQUISITOS APELA\u00c7\u00c3O N\u00ba 241\/10.2TMCBR.C1 Relator: MARIA DOMINGAS SIM\u00d5ES Data do Acord\u00e3o: 29-04-2014 Tribunal: 1.\u00ba<\/p>\n","protected":false},"author":37,"featured_media":0,"comment_status":"open","ping_status":"open","sticky":false,"template":"","format":"standard","meta":[],"categories":[229],"tags":[],"_links":{"self":[{"href":"https:\/\/trc.pt\/2020\/wp-json\/wp\/v2\/posts\/32371"}],"collection":[{"href":"https:\/\/trc.pt\/2020\/wp-json\/wp\/v2\/posts"}],"about":[{"href":"https:\/\/trc.pt\/2020\/wp-json\/wp\/v2\/types\/post"}],"author":[{"embeddable":true,"href":"https:\/\/trc.pt\/2020\/wp-json\/wp\/v2\/users\/37"}],"replies":[{"embeddable":true,"href":"https:\/\/trc.pt\/2020\/wp-json\/wp\/v2\/comments?post=32371"}],"version-history":[{"count":0,"href":"https:\/\/trc.pt\/2020\/wp-json\/wp\/v2\/posts\/32371\/revisions"}],"wp:attachment":[{"href":"https:\/\/trc.pt\/2020\/wp-json\/wp\/v2\/media?parent=32371"}],"wp:term":[{"taxonomy":"category","embeddable":true,"href":"https:\/\/trc.pt\/2020\/wp-json\/wp\/v2\/categories?post=32371"},{"taxonomy":"post_tag","embeddable":true,"href":"https:\/\/trc.pt\/2020\/wp-json\/wp\/v2\/tags?post=32371"}],"curies":[{"name":"wp","href":"https:\/\/api.w.org\/{rel}","templated":true}]}}