{"id":32369,"date":"2014-06-02T13:54:33","date_gmt":"2014-06-02T13:54:33","guid":{"rendered":"https:\/\/trc.pt\/\/2014\/06\/02\/clausulas-contratuais-gerais-dever-de-informar-avalista-contrato-de-locacao-financeira\/"},"modified":"2014-06-02T13:54:33","modified_gmt":"2014-06-02T13:54:33","slug":"clausulas-contratuais-gerais-dever-de-informar-avalista-contrato-de-locacao-financeira","status":"publish","type":"post","link":"https:\/\/trc.pt\/2020\/clausulas-contratuais-gerais-dever-de-informar-avalista-contrato-de-locacao-financeira\/","title":{"rendered":"Cl\u00e1usulas contratuais gerais. Dever de informar. Avalista. Contrato de loca\u00e7\u00e3o financeira"},"content":{"rendered":"<div class=\"pvc_clear\"><\/div>\n<p id=\"pvc_stats_32369\" class=\"pvc_stats all  \" data-element-id=\"32369\" style=\"\"><i class=\"pvc-stats-icon small\" aria-hidden=\"true\"><svg aria-hidden=\"true\" focusable=\"false\" data-prefix=\"far\" data-icon=\"chart-bar\" role=\"img\" xmlns=\"http:\/\/www.w3.org\/2000\/svg\" viewBox=\"0 0 512 512\" class=\"svg-inline--fa fa-chart-bar fa-w-16 fa-2x\"><path fill=\"currentColor\" d=\"M396.8 352h22.4c6.4 0 12.8-6.4 12.8-12.8V108.8c0-6.4-6.4-12.8-12.8-12.8h-22.4c-6.4 0-12.8 6.4-12.8 12.8v230.4c0 6.4 6.4 12.8 12.8 12.8zm-192 0h22.4c6.4 0 12.8-6.4 12.8-12.8V140.8c0-6.4-6.4-12.8-12.8-12.8h-22.4c-6.4 0-12.8 6.4-12.8 12.8v198.4c0 6.4 6.4 12.8 12.8 12.8zm96 0h22.4c6.4 0 12.8-6.4 12.8-12.8V204.8c0-6.4-6.4-12.8-12.8-12.8h-22.4c-6.4 0-12.8 6.4-12.8 12.8v134.4c0 6.4 6.4 12.8 12.8 12.8zM496 400H48V80c0-8.84-7.16-16-16-16H16C7.16 64 0 71.16 0 80v336c0 17.67 14.33 32 32 32h464c8.84 0 16-7.16 16-16v-16c0-8.84-7.16-16-16-16zm-387.2-48h22.4c6.4 0 12.8-6.4 12.8-12.8v-70.4c0-6.4-6.4-12.8-12.8-12.8h-22.4c-6.4 0-12.8 6.4-12.8 12.8v70.4c0 6.4 6.4 12.8 12.8 12.8z\" class=\"\"><\/path><\/svg><\/i> <img src=\"https:\/\/trc.pt\/2020\/wp-content\/plugins\/page-views-count\/ajax-loader.gif\" border=0 \/><\/p>\n<div class=\"pvc_clear\"><\/div>\n<p style=\"text-align: justify;\"> \t<strong>CL\u00c1USULAS CONTRATUAIS GERAIS. DEVER DE INFORMAR. AVALISTA. CONTRATO DE LOCA\u00c7\u00c3O FINANCEIRA<br \/> \tAPELA\u00c7\u00c3O N\u00ba <\/strong>1246\/11.1TBVIS-A.C1<br \/> \t<strong>Relator: <\/strong>HENRIQUE ANTUNES<br \/> \t<strong>Data do Acord\u00e3o:<\/strong> 20-05-2014<br \/> \t<strong>Tribunal: <\/strong>TRIBUNAL JUDICIAL DE VISEU \u2013 1\u00ba JU\u00cdZO C\u00cdVEL<br \/> \t<strong>Legisla\u00e7\u00e3o:<\/strong> ART\u00ba 75\u00ba DA LULL; DECRETO-LEI N\u00ba 149\/95, DE 24 DE JUNHO; DECRETO-LEI N\u00ba 446\/85, DE 25 DE OUTUBRO.<br \/> \t<strong>Sum\u00e1rio: <\/strong><\/p>\n<ol>\n<li style=\"text-align: justify;\"> \t\tS\u00f3 se consideram exclu\u00eddas dos contratos singulares as cl\u00e1usulas que revistam a natureza de cl\u00e1usulas contratuais gerais e relativamente \u00e0s quais o utilizador n\u00e3o tenha cumprido os deveres de comunica\u00e7\u00e3o e de informa\u00e7\u00e3o.<\/li>\n<li style=\"text-align: justify;\"> \t\tO utilizador deve cumprir o dever de comunica\u00e7\u00e3o e de informa\u00e7\u00e3o das cl\u00e1usulas contratuais tamb\u00e9m no tocante ao avalista, maxime no caso em que este tenha intervindo no contrato conclu\u00eddo com recurso \u00e0quelas cl\u00e1usulas.<\/li>\n<li style=\"text-align: justify;\"> \t\tO avalista pode opor ao portador da livran\u00e7a a viola\u00e7\u00e3o do pacto de preenchimento, n\u00e3o apenas nos casos em que interveio na conven\u00e7\u00e3o correspondente, mas tamb\u00e9m quando tenha tido interven\u00e7\u00e3o no contrato em que foi convencionado aquele pacto, ainda que naquela exclusiva qualidade.<\/li>\n<li style=\"text-align: justify;\"> \t\tO contrato de loca\u00e7\u00e3o financeira pode cessar tamb\u00e9m por revoga\u00e7\u00e3o, ainda que esta seja meramente impl\u00edcita.<\/li>\n<li style=\"text-align: justify;\"> \t\tDado que a revoga\u00e7\u00e3o do contrato de loca\u00e7\u00e3o financeira n\u00e3o tem efic\u00e1cia retroactiva, o locat\u00e1rio n\u00e3o fica desvinculado da obriga\u00e7\u00e3o de pagamento das rendas vencidas, e dos respectivos juros, at\u00e9 ao momento em que a revoga\u00e7\u00e3o do contrato opere.<\/li>\n<li style=\"text-align: justify;\"> \t\tMostrando-se que a livran\u00e7a foi preenchida por um valor superior ao devido, a \u00fanica consequ\u00eancia \u00e9 a redu\u00e7\u00e3o da obriga\u00e7\u00e3o pecuni\u00e1ria que incorpora aos limites daquilo que \u00e9 efectivamente devido ao portador.<\/li>\n<\/ol>\n<p style=\"text-align: justify;\"> \t<a href=\"http:\/\/www.dgsi.pt\/jtrc.nsf\/8fe0e606d8f56b22802576c0005637dc\/b3c4043ff5f951f680257ceb0044be65?OpenDocument\" target=\"_blank\" rel=\"noopener noreferrer\">Consultar texto integral <\/a><\/p>\n","protected":false},"excerpt":{"rendered":"<div class=\"pvc_clear\"><\/div>\n<p id=\"pvc_stats_32369\" class=\"pvc_stats all  \" data-element-id=\"32369\" style=\"\"><i class=\"pvc-stats-icon small\" aria-hidden=\"true\"><svg aria-hidden=\"true\" focusable=\"false\" data-prefix=\"far\" data-icon=\"chart-bar\" role=\"img\" xmlns=\"http:\/\/www.w3.org\/2000\/svg\" viewBox=\"0 0 512 512\" class=\"svg-inline--fa fa-chart-bar fa-w-16 fa-2x\"><path fill=\"currentColor\" d=\"M396.8 352h22.4c6.4 0 12.8-6.4 12.8-12.8V108.8c0-6.4-6.4-12.8-12.8-12.8h-22.4c-6.4 0-12.8 6.4-12.8 12.8v230.4c0 6.4 6.4 12.8 12.8 12.8zm-192 0h22.4c6.4 0 12.8-6.4 12.8-12.8V140.8c0-6.4-6.4-12.8-12.8-12.8h-22.4c-6.4 0-12.8 6.4-12.8 12.8v198.4c0 6.4 6.4 12.8 12.8 12.8zm96 0h22.4c6.4 0 12.8-6.4 12.8-12.8V204.8c0-6.4-6.4-12.8-12.8-12.8h-22.4c-6.4 0-12.8 6.4-12.8 12.8v134.4c0 6.4 6.4 12.8 12.8 12.8zM496 400H48V80c0-8.84-7.16-16-16-16H16C7.16 64 0 71.16 0 80v336c0 17.67 14.33 32 32 32h464c8.84 0 16-7.16 16-16v-16c0-8.84-7.16-16-16-16zm-387.2-48h22.4c6.4 0 12.8-6.4 12.8-12.8v-70.4c0-6.4-6.4-12.8-12.8-12.8h-22.4c-6.4 0-12.8 6.4-12.8 12.8v70.4c0 6.4 6.4 12.8 12.8 12.8z\" class=\"\"><\/path><\/svg><\/i> <img src=\"https:\/\/trc.pt\/2020\/wp-content\/plugins\/page-views-count\/ajax-loader.gif\" border=0 \/><\/p>\n<div class=\"pvc_clear\"><\/div>\n<p>CL\u00c1USULAS CONTRATUAIS GERAIS. DEVER DE INFORMAR. AVALISTA. CONTRATO DE LOCA\u00c7\u00c3O FINANCEIRA APELA\u00c7\u00c3O N\u00ba 1246\/11.1TBVIS-A.C1 Relator: HENRIQUE ANTUNES Data do Acord\u00e3o:<\/p>\n","protected":false},"author":37,"featured_media":0,"comment_status":"open","ping_status":"open","sticky":false,"template":"","format":"standard","meta":[],"categories":[229],"tags":[],"_links":{"self":[{"href":"https:\/\/trc.pt\/2020\/wp-json\/wp\/v2\/posts\/32369"}],"collection":[{"href":"https:\/\/trc.pt\/2020\/wp-json\/wp\/v2\/posts"}],"about":[{"href":"https:\/\/trc.pt\/2020\/wp-json\/wp\/v2\/types\/post"}],"author":[{"embeddable":true,"href":"https:\/\/trc.pt\/2020\/wp-json\/wp\/v2\/users\/37"}],"replies":[{"embeddable":true,"href":"https:\/\/trc.pt\/2020\/wp-json\/wp\/v2\/comments?post=32369"}],"version-history":[{"count":0,"href":"https:\/\/trc.pt\/2020\/wp-json\/wp\/v2\/posts\/32369\/revisions"}],"wp:attachment":[{"href":"https:\/\/trc.pt\/2020\/wp-json\/wp\/v2\/media?parent=32369"}],"wp:term":[{"taxonomy":"category","embeddable":true,"href":"https:\/\/trc.pt\/2020\/wp-json\/wp\/v2\/categories?post=32369"},{"taxonomy":"post_tag","embeddable":true,"href":"https:\/\/trc.pt\/2020\/wp-json\/wp\/v2\/tags?post=32369"}],"curies":[{"name":"wp","href":"https:\/\/api.w.org\/{rel}","templated":true}]}}