{"id":32368,"date":"2014-06-02T13:51:42","date_gmt":"2014-06-02T13:51:42","guid":{"rendered":"https:\/\/trc.pt\/\/2014\/06\/02\/interpretacao-do-negocio-juridico-prova-admissivel-clausula-condicional-resolutiva-tacita-resolucao-do-contrato\/"},"modified":"2014-06-02T13:51:42","modified_gmt":"2014-06-02T13:51:42","slug":"interpretacao-do-negocio-juridico-prova-admissivel-clausula-condicional-resolutiva-tacita-resolucao-do-contrato","status":"publish","type":"post","link":"https:\/\/trc.pt\/2020\/interpretacao-do-negocio-juridico-prova-admissivel-clausula-condicional-resolutiva-tacita-resolucao-do-contrato\/","title":{"rendered":"Interpreta\u00e7\u00e3o do neg\u00f3cio jur\u00eddico. Prova admiss\u00edvel. Cl\u00e1usula condicional resolutiva t\u00e1cita. Resolu\u00e7\u00e3o do contrato"},"content":{"rendered":"<div class=\"pvc_clear\"><\/div>\n<p id=\"pvc_stats_32368\" class=\"pvc_stats all  \" data-element-id=\"32368\" style=\"\"><i class=\"pvc-stats-icon small\" aria-hidden=\"true\"><svg aria-hidden=\"true\" focusable=\"false\" data-prefix=\"far\" data-icon=\"chart-bar\" role=\"img\" xmlns=\"http:\/\/www.w3.org\/2000\/svg\" viewBox=\"0 0 512 512\" class=\"svg-inline--fa fa-chart-bar fa-w-16 fa-2x\"><path fill=\"currentColor\" d=\"M396.8 352h22.4c6.4 0 12.8-6.4 12.8-12.8V108.8c0-6.4-6.4-12.8-12.8-12.8h-22.4c-6.4 0-12.8 6.4-12.8 12.8v230.4c0 6.4 6.4 12.8 12.8 12.8zm-192 0h22.4c6.4 0 12.8-6.4 12.8-12.8V140.8c0-6.4-6.4-12.8-12.8-12.8h-22.4c-6.4 0-12.8 6.4-12.8 12.8v198.4c0 6.4 6.4 12.8 12.8 12.8zm96 0h22.4c6.4 0 12.8-6.4 12.8-12.8V204.8c0-6.4-6.4-12.8-12.8-12.8h-22.4c-6.4 0-12.8 6.4-12.8 12.8v134.4c0 6.4 6.4 12.8 12.8 12.8zM496 400H48V80c0-8.84-7.16-16-16-16H16C7.16 64 0 71.16 0 80v336c0 17.67 14.33 32 32 32h464c8.84 0 16-7.16 16-16v-16c0-8.84-7.16-16-16-16zm-387.2-48h22.4c6.4 0 12.8-6.4 12.8-12.8v-70.4c0-6.4-6.4-12.8-12.8-12.8h-22.4c-6.4 0-12.8 6.4-12.8 12.8v70.4c0 6.4 6.4 12.8 12.8 12.8z\" class=\"\"><\/path><\/svg><\/i> <img src=\"https:\/\/trc.pt\/2020\/wp-content\/plugins\/page-views-count\/ajax-loader.gif\" border=0 \/><\/p>\n<div class=\"pvc_clear\"><\/div>\n<p style=\"text-align: justify;\"> \t<strong>INTERPRETA\u00c7\u00c3O DO NEG\u00d3CIO JUR\u00cdDICO. PROVA ADMISS\u00cdVEL. CL\u00c1USULA CONDICIONAL RESOLUTIVA T\u00c1CITA. RESOLU\u00c7\u00c3O DO CONTRATO<br \/> \tAPELA\u00c7\u00c3O N\u00ba <\/strong>1590\/10.5TBLRA.C1<br \/> \t<strong>Relator:<\/strong> S\u00cdLVIA PIRES<br \/> \t<strong>Data do Acord\u00e3o:<\/strong> 20-05-2014<br \/> \t<strong>Tribunal:<\/strong> TRIBUNAL JUDICIAL DE LEIRIA \u2013 3\u00ba JU\u00cdZO C\u00cdVEL<br \/> \t<strong>Legisla\u00e7\u00e3o: <\/strong>ART\u00baS 236\u00ba, 270\u00ba, 393\u00ba, N\u00ba 3, 792\u00ba E 808\u00ba, TODOS DO C.CIVIL.<br \/> \t<strong>Sum\u00e1rio: <\/strong><\/p>\n<ol>\n<li style=\"text-align: justify;\"> \t\tVisando-se determinar o alcance do contrato celebrado entre as partes, para a sua determina\u00e7\u00e3o \u00e9 poss\u00edvel o recurso quer \u00e0 prova testemunhal quer \u00e0 documental.<\/li>\n<li style=\"text-align: justify;\"> \t\tO art\u00ba 236\u00ba do C. Civil consagrou a teoria segundo a qual as declara\u00e7\u00f5es de vontade, em princ\u00edpio, valem com o sentido que as partes lhe quiseram conferir (vontade real das partes). S\u00f3 se n\u00e3o for conhecida essa vontade ou quando declarante e declarat\u00e1rio entenderam a declara\u00e7\u00e3o em sentidos diversos, deve valer o sentido que um declarat\u00e1rio normal podia julgar conforme \u00e0s reais inten\u00e7\u00f5es do declarante, excepto se este n\u00e3o tinha o dever de consider\u00e1-lo acess\u00edvel \u00e0 compreens\u00e3o da outra parte.<\/li>\n<li style=\"text-align: justify;\"> \t\tEstando a celebra\u00e7\u00e3o do contrato prometido, ou seja o cumprimento do neg\u00f3cio celebrado, condicionado \u00e0 verifica\u00e7\u00e3o de um acontecimento futuro e incerto, dependente da actividade de terceiro \u2013 uma entidade licenciadora \u2013, estamos perante a exist\u00eancia de uma cl\u00e1usula condicional resolutiva t\u00e1cita, tipificada no art.\u00ba 270\u00ba do C. Civil, uma vez que a n\u00e3o verifica\u00e7\u00e3o da condi\u00e7\u00e3o determinar\u00e1 necessariamente a resolu\u00e7\u00e3o do contrato-promessa, dado que as partes manifestaram a vontade de apenas celebrarem o contrato prometido caso obtivessem o licenciamento de dois projectos de constru\u00e7\u00e3o de barrac\u00f5es industriais no terreno prometido vender.<\/li>\n<li style=\"text-align: justify;\"> \t\tExistindo uma situa\u00e7\u00e3o de impossibilidade tempor\u00e1ria de cumprimento da obriga\u00e7\u00e3o assumida \u2013 a celebra\u00e7\u00e3o do contrato prometido \u2013, por n\u00e3o se verificar o acontecimento ao qual as partes condicionaram esse cumprimento \u2013 o licenciamento dos projectos de constru\u00e7\u00e3o dos barrac\u00f5es industriais \u2013, os promitentes compradores n\u00e3o deixavam de poder resolver o contrato, por perda de interesse no cumprimento da presta\u00e7\u00e3o, em resultado daquela impossibilidade tempor\u00e1ria, quer esta seja imput\u00e1\u00advel \u00e0 contraparte \u2013 artigo 808\u00ba, n.\u00ba 1, do C. Civil \u2013, quer n\u00e3o seja \u2013 art.\u00ba 792\u00ba, n.\u00ba 2, do C. Civil \u2013, diferindo, todavia, as consequ\u00eancias da resolu\u00e7\u00e3o numa e noutra situa\u00e7\u00e3o.<\/li>\n<\/ol>\n<p style=\"text-align: justify;\"> \t&nbsp;<\/p>\n<p style=\"text-align: justify;\"> \t<a href=\"http:\/\/www.dgsi.pt\/jtrc.nsf\/8fe0e606d8f56b22802576c0005637dc\/2621ba3372e2556280257ceb003d5b79?OpenDocument\" target=\"_blank\" rel=\"noopener noreferrer\">Consultar texto integral<\/a><\/p>\n<p> \t&nbsp;<\/p>\n","protected":false},"excerpt":{"rendered":"<div class=\"pvc_clear\"><\/div>\n<p id=\"pvc_stats_32368\" class=\"pvc_stats all  \" data-element-id=\"32368\" style=\"\"><i class=\"pvc-stats-icon small\" aria-hidden=\"true\"><svg aria-hidden=\"true\" focusable=\"false\" data-prefix=\"far\" data-icon=\"chart-bar\" role=\"img\" xmlns=\"http:\/\/www.w3.org\/2000\/svg\" viewBox=\"0 0 512 512\" class=\"svg-inline--fa fa-chart-bar fa-w-16 fa-2x\"><path fill=\"currentColor\" d=\"M396.8 352h22.4c6.4 0 12.8-6.4 12.8-12.8V108.8c0-6.4-6.4-12.8-12.8-12.8h-22.4c-6.4 0-12.8 6.4-12.8 12.8v230.4c0 6.4 6.4 12.8 12.8 12.8zm-192 0h22.4c6.4 0 12.8-6.4 12.8-12.8V140.8c0-6.4-6.4-12.8-12.8-12.8h-22.4c-6.4 0-12.8 6.4-12.8 12.8v198.4c0 6.4 6.4 12.8 12.8 12.8zm96 0h22.4c6.4 0 12.8-6.4 12.8-12.8V204.8c0-6.4-6.4-12.8-12.8-12.8h-22.4c-6.4 0-12.8 6.4-12.8 12.8v134.4c0 6.4 6.4 12.8 12.8 12.8zM496 400H48V80c0-8.84-7.16-16-16-16H16C7.16 64 0 71.16 0 80v336c0 17.67 14.33 32 32 32h464c8.84 0 16-7.16 16-16v-16c0-8.84-7.16-16-16-16zm-387.2-48h22.4c6.4 0 12.8-6.4 12.8-12.8v-70.4c0-6.4-6.4-12.8-12.8-12.8h-22.4c-6.4 0-12.8 6.4-12.8 12.8v70.4c0 6.4 6.4 12.8 12.8 12.8z\" class=\"\"><\/path><\/svg><\/i> <img src=\"https:\/\/trc.pt\/2020\/wp-content\/plugins\/page-views-count\/ajax-loader.gif\" border=0 \/><\/p>\n<div class=\"pvc_clear\"><\/div>\n<p>INTERPRETA\u00c7\u00c3O DO NEG\u00d3CIO JUR\u00cdDICO. PROVA ADMISS\u00cdVEL. CL\u00c1USULA CONDICIONAL RESOLUTIVA T\u00c1CITA. RESOLU\u00c7\u00c3O DO CONTRATO APELA\u00c7\u00c3O N\u00ba 1590\/10.5TBLRA.C1 Relator: S\u00cdLVIA PIRES Data<\/p>\n","protected":false},"author":37,"featured_media":0,"comment_status":"open","ping_status":"open","sticky":false,"template":"","format":"standard","meta":[],"categories":[229],"tags":[],"_links":{"self":[{"href":"https:\/\/trc.pt\/2020\/wp-json\/wp\/v2\/posts\/32368"}],"collection":[{"href":"https:\/\/trc.pt\/2020\/wp-json\/wp\/v2\/posts"}],"about":[{"href":"https:\/\/trc.pt\/2020\/wp-json\/wp\/v2\/types\/post"}],"author":[{"embeddable":true,"href":"https:\/\/trc.pt\/2020\/wp-json\/wp\/v2\/users\/37"}],"replies":[{"embeddable":true,"href":"https:\/\/trc.pt\/2020\/wp-json\/wp\/v2\/comments?post=32368"}],"version-history":[{"count":0,"href":"https:\/\/trc.pt\/2020\/wp-json\/wp\/v2\/posts\/32368\/revisions"}],"wp:attachment":[{"href":"https:\/\/trc.pt\/2020\/wp-json\/wp\/v2\/media?parent=32368"}],"wp:term":[{"taxonomy":"category","embeddable":true,"href":"https:\/\/trc.pt\/2020\/wp-json\/wp\/v2\/categories?post=32368"},{"taxonomy":"post_tag","embeddable":true,"href":"https:\/\/trc.pt\/2020\/wp-json\/wp\/v2\/tags?post=32368"}],"curies":[{"name":"wp","href":"https:\/\/api.w.org\/{rel}","templated":true}]}}