{"id":32367,"date":"2014-06-02T13:48:57","date_gmt":"2014-06-02T13:48:57","guid":{"rendered":"https:\/\/trc.pt\/\/2014\/06\/02\/contrato-promessa-de-compra-e-venda-fraccao-autonoma-predio-execucao-especifica-incumprimento-definitivo\/"},"modified":"2014-06-02T13:48:57","modified_gmt":"2014-06-02T13:48:57","slug":"contrato-promessa-de-compra-e-venda-fraccao-autonoma-predio-execucao-especifica-incumprimento-definitivo","status":"publish","type":"post","link":"https:\/\/trc.pt\/2020\/contrato-promessa-de-compra-e-venda-fraccao-autonoma-predio-execucao-especifica-incumprimento-definitivo\/","title":{"rendered":"Contrato-promessa de compra e venda. Frac\u00e7\u00e3o aut\u00f3noma. Pr\u00e9dio. Execu\u00e7\u00e3o espec\u00edfica. Incumprimento definitivo"},"content":{"rendered":"<div class=\"pvc_clear\"><\/div>\n<p id=\"pvc_stats_32367\" class=\"pvc_stats all  \" data-element-id=\"32367\" style=\"\"><i class=\"pvc-stats-icon small\" aria-hidden=\"true\"><svg aria-hidden=\"true\" focusable=\"false\" data-prefix=\"far\" data-icon=\"chart-bar\" role=\"img\" xmlns=\"http:\/\/www.w3.org\/2000\/svg\" viewBox=\"0 0 512 512\" class=\"svg-inline--fa fa-chart-bar fa-w-16 fa-2x\"><path fill=\"currentColor\" d=\"M396.8 352h22.4c6.4 0 12.8-6.4 12.8-12.8V108.8c0-6.4-6.4-12.8-12.8-12.8h-22.4c-6.4 0-12.8 6.4-12.8 12.8v230.4c0 6.4 6.4 12.8 12.8 12.8zm-192 0h22.4c6.4 0 12.8-6.4 12.8-12.8V140.8c0-6.4-6.4-12.8-12.8-12.8h-22.4c-6.4 0-12.8 6.4-12.8 12.8v198.4c0 6.4 6.4 12.8 12.8 12.8zm96 0h22.4c6.4 0 12.8-6.4 12.8-12.8V204.8c0-6.4-6.4-12.8-12.8-12.8h-22.4c-6.4 0-12.8 6.4-12.8 12.8v134.4c0 6.4 6.4 12.8 12.8 12.8zM496 400H48V80c0-8.84-7.16-16-16-16H16C7.16 64 0 71.16 0 80v336c0 17.67 14.33 32 32 32h464c8.84 0 16-7.16 16-16v-16c0-8.84-7.16-16-16-16zm-387.2-48h22.4c6.4 0 12.8-6.4 12.8-12.8v-70.4c0-6.4-6.4-12.8-12.8-12.8h-22.4c-6.4 0-12.8 6.4-12.8 12.8v70.4c0 6.4 6.4 12.8 12.8 12.8z\" class=\"\"><\/path><\/svg><\/i> <img src=\"https:\/\/trc.pt\/2020\/wp-content\/plugins\/page-views-count\/ajax-loader.gif\" border=0 \/><\/p>\n<div class=\"pvc_clear\"><\/div>\n<p style=\"text-align: justify;\"> \t<strong>CONTRATO-PROMESSA DE COMPRA E VENDA. FRAC\u00c7\u00c3O AUT\u00d3NOMA. PR\u00c9DIO. EXECU\u00c7\u00c3O ESPEC\u00cdFICA. INCUMPRIMENTO DEFINITIVO<br \/> \tAPELA\u00c7\u00c3O N\u00ba<\/strong> 3389\/09.2TBLRA.C1<br \/> \t<strong>Relator:<\/strong> FREITAS NETO<br \/> \t<strong>Data do Acord\u00e3o:<\/strong> 20-05-2014<br \/> \t<strong>Tribunal: <\/strong>5\u00ba JU\u00cdZO C\u00cdVEL DE LEIRIA<br \/> \t<strong>Legisla\u00e7\u00e3o:<\/strong> ART.\u00ba 830, N\u00ba 1 DO CC<br \/> \t<strong>Sum\u00e1rio: <\/strong><\/p>\n<ol>\n<li style=\"text-align: justify;\"> \t\tNum contrato-promessa de compra e venda de frac\u00e7\u00e3o aut\u00f3noma de um pr\u00e9dio em regime de propriedade horizontal \u00e9 admiss\u00edvel a execu\u00e7\u00e3o espec\u00edfica da promessa n\u00e3o s\u00f3 em caso de mora mas tamb\u00e9m de incumprimento definitivo do promitente.<\/li>\n<li style=\"text-align: justify;\"> \t\tMas s\u00f3 \u00e9 de admitir que o incumprimento definitivo cabe na letra e na teleologia da norma do art.\u00ba 830, n\u00ba 1 do CC, na parte em que alude \u00e0 \u201cdeclara\u00e7\u00e3o negocial do faltoso\u201d, desde que se prove que n\u00e3o se verificou um perda, objectivamente aferida, do interesse do credor na presta\u00e7\u00e3o prometida, e que tal presta\u00e7\u00e3o ainda \u00e9 f\u00edsica e legalmente poss\u00edvel.<\/li>\n<\/ol>\n<p style=\"text-align: justify;\"> \t<a href=\"http:\/\/www.dgsi.pt\/jtrc.nsf\/8fe0e606d8f56b22802576c0005637dc\/fc35dcda2086edc080257ceb004551e3?OpenDocument\" target=\"_blank\" rel=\"noopener noreferrer\">Consultar texto integral<br \/> \t<\/a><\/p>\n","protected":false},"excerpt":{"rendered":"<div class=\"pvc_clear\"><\/div>\n<p id=\"pvc_stats_32367\" class=\"pvc_stats all  \" data-element-id=\"32367\" style=\"\"><i class=\"pvc-stats-icon small\" aria-hidden=\"true\"><svg aria-hidden=\"true\" focusable=\"false\" data-prefix=\"far\" data-icon=\"chart-bar\" role=\"img\" xmlns=\"http:\/\/www.w3.org\/2000\/svg\" viewBox=\"0 0 512 512\" class=\"svg-inline--fa fa-chart-bar fa-w-16 fa-2x\"><path fill=\"currentColor\" d=\"M396.8 352h22.4c6.4 0 12.8-6.4 12.8-12.8V108.8c0-6.4-6.4-12.8-12.8-12.8h-22.4c-6.4 0-12.8 6.4-12.8 12.8v230.4c0 6.4 6.4 12.8 12.8 12.8zm-192 0h22.4c6.4 0 12.8-6.4 12.8-12.8V140.8c0-6.4-6.4-12.8-12.8-12.8h-22.4c-6.4 0-12.8 6.4-12.8 12.8v198.4c0 6.4 6.4 12.8 12.8 12.8zm96 0h22.4c6.4 0 12.8-6.4 12.8-12.8V204.8c0-6.4-6.4-12.8-12.8-12.8h-22.4c-6.4 0-12.8 6.4-12.8 12.8v134.4c0 6.4 6.4 12.8 12.8 12.8zM496 400H48V80c0-8.84-7.16-16-16-16H16C7.16 64 0 71.16 0 80v336c0 17.67 14.33 32 32 32h464c8.84 0 16-7.16 16-16v-16c0-8.84-7.16-16-16-16zm-387.2-48h22.4c6.4 0 12.8-6.4 12.8-12.8v-70.4c0-6.4-6.4-12.8-12.8-12.8h-22.4c-6.4 0-12.8 6.4-12.8 12.8v70.4c0 6.4 6.4 12.8 12.8 12.8z\" class=\"\"><\/path><\/svg><\/i> <img src=\"https:\/\/trc.pt\/2020\/wp-content\/plugins\/page-views-count\/ajax-loader.gif\" border=0 \/><\/p>\n<div class=\"pvc_clear\"><\/div>\n<p>CONTRATO-PROMESSA DE COMPRA E VENDA. FRAC\u00c7\u00c3O AUT\u00d3NOMA. PR\u00c9DIO. EXECU\u00c7\u00c3O ESPEC\u00cdFICA. INCUMPRIMENTO DEFINITIVO APELA\u00c7\u00c3O N\u00ba 3389\/09.2TBLRA.C1 Relator: FREITAS NETO Data do<\/p>\n","protected":false},"author":37,"featured_media":0,"comment_status":"open","ping_status":"open","sticky":false,"template":"","format":"standard","meta":[],"categories":[229],"tags":[],"_links":{"self":[{"href":"https:\/\/trc.pt\/2020\/wp-json\/wp\/v2\/posts\/32367"}],"collection":[{"href":"https:\/\/trc.pt\/2020\/wp-json\/wp\/v2\/posts"}],"about":[{"href":"https:\/\/trc.pt\/2020\/wp-json\/wp\/v2\/types\/post"}],"author":[{"embeddable":true,"href":"https:\/\/trc.pt\/2020\/wp-json\/wp\/v2\/users\/37"}],"replies":[{"embeddable":true,"href":"https:\/\/trc.pt\/2020\/wp-json\/wp\/v2\/comments?post=32367"}],"version-history":[{"count":0,"href":"https:\/\/trc.pt\/2020\/wp-json\/wp\/v2\/posts\/32367\/revisions"}],"wp:attachment":[{"href":"https:\/\/trc.pt\/2020\/wp-json\/wp\/v2\/media?parent=32367"}],"wp:term":[{"taxonomy":"category","embeddable":true,"href":"https:\/\/trc.pt\/2020\/wp-json\/wp\/v2\/categories?post=32367"},{"taxonomy":"post_tag","embeddable":true,"href":"https:\/\/trc.pt\/2020\/wp-json\/wp\/v2\/tags?post=32367"}],"curies":[{"name":"wp","href":"https:\/\/api.w.org\/{rel}","templated":true}]}}