{"id":32361,"date":"2014-06-02T13:28:48","date_gmt":"2014-06-02T13:28:48","guid":{"rendered":"https:\/\/trc.pt\/\/2014\/06\/02\/insolvencia-exoneracao-do-passivo-restante\/"},"modified":"2014-06-02T13:28:48","modified_gmt":"2014-06-02T13:28:48","slug":"insolvencia-exoneracao-do-passivo-restante","status":"publish","type":"post","link":"https:\/\/trc.pt\/2020\/insolvencia-exoneracao-do-passivo-restante\/","title":{"rendered":"Insolv\u00eancia. Exonera\u00e7\u00e3o do passivo restante"},"content":{"rendered":"<div class=\"pvc_clear\"><\/div>\n<p id=\"pvc_stats_32361\" class=\"pvc_stats all  \" data-element-id=\"32361\" style=\"\"><i class=\"pvc-stats-icon small\" aria-hidden=\"true\"><svg aria-hidden=\"true\" focusable=\"false\" data-prefix=\"far\" data-icon=\"chart-bar\" role=\"img\" xmlns=\"http:\/\/www.w3.org\/2000\/svg\" viewBox=\"0 0 512 512\" class=\"svg-inline--fa fa-chart-bar fa-w-16 fa-2x\"><path fill=\"currentColor\" d=\"M396.8 352h22.4c6.4 0 12.8-6.4 12.8-12.8V108.8c0-6.4-6.4-12.8-12.8-12.8h-22.4c-6.4 0-12.8 6.4-12.8 12.8v230.4c0 6.4 6.4 12.8 12.8 12.8zm-192 0h22.4c6.4 0 12.8-6.4 12.8-12.8V140.8c0-6.4-6.4-12.8-12.8-12.8h-22.4c-6.4 0-12.8 6.4-12.8 12.8v198.4c0 6.4 6.4 12.8 12.8 12.8zm96 0h22.4c6.4 0 12.8-6.4 12.8-12.8V204.8c0-6.4-6.4-12.8-12.8-12.8h-22.4c-6.4 0-12.8 6.4-12.8 12.8v134.4c0 6.4 6.4 12.8 12.8 12.8zM496 400H48V80c0-8.84-7.16-16-16-16H16C7.16 64 0 71.16 0 80v336c0 17.67 14.33 32 32 32h464c8.84 0 16-7.16 16-16v-16c0-8.84-7.16-16-16-16zm-387.2-48h22.4c6.4 0 12.8-6.4 12.8-12.8v-70.4c0-6.4-6.4-12.8-12.8-12.8h-22.4c-6.4 0-12.8 6.4-12.8 12.8v70.4c0 6.4 6.4 12.8 12.8 12.8z\" class=\"\"><\/path><\/svg><\/i> <img src=\"https:\/\/trc.pt\/2020\/wp-content\/plugins\/page-views-count\/ajax-loader.gif\" border=0 \/><\/p>\n<div class=\"pvc_clear\"><\/div>\n<p style=\"text-align: justify;\"> \t<strong>INSOLV\u00caNCIA. EXONERA\u00c7\u00c3O DO PASSIVO RESTANTE<br \/> \tAPELA\u00c7\u00c3O N\u00ba <\/strong>1006\/13.5TBCVL-C.C1<br \/> \t<strong>Relator: <\/strong>FERNANDO MONTEIRO<br \/> \t<strong>Data do Acord\u00e3o: <\/strong>13-05-2014<br \/> \t<strong>Tribunal: <\/strong>COVILH\u00c3 &#8211; 1\u00ba JU\u00cdZO<br \/> \t<strong>Legisla\u00e7\u00e3o: <\/strong>ART.234 CIRE, 824 CPC<br \/> \t<strong>Sum\u00e1rio: <\/strong><\/p>\n<ol>\n<li style=\"text-align: justify;\"> \t\tA exclus\u00e3o prevista no art.239\u00ba, n\u00ba3, al\u00ednea b), (i), do C\u00f3digo da Insolv\u00eancia tem como limite m\u00ednimo, em regra, o equivalente \u00e0 remunera\u00e7\u00e3o m\u00ednima garantida e como limite m\u00e1ximo o equivalente ao triplo do sal\u00e1rio m\u00ednimo nacional, s\u00f3 exced\u00edvel em casos excepcionais, devidamente fundamentados.<\/li>\n<li style=\"text-align: justify;\"> \t\tO sacrif\u00edcio financeiro dos credores legitima proporcional sacrif\u00edcio do insolvente.<\/li>\n<li style=\"text-align: justify;\"> \t\tO sustento minimamente digno do insolvente n\u00e3o se concretiza no que o mesmo diz precisar para o seu sustento mas no que \u00e9 necess\u00e1rio, num plano de normalidade e razoabilidade, para esse sustento m\u00ednimo.<\/li>\n<li style=\"text-align: justify;\"> \t\tO encargo com uma pens\u00e3o de alimentos deve ser avaliado em concreto.<\/li>\n<li style=\"text-align: justify;\"> \t\tEntende-se adequada e equilibrada a fixa\u00e7\u00e3o do valor equivalente a um sal\u00e1rio m\u00ednimo para o insolvente como o razoavelmente necess\u00e1rio para o seu sustento minimamente digno, cujo rendimento mensal monta a esse valor, estando ele obrigado a pagar uma pens\u00e3o de alimentos a uma filha, no valor de 150\u20ac mensais.<\/li>\n<\/ol>\n<p style=\"text-align: justify;\"> \t&nbsp;<\/p>\n<p style=\"text-align: justify;\"> \t<a href=\"http:\/\/www.dgsi.pt\/jtrc.nsf\/8fe0e606d8f56b22802576c0005637dc\/a9d380ed38be53ee80257ceb0035cd11?OpenDocument\" target=\"_blank\" rel=\"noopener noreferrer\">Consultar texto integral<\/a><\/p>\n<p> \t&nbsp;<\/p>\n","protected":false},"excerpt":{"rendered":"<div class=\"pvc_clear\"><\/div>\n<p id=\"pvc_stats_32361\" class=\"pvc_stats all  \" data-element-id=\"32361\" style=\"\"><i class=\"pvc-stats-icon small\" aria-hidden=\"true\"><svg aria-hidden=\"true\" focusable=\"false\" data-prefix=\"far\" data-icon=\"chart-bar\" role=\"img\" xmlns=\"http:\/\/www.w3.org\/2000\/svg\" viewBox=\"0 0 512 512\" class=\"svg-inline--fa fa-chart-bar fa-w-16 fa-2x\"><path fill=\"currentColor\" d=\"M396.8 352h22.4c6.4 0 12.8-6.4 12.8-12.8V108.8c0-6.4-6.4-12.8-12.8-12.8h-22.4c-6.4 0-12.8 6.4-12.8 12.8v230.4c0 6.4 6.4 12.8 12.8 12.8zm-192 0h22.4c6.4 0 12.8-6.4 12.8-12.8V140.8c0-6.4-6.4-12.8-12.8-12.8h-22.4c-6.4 0-12.8 6.4-12.8 12.8v198.4c0 6.4 6.4 12.8 12.8 12.8zm96 0h22.4c6.4 0 12.8-6.4 12.8-12.8V204.8c0-6.4-6.4-12.8-12.8-12.8h-22.4c-6.4 0-12.8 6.4-12.8 12.8v134.4c0 6.4 6.4 12.8 12.8 12.8zM496 400H48V80c0-8.84-7.16-16-16-16H16C7.16 64 0 71.16 0 80v336c0 17.67 14.33 32 32 32h464c8.84 0 16-7.16 16-16v-16c0-8.84-7.16-16-16-16zm-387.2-48h22.4c6.4 0 12.8-6.4 12.8-12.8v-70.4c0-6.4-6.4-12.8-12.8-12.8h-22.4c-6.4 0-12.8 6.4-12.8 12.8v70.4c0 6.4 6.4 12.8 12.8 12.8z\" class=\"\"><\/path><\/svg><\/i> <img src=\"https:\/\/trc.pt\/2020\/wp-content\/plugins\/page-views-count\/ajax-loader.gif\" border=0 \/><\/p>\n<div class=\"pvc_clear\"><\/div>\n<p>INSOLV\u00caNCIA. EXONERA\u00c7\u00c3O DO PASSIVO RESTANTE APELA\u00c7\u00c3O N\u00ba 1006\/13.5TBCVL-C.C1 Relator: FERNANDO MONTEIRO Data do Acord\u00e3o: 13-05-2014 Tribunal: COVILH\u00c3 &#8211; 1\u00ba JU\u00cdZO<\/p>\n","protected":false},"author":37,"featured_media":0,"comment_status":"open","ping_status":"open","sticky":false,"template":"","format":"standard","meta":[],"categories":[229],"tags":[],"_links":{"self":[{"href":"https:\/\/trc.pt\/2020\/wp-json\/wp\/v2\/posts\/32361"}],"collection":[{"href":"https:\/\/trc.pt\/2020\/wp-json\/wp\/v2\/posts"}],"about":[{"href":"https:\/\/trc.pt\/2020\/wp-json\/wp\/v2\/types\/post"}],"author":[{"embeddable":true,"href":"https:\/\/trc.pt\/2020\/wp-json\/wp\/v2\/users\/37"}],"replies":[{"embeddable":true,"href":"https:\/\/trc.pt\/2020\/wp-json\/wp\/v2\/comments?post=32361"}],"version-history":[{"count":0,"href":"https:\/\/trc.pt\/2020\/wp-json\/wp\/v2\/posts\/32361\/revisions"}],"wp:attachment":[{"href":"https:\/\/trc.pt\/2020\/wp-json\/wp\/v2\/media?parent=32361"}],"wp:term":[{"taxonomy":"category","embeddable":true,"href":"https:\/\/trc.pt\/2020\/wp-json\/wp\/v2\/categories?post=32361"},{"taxonomy":"post_tag","embeddable":true,"href":"https:\/\/trc.pt\/2020\/wp-json\/wp\/v2\/tags?post=32361"}],"curies":[{"name":"wp","href":"https:\/\/api.w.org\/{rel}","templated":true}]}}