{"id":32358,"date":"2014-06-02T13:18:50","date_gmt":"2014-06-02T13:18:50","guid":{"rendered":"https:\/\/trc.pt\/\/2014\/06\/02\/competencia-material-jurisdicao-administrativa-acidente-de-viacao-auto-estrada-concessionario\/"},"modified":"2014-06-02T13:18:50","modified_gmt":"2014-06-02T13:18:50","slug":"competencia-material-jurisdicao-administrativa-acidente-de-viacao-auto-estrada-concessionario","status":"publish","type":"post","link":"https:\/\/trc.pt\/2020\/competencia-material-jurisdicao-administrativa-acidente-de-viacao-auto-estrada-concessionario\/","title":{"rendered":"Compet\u00eancia material. Jurisdi\u00e7\u00e3o administrativa. Acidente de via\u00e7\u00e3o. Auto-estrada. Concession\u00e1rio"},"content":{"rendered":"<div class=\"pvc_clear\"><\/div>\n<p id=\"pvc_stats_32358\" class=\"pvc_stats all  \" data-element-id=\"32358\" style=\"\"><i class=\"pvc-stats-icon small\" aria-hidden=\"true\"><svg aria-hidden=\"true\" focusable=\"false\" data-prefix=\"far\" data-icon=\"chart-bar\" role=\"img\" xmlns=\"http:\/\/www.w3.org\/2000\/svg\" viewBox=\"0 0 512 512\" class=\"svg-inline--fa fa-chart-bar fa-w-16 fa-2x\"><path fill=\"currentColor\" d=\"M396.8 352h22.4c6.4 0 12.8-6.4 12.8-12.8V108.8c0-6.4-6.4-12.8-12.8-12.8h-22.4c-6.4 0-12.8 6.4-12.8 12.8v230.4c0 6.4 6.4 12.8 12.8 12.8zm-192 0h22.4c6.4 0 12.8-6.4 12.8-12.8V140.8c0-6.4-6.4-12.8-12.8-12.8h-22.4c-6.4 0-12.8 6.4-12.8 12.8v198.4c0 6.4 6.4 12.8 12.8 12.8zm96 0h22.4c6.4 0 12.8-6.4 12.8-12.8V204.8c0-6.4-6.4-12.8-12.8-12.8h-22.4c-6.4 0-12.8 6.4-12.8 12.8v134.4c0 6.4 6.4 12.8 12.8 12.8zM496 400H48V80c0-8.84-7.16-16-16-16H16C7.16 64 0 71.16 0 80v336c0 17.67 14.33 32 32 32h464c8.84 0 16-7.16 16-16v-16c0-8.84-7.16-16-16-16zm-387.2-48h22.4c6.4 0 12.8-6.4 12.8-12.8v-70.4c0-6.4-6.4-12.8-12.8-12.8h-22.4c-6.4 0-12.8 6.4-12.8 12.8v70.4c0 6.4 6.4 12.8 12.8 12.8z\" class=\"\"><\/path><\/svg><\/i> <img src=\"https:\/\/trc.pt\/2020\/wp-content\/plugins\/page-views-count\/ajax-loader.gif\" border=0 \/><\/p>\n<div class=\"pvc_clear\"><\/div>\n<p style=\"text-align: justify;\"> \t<strong>COMPET\u00caNCIA MATERIAL. JURISDI\u00c7\u00c3O ADMINISTRATIVA. ACIDENTE DE VIA\u00c7\u00c3O. AUTO-ESTRADA. CONCESSION\u00c1RIO<br \/> \tAPELA\u00c7\u00c3O N\u00ba<\/strong> 1158\/13.4TBLRA.C1<br \/> \t<strong>Relator: <\/strong>MARIA IN\u00caS MOURA<br \/> \t<strong>Data do Acord\u00e3o:<\/strong> 08-04-2014<br \/> \t<strong>Tribunal: <\/strong>LEIRIA &#8211; 5\u00ba JU\u00cdZO C\u00cdVEL<br \/> \t<strong>Legisla\u00e7\u00e3o: <\/strong>ARTS.211, 212 CRP, 64 CPC, 4 N\u00ba1 I) ETAF, LEI N\u00ba 67\/2007 DE 31\/12<br \/> \t<strong>Sum\u00e1rio: <\/strong><\/p>\n<p style=\"margin-left: 40px; text-align: justify;\"> \tEstando em causa a obten\u00e7\u00e3o do pagamento de uma indemniza\u00e7\u00e3o com fundamento na responsabilidade extra-contratual de empresa concession\u00e1ria de auto-estrada, na sequ\u00eancia desta alegadamente n\u00e3o ter assegurado a seguran\u00e7a da circula\u00e7\u00e3o na via, deve a sua responsabilidade ser aferida nos termos do art\u00ba 1\u00ba n\u00ba 5 da Lei 67\/2007 de 31 de Dezembro, sendo os Tribunais Administrativos os competentes para conhecer da ac\u00e7\u00e3o respectiva, nos termos do disposto no art\u00ba 4\u00ba n\u00ba 1 al. i) do ETAF.<br \/> \t&nbsp;<\/p>\n<p style=\"text-align: justify;\"> \t<a href=\"http:\/\/www.dgsi.pt\/jtrc.nsf\/8fe0e606d8f56b22802576c0005637dc\/1e6dbd63ed21b30980257ceb0036a644?OpenDocument\" target=\"_blank\" rel=\"noopener noreferrer\">Consultar texto integral<\/a><\/p>\n","protected":false},"excerpt":{"rendered":"<div class=\"pvc_clear\"><\/div>\n<p id=\"pvc_stats_32358\" class=\"pvc_stats all  \" data-element-id=\"32358\" style=\"\"><i class=\"pvc-stats-icon small\" aria-hidden=\"true\"><svg aria-hidden=\"true\" focusable=\"false\" data-prefix=\"far\" data-icon=\"chart-bar\" role=\"img\" xmlns=\"http:\/\/www.w3.org\/2000\/svg\" viewBox=\"0 0 512 512\" class=\"svg-inline--fa fa-chart-bar fa-w-16 fa-2x\"><path fill=\"currentColor\" d=\"M396.8 352h22.4c6.4 0 12.8-6.4 12.8-12.8V108.8c0-6.4-6.4-12.8-12.8-12.8h-22.4c-6.4 0-12.8 6.4-12.8 12.8v230.4c0 6.4 6.4 12.8 12.8 12.8zm-192 0h22.4c6.4 0 12.8-6.4 12.8-12.8V140.8c0-6.4-6.4-12.8-12.8-12.8h-22.4c-6.4 0-12.8 6.4-12.8 12.8v198.4c0 6.4 6.4 12.8 12.8 12.8zm96 0h22.4c6.4 0 12.8-6.4 12.8-12.8V204.8c0-6.4-6.4-12.8-12.8-12.8h-22.4c-6.4 0-12.8 6.4-12.8 12.8v134.4c0 6.4 6.4 12.8 12.8 12.8zM496 400H48V80c0-8.84-7.16-16-16-16H16C7.16 64 0 71.16 0 80v336c0 17.67 14.33 32 32 32h464c8.84 0 16-7.16 16-16v-16c0-8.84-7.16-16-16-16zm-387.2-48h22.4c6.4 0 12.8-6.4 12.8-12.8v-70.4c0-6.4-6.4-12.8-12.8-12.8h-22.4c-6.4 0-12.8 6.4-12.8 12.8v70.4c0 6.4 6.4 12.8 12.8 12.8z\" class=\"\"><\/path><\/svg><\/i> <img src=\"https:\/\/trc.pt\/2020\/wp-content\/plugins\/page-views-count\/ajax-loader.gif\" border=0 \/><\/p>\n<div class=\"pvc_clear\"><\/div>\n<p>COMPET\u00caNCIA MATERIAL. JURISDI\u00c7\u00c3O ADMINISTRATIVA. ACIDENTE DE VIA\u00c7\u00c3O. AUTO-ESTRADA. CONCESSION\u00c1RIO APELA\u00c7\u00c3O N\u00ba 1158\/13.4TBLRA.C1 Relator: MARIA IN\u00caS MOURA Data do Acord\u00e3o: 08-04-2014<\/p>\n","protected":false},"author":37,"featured_media":0,"comment_status":"open","ping_status":"open","sticky":false,"template":"","format":"standard","meta":[],"categories":[230],"tags":[],"_links":{"self":[{"href":"https:\/\/trc.pt\/2020\/wp-json\/wp\/v2\/posts\/32358"}],"collection":[{"href":"https:\/\/trc.pt\/2020\/wp-json\/wp\/v2\/posts"}],"about":[{"href":"https:\/\/trc.pt\/2020\/wp-json\/wp\/v2\/types\/post"}],"author":[{"embeddable":true,"href":"https:\/\/trc.pt\/2020\/wp-json\/wp\/v2\/users\/37"}],"replies":[{"embeddable":true,"href":"https:\/\/trc.pt\/2020\/wp-json\/wp\/v2\/comments?post=32358"}],"version-history":[{"count":0,"href":"https:\/\/trc.pt\/2020\/wp-json\/wp\/v2\/posts\/32358\/revisions"}],"wp:attachment":[{"href":"https:\/\/trc.pt\/2020\/wp-json\/wp\/v2\/media?parent=32358"}],"wp:term":[{"taxonomy":"category","embeddable":true,"href":"https:\/\/trc.pt\/2020\/wp-json\/wp\/v2\/categories?post=32358"},{"taxonomy":"post_tag","embeddable":true,"href":"https:\/\/trc.pt\/2020\/wp-json\/wp\/v2\/tags?post=32358"}],"curies":[{"name":"wp","href":"https:\/\/api.w.org\/{rel}","templated":true}]}}