{"id":32255,"date":"2014-05-21T09:59:34","date_gmt":"2014-05-21T09:59:34","guid":{"rendered":"https:\/\/trc.pt\/\/2014\/05\/21\/competencia-material-tribunal-administrativo-estradas-sociedade-anonima-sociedade-de-capital-publico-pessoa-colectiva-de-direito-privado-responsabilidade-civil-extracontratual-do-estado\/"},"modified":"2014-05-21T09:59:34","modified_gmt":"2014-05-21T09:59:34","slug":"competencia-material-tribunal-administrativo-estradas-sociedade-anonima-sociedade-de-capital-publico-pessoa-colectiva-de-direito-privado-responsabilidade-civil-extracontratual-do-estado","status":"publish","type":"post","link":"https:\/\/trc.pt\/2020\/competencia-material-tribunal-administrativo-estradas-sociedade-anonima-sociedade-de-capital-publico-pessoa-colectiva-de-direito-privado-responsabilidade-civil-extracontratual-do-estado\/","title":{"rendered":"Compet\u00eancia material. Tribunal administrativo. Estradas. Sociedade an\u00f3nima. Sociedade de capital p\u00fablico. Pessoa colectiva de direito privado. Responsabilidade civil extracontratual do estado"},"content":{"rendered":"<div class=\"pvc_clear\"><\/div>\n<p id=\"pvc_stats_32255\" class=\"pvc_stats all  \" data-element-id=\"32255\" style=\"\"><i class=\"pvc-stats-icon small\" aria-hidden=\"true\"><svg aria-hidden=\"true\" focusable=\"false\" data-prefix=\"far\" data-icon=\"chart-bar\" role=\"img\" xmlns=\"http:\/\/www.w3.org\/2000\/svg\" viewBox=\"0 0 512 512\" class=\"svg-inline--fa fa-chart-bar fa-w-16 fa-2x\"><path fill=\"currentColor\" d=\"M396.8 352h22.4c6.4 0 12.8-6.4 12.8-12.8V108.8c0-6.4-6.4-12.8-12.8-12.8h-22.4c-6.4 0-12.8 6.4-12.8 12.8v230.4c0 6.4 6.4 12.8 12.8 12.8zm-192 0h22.4c6.4 0 12.8-6.4 12.8-12.8V140.8c0-6.4-6.4-12.8-12.8-12.8h-22.4c-6.4 0-12.8 6.4-12.8 12.8v198.4c0 6.4 6.4 12.8 12.8 12.8zm96 0h22.4c6.4 0 12.8-6.4 12.8-12.8V204.8c0-6.4-6.4-12.8-12.8-12.8h-22.4c-6.4 0-12.8 6.4-12.8 12.8v134.4c0 6.4 6.4 12.8 12.8 12.8zM496 400H48V80c0-8.84-7.16-16-16-16H16C7.16 64 0 71.16 0 80v336c0 17.67 14.33 32 32 32h464c8.84 0 16-7.16 16-16v-16c0-8.84-7.16-16-16-16zm-387.2-48h22.4c6.4 0 12.8-6.4 12.8-12.8v-70.4c0-6.4-6.4-12.8-12.8-12.8h-22.4c-6.4 0-12.8 6.4-12.8 12.8v70.4c0 6.4 6.4 12.8 12.8 12.8z\" class=\"\"><\/path><\/svg><\/i> <img src=\"https:\/\/trc.pt\/2020\/wp-content\/plugins\/page-views-count\/ajax-loader.gif\" border=0 \/><\/p>\n<div class=\"pvc_clear\"><\/div>\n<p style=\"text-align: justify;\"> \t<strong>COMPET\u00caNCIA MATERIAL. TRIBUNAL ADMINISTRATIVO. ESTRADAS. SOCIEDADE AN\u00d3NIMA. SOCIEDADE DE CAPITAL P\u00daBLICO. PESSOA COLECTIVA DE DIREITO PRIVADO. RESPONSABILIDADE CIVIL EXTRACONTRATUAL DO ESTADO<br \/> \tAPELA\u00c7\u00c3O N\u00ba <\/strong>735\/13.8TBLSA.C1<br \/> \t<strong>Relator: <\/strong>FALC\u00c3O DE MAGALH\u00c3ES<br \/> \t<strong>Data do Acord\u00e3o: <\/strong>13-05-2014<br \/> \t<strong>Tribunal: <\/strong>TRIBUNAL JUDICIAL DA LOUS\u00c3.<br \/> \t<strong>Legisla\u00e7\u00e3o:<\/strong> ART\u00baS 22\u00ba DA LOFTJ (LEI N\u00ba 3\/99, DE 13\/01); 4\u00ba, N\u00ba1, ALS. G) E I) DO ETAF.<br \/> \t<strong>Sum\u00e1rio: <\/strong><\/p>\n<ol>\n<li style=\"text-align: justify;\"> \t\tDe acordo com o art\u00ba 22\u00ba n.\u00bas 1 e 2 da Lei de Organiza\u00e7\u00e3o e Funcionamento dos Tribunais Judiciais (LOFTJ), aprovada pela Lei n.\u00ba 3\/99, de 13 de Janeiro (com correspond\u00eancia no art\u00ba 24\u00ba, n.\u00bas 1 e 2, da Lei n.\u00ba 52\/2008, de 28 de Agosto), a compet\u00eancia fixa-se no momento em que a ac\u00e7\u00e3o se prop\u00f5e, sendo irrelevantes, at\u00e9, as modifica\u00e7\u00f5es de facto e de direito posteriores, excepto, quanto a estas \u00faltimas, se for suprimido o \u00f3rg\u00e3o a que estava afecto ou lhe for atribu\u00edda compet\u00eancia de que antes carecia (cfr. t.b. art\u00ba 60\u00ba do NCPC).<\/li>\n<li style=\"text-align: justify;\"> \t\tO art. 4\u00ba, n\u00ba 1, als. g) e i) do ETAF atribuiu compet\u00eancia aos tribunais administrativos e fiscais para apreciar (e decidir) a responsabilidade civil extracontratual das pessoas colectivas de direito p\u00fablico e dos sujeitos privados em rela\u00e7\u00e3o aos quais seja aplic\u00e1vel o regime espec\u00edfico da responsabilidade do Estado e demais pessoas colectivas de direito p\u00fablico.<\/li>\n<li style=\"text-align: justify;\"> \t\tMesmo em rela\u00e7\u00e3o \u00e0s entidades de direito privado, \u00e9 lhes aplic\u00e1vel o regime da responsabilidade civil extracontratual do Estado desde que estejam em causa ac\u00e7\u00f5es ou omiss\u00f5es levadas a cabo \u201cno exerc\u00edcio de prerrogativas de poder p\u00fablico ou que sejam regulados por disposi\u00e7\u00f5es ou princ\u00edpios de direito administrativo\u201d.<\/li>\n<li style=\"text-align: justify;\"> \t\tSucedendo \u00e0 \u201cEP-Estradas de Portugal\u201d, a \u201cEP &#8211; Estradas de Portugal, S.A.\u201d \u00e9 uma sociedade an\u00f3nima de capitais p\u00fablicos, que se rege pelo regime jur\u00eddico do sector empresarial do Estado, constante do Decreto-Lei n.\u00b0 558\/99, de 17 de Dezembro. (art\u00bas 1\u00ba, n\u00ba 1, 2\u00ba e 3\u00ba, do Decreto-Lei n\u00b0 374\/2007, de 7 de Novembro).<\/li>\n<li style=\"text-align: justify;\"> \t\tDerivando a responsabilidade extracontratual por que a r\u00e9 \u00e9 demandada das suas legais atribui\u00e7\u00f5es, a rela\u00e7\u00e3o material apresentada \u00e0 lide pela autora \u00e9 uma rela\u00e7\u00e3o materialmente administrativa.<\/li>\n<\/ol>\n<p style=\"text-align: justify;\"> \t<a href=\"http:\/\/www.dgsi.pt\/jtrc.nsf\/8fe0e606d8f56b22802576c0005637dc\/7a9d1d8fff07cd1d80257cde00356c27?OpenDocument\" target=\"_blank\" rel=\"noopener noreferrer\">Consultar texto integral<br \/> \t<\/a><\/p>\n","protected":false},"excerpt":{"rendered":"<div class=\"pvc_clear\"><\/div>\n<p id=\"pvc_stats_32255\" class=\"pvc_stats all  \" data-element-id=\"32255\" style=\"\"><i class=\"pvc-stats-icon small\" aria-hidden=\"true\"><svg aria-hidden=\"true\" focusable=\"false\" data-prefix=\"far\" data-icon=\"chart-bar\" role=\"img\" xmlns=\"http:\/\/www.w3.org\/2000\/svg\" viewBox=\"0 0 512 512\" class=\"svg-inline--fa fa-chart-bar fa-w-16 fa-2x\"><path fill=\"currentColor\" d=\"M396.8 352h22.4c6.4 0 12.8-6.4 12.8-12.8V108.8c0-6.4-6.4-12.8-12.8-12.8h-22.4c-6.4 0-12.8 6.4-12.8 12.8v230.4c0 6.4 6.4 12.8 12.8 12.8zm-192 0h22.4c6.4 0 12.8-6.4 12.8-12.8V140.8c0-6.4-6.4-12.8-12.8-12.8h-22.4c-6.4 0-12.8 6.4-12.8 12.8v198.4c0 6.4 6.4 12.8 12.8 12.8zm96 0h22.4c6.4 0 12.8-6.4 12.8-12.8V204.8c0-6.4-6.4-12.8-12.8-12.8h-22.4c-6.4 0-12.8 6.4-12.8 12.8v134.4c0 6.4 6.4 12.8 12.8 12.8zM496 400H48V80c0-8.84-7.16-16-16-16H16C7.16 64 0 71.16 0 80v336c0 17.67 14.33 32 32 32h464c8.84 0 16-7.16 16-16v-16c0-8.84-7.16-16-16-16zm-387.2-48h22.4c6.4 0 12.8-6.4 12.8-12.8v-70.4c0-6.4-6.4-12.8-12.8-12.8h-22.4c-6.4 0-12.8 6.4-12.8 12.8v70.4c0 6.4 6.4 12.8 12.8 12.8z\" class=\"\"><\/path><\/svg><\/i> <img src=\"https:\/\/trc.pt\/2020\/wp-content\/plugins\/page-views-count\/ajax-loader.gif\" border=0 \/><\/p>\n<div class=\"pvc_clear\"><\/div>\n<p>COMPET\u00caNCIA MATERIAL. TRIBUNAL ADMINISTRATIVO. ESTRADAS. SOCIEDADE AN\u00d3NIMA. SOCIEDADE DE CAPITAL P\u00daBLICO. PESSOA COLECTIVA DE DIREITO PRIVADO. RESPONSABILIDADE CIVIL EXTRACONTRATUAL DO<\/p>\n","protected":false},"author":37,"featured_media":0,"comment_status":"open","ping_status":"open","sticky":false,"template":"","format":"standard","meta":[],"categories":[230],"tags":[],"_links":{"self":[{"href":"https:\/\/trc.pt\/2020\/wp-json\/wp\/v2\/posts\/32255"}],"collection":[{"href":"https:\/\/trc.pt\/2020\/wp-json\/wp\/v2\/posts"}],"about":[{"href":"https:\/\/trc.pt\/2020\/wp-json\/wp\/v2\/types\/post"}],"author":[{"embeddable":true,"href":"https:\/\/trc.pt\/2020\/wp-json\/wp\/v2\/users\/37"}],"replies":[{"embeddable":true,"href":"https:\/\/trc.pt\/2020\/wp-json\/wp\/v2\/comments?post=32255"}],"version-history":[{"count":0,"href":"https:\/\/trc.pt\/2020\/wp-json\/wp\/v2\/posts\/32255\/revisions"}],"wp:attachment":[{"href":"https:\/\/trc.pt\/2020\/wp-json\/wp\/v2\/media?parent=32255"}],"wp:term":[{"taxonomy":"category","embeddable":true,"href":"https:\/\/trc.pt\/2020\/wp-json\/wp\/v2\/categories?post=32255"},{"taxonomy":"post_tag","embeddable":true,"href":"https:\/\/trc.pt\/2020\/wp-json\/wp\/v2\/tags?post=32255"}],"curies":[{"name":"wp","href":"https:\/\/api.w.org\/{rel}","templated":true}]}}