{"id":32253,"date":"2014-05-21T09:52:54","date_gmt":"2014-05-21T09:52:54","guid":{"rendered":"https:\/\/trc.pt\/\/2014\/05\/21\/benfeitoria-predio-urbano-terreno-alheio\/"},"modified":"2014-05-21T09:52:54","modified_gmt":"2014-05-21T09:52:54","slug":"benfeitoria-predio-urbano-terreno-alheio","status":"publish","type":"post","link":"https:\/\/trc.pt\/2020\/benfeitoria-predio-urbano-terreno-alheio\/","title":{"rendered":"Benfeitoria. Pr\u00e9dio urbano. Terreno. Alheio"},"content":{"rendered":"<div class=\"pvc_clear\"><\/div>\n<p id=\"pvc_stats_32253\" class=\"pvc_stats all  \" data-element-id=\"32253\" style=\"\"><i class=\"pvc-stats-icon small\" aria-hidden=\"true\"><svg aria-hidden=\"true\" focusable=\"false\" data-prefix=\"far\" data-icon=\"chart-bar\" role=\"img\" xmlns=\"http:\/\/www.w3.org\/2000\/svg\" viewBox=\"0 0 512 512\" class=\"svg-inline--fa fa-chart-bar fa-w-16 fa-2x\"><path fill=\"currentColor\" d=\"M396.8 352h22.4c6.4 0 12.8-6.4 12.8-12.8V108.8c0-6.4-6.4-12.8-12.8-12.8h-22.4c-6.4 0-12.8 6.4-12.8 12.8v230.4c0 6.4 6.4 12.8 12.8 12.8zm-192 0h22.4c6.4 0 12.8-6.4 12.8-12.8V140.8c0-6.4-6.4-12.8-12.8-12.8h-22.4c-6.4 0-12.8 6.4-12.8 12.8v198.4c0 6.4 6.4 12.8 12.8 12.8zm96 0h22.4c6.4 0 12.8-6.4 12.8-12.8V204.8c0-6.4-6.4-12.8-12.8-12.8h-22.4c-6.4 0-12.8 6.4-12.8 12.8v134.4c0 6.4 6.4 12.8 12.8 12.8zM496 400H48V80c0-8.84-7.16-16-16-16H16C7.16 64 0 71.16 0 80v336c0 17.67 14.33 32 32 32h464c8.84 0 16-7.16 16-16v-16c0-8.84-7.16-16-16-16zm-387.2-48h22.4c6.4 0 12.8-6.4 12.8-12.8v-70.4c0-6.4-6.4-12.8-12.8-12.8h-22.4c-6.4 0-12.8 6.4-12.8 12.8v70.4c0 6.4 6.4 12.8 12.8 12.8z\" class=\"\"><\/path><\/svg><\/i> <img src=\"https:\/\/trc.pt\/2020\/wp-content\/plugins\/page-views-count\/ajax-loader.gif\" border=0 \/><\/p>\n<div class=\"pvc_clear\"><\/div>\n<p style=\"text-align: justify;\"> \t<strong>BENFEITORIA. PR\u00c9DIO URBANO. TERRENO. ALHEIO<br \/> \tAPELA\u00c7\u00c3O N\u00ba<\/strong> 1068\/08.7TBTMR-B.C1<br \/> \t<strong>Relator: <\/strong>HENRIQUE ANTUNES<br \/> \t<strong>Data do Acord\u00e3o:<\/strong> 13-05-2014<br \/> \t<strong>Tribunal: <\/strong>TRIBUNAL JUDICIAL DE TOMAR \u2013 1\u00ba JU\u00cdZO<br \/> \t<strong>Legisla\u00e7\u00e3o:<\/strong> ART\u00ba 216\u00ba DO C. CIVIL.<br \/> \t<strong>Sum\u00e1rio:<\/strong><\/p>\n<ol>\n<li style=\"text-align: justify;\"> \t\tDe harmonia com a orienta\u00e7\u00e3o jurisprudencial prevalecente, o pr\u00e9dio urbano constru\u00eddo, pelos c\u00f4njuges, terreno de um s\u00f3 deles, deve ser considerado uma benfeitoria e como tal deve ser descrito no invent\u00e1rio consequente \u00e0 extin\u00e7\u00e3o, por div\u00f3rcio, da comunh\u00e3o de bens entre eles.<\/li>\n<li style=\"text-align: justify;\"> \t\tNo regime de bens de comunh\u00e3o de adquiridos considera-se bem pr\u00f3prio do c\u00f4njuge, por for\u00e7a da titularidade de bens pr\u00f3prios, o proveniente de acess\u00f5es, sem preju\u00edzo da compensa\u00e7\u00e3o, devida pelo c\u00f4njuge propriet\u00e1rio, ao patrim\u00f3nio conjugal comum ou ao outro c\u00f4njuge, conforme o caso.<\/li>\n<\/ol>\n<p style=\"text-align: justify;\"> \t<a href=\"http:\/\/www.dgsi.pt\/jtrc.nsf\/8fe0e606d8f56b22802576c0005637dc\/4518d96ed7e5223880257cde0034878c?OpenDocument\" target=\"_blank\" rel=\"noopener noreferrer\">Consultar texto integral<br \/> \t<\/a><\/p>\n","protected":false},"excerpt":{"rendered":"<div class=\"pvc_clear\"><\/div>\n<p id=\"pvc_stats_32253\" class=\"pvc_stats all  \" data-element-id=\"32253\" style=\"\"><i class=\"pvc-stats-icon small\" aria-hidden=\"true\"><svg aria-hidden=\"true\" focusable=\"false\" data-prefix=\"far\" data-icon=\"chart-bar\" role=\"img\" xmlns=\"http:\/\/www.w3.org\/2000\/svg\" viewBox=\"0 0 512 512\" class=\"svg-inline--fa fa-chart-bar fa-w-16 fa-2x\"><path fill=\"currentColor\" d=\"M396.8 352h22.4c6.4 0 12.8-6.4 12.8-12.8V108.8c0-6.4-6.4-12.8-12.8-12.8h-22.4c-6.4 0-12.8 6.4-12.8 12.8v230.4c0 6.4 6.4 12.8 12.8 12.8zm-192 0h22.4c6.4 0 12.8-6.4 12.8-12.8V140.8c0-6.4-6.4-12.8-12.8-12.8h-22.4c-6.4 0-12.8 6.4-12.8 12.8v198.4c0 6.4 6.4 12.8 12.8 12.8zm96 0h22.4c6.4 0 12.8-6.4 12.8-12.8V204.8c0-6.4-6.4-12.8-12.8-12.8h-22.4c-6.4 0-12.8 6.4-12.8 12.8v134.4c0 6.4 6.4 12.8 12.8 12.8zM496 400H48V80c0-8.84-7.16-16-16-16H16C7.16 64 0 71.16 0 80v336c0 17.67 14.33 32 32 32h464c8.84 0 16-7.16 16-16v-16c0-8.84-7.16-16-16-16zm-387.2-48h22.4c6.4 0 12.8-6.4 12.8-12.8v-70.4c0-6.4-6.4-12.8-12.8-12.8h-22.4c-6.4 0-12.8 6.4-12.8 12.8v70.4c0 6.4 6.4 12.8 12.8 12.8z\" class=\"\"><\/path><\/svg><\/i> <img src=\"https:\/\/trc.pt\/2020\/wp-content\/plugins\/page-views-count\/ajax-loader.gif\" border=0 \/><\/p>\n<div class=\"pvc_clear\"><\/div>\n<p>BENFEITORIA. PR\u00c9DIO URBANO. TERRENO. ALHEIO APELA\u00c7\u00c3O N\u00ba 1068\/08.7TBTMR-B.C1 Relator: HENRIQUE ANTUNES Data do Acord\u00e3o: 13-05-2014 Tribunal: TRIBUNAL JUDICIAL DE TOMAR<\/p>\n","protected":false},"author":37,"featured_media":0,"comment_status":"open","ping_status":"open","sticky":false,"template":"","format":"standard","meta":[],"categories":[229],"tags":[],"_links":{"self":[{"href":"https:\/\/trc.pt\/2020\/wp-json\/wp\/v2\/posts\/32253"}],"collection":[{"href":"https:\/\/trc.pt\/2020\/wp-json\/wp\/v2\/posts"}],"about":[{"href":"https:\/\/trc.pt\/2020\/wp-json\/wp\/v2\/types\/post"}],"author":[{"embeddable":true,"href":"https:\/\/trc.pt\/2020\/wp-json\/wp\/v2\/users\/37"}],"replies":[{"embeddable":true,"href":"https:\/\/trc.pt\/2020\/wp-json\/wp\/v2\/comments?post=32253"}],"version-history":[{"count":0,"href":"https:\/\/trc.pt\/2020\/wp-json\/wp\/v2\/posts\/32253\/revisions"}],"wp:attachment":[{"href":"https:\/\/trc.pt\/2020\/wp-json\/wp\/v2\/media?parent=32253"}],"wp:term":[{"taxonomy":"category","embeddable":true,"href":"https:\/\/trc.pt\/2020\/wp-json\/wp\/v2\/categories?post=32253"},{"taxonomy":"post_tag","embeddable":true,"href":"https:\/\/trc.pt\/2020\/wp-json\/wp\/v2\/tags?post=32253"}],"curies":[{"name":"wp","href":"https:\/\/api.w.org\/{rel}","templated":true}]}}