{"id":32250,"date":"2014-05-21T09:43:28","date_gmt":"2014-05-21T09:43:28","guid":{"rendered":"https:\/\/trc.pt\/\/2014\/05\/21\/condominio-obras-danos-responsabilidade-solidaria-empreiteiro\/"},"modified":"2014-05-21T09:43:28","modified_gmt":"2014-05-21T09:43:28","slug":"condominio-obras-danos-responsabilidade-solidaria-empreiteiro","status":"publish","type":"post","link":"https:\/\/trc.pt\/2020\/condominio-obras-danos-responsabilidade-solidaria-empreiteiro\/","title":{"rendered":"Condom\u00ednio. Obras. Danos. Responsabilidade solid\u00e1ria. Empreiteiro"},"content":{"rendered":"<div class=\"pvc_clear\"><\/div>\n<p id=\"pvc_stats_32250\" class=\"pvc_stats all  \" data-element-id=\"32250\" style=\"\"><i class=\"pvc-stats-icon small\" aria-hidden=\"true\"><svg aria-hidden=\"true\" focusable=\"false\" data-prefix=\"far\" data-icon=\"chart-bar\" role=\"img\" xmlns=\"http:\/\/www.w3.org\/2000\/svg\" viewBox=\"0 0 512 512\" class=\"svg-inline--fa fa-chart-bar fa-w-16 fa-2x\"><path fill=\"currentColor\" d=\"M396.8 352h22.4c6.4 0 12.8-6.4 12.8-12.8V108.8c0-6.4-6.4-12.8-12.8-12.8h-22.4c-6.4 0-12.8 6.4-12.8 12.8v230.4c0 6.4 6.4 12.8 12.8 12.8zm-192 0h22.4c6.4 0 12.8-6.4 12.8-12.8V140.8c0-6.4-6.4-12.8-12.8-12.8h-22.4c-6.4 0-12.8 6.4-12.8 12.8v198.4c0 6.4 6.4 12.8 12.8 12.8zm96 0h22.4c6.4 0 12.8-6.4 12.8-12.8V204.8c0-6.4-6.4-12.8-12.8-12.8h-22.4c-6.4 0-12.8 6.4-12.8 12.8v134.4c0 6.4 6.4 12.8 12.8 12.8zM496 400H48V80c0-8.84-7.16-16-16-16H16C7.16 64 0 71.16 0 80v336c0 17.67 14.33 32 32 32h464c8.84 0 16-7.16 16-16v-16c0-8.84-7.16-16-16-16zm-387.2-48h22.4c6.4 0 12.8-6.4 12.8-12.8v-70.4c0-6.4-6.4-12.8-12.8-12.8h-22.4c-6.4 0-12.8 6.4-12.8 12.8v70.4c0 6.4 6.4 12.8 12.8 12.8z\" class=\"\"><\/path><\/svg><\/i> <img src=\"https:\/\/trc.pt\/2020\/wp-content\/plugins\/page-views-count\/ajax-loader.gif\" border=0 \/><\/p>\n<div class=\"pvc_clear\"><\/div>\n<p style=\"text-align: justify;\"> \t<strong>CONDOM\u00cdNIO. OBRAS. DANOS. RESPONSABILIDADE SOLID\u00c1RIA. EMPREITEIRO<br \/> \tAPELA\u00c7\u00c3O N\u00ba <\/strong>808\/12.4TBFIG.C1<br \/> \t<strong>Relator: <\/strong>JAIME FERREIRA<br \/> \t<strong>Data do Acord\u00e3o: <\/strong>13-05-2014<br \/> \t<strong>Tribunal:<\/strong> TRIBUNAL JUDICIAL DA FIGUEIRA DA FOZ &#8211; JU\u00cdZO<br \/> \t<strong>Legisla\u00e7\u00e3o:<\/strong> ART\u00baS 493\u00ba, N\u00ba 1, 1346\u00ba E 1422\u00ba, N\u00baS 1 E 2, AL. A) DO C. CIVIL.<br \/> \t<strong>Sum\u00e1rio: <\/strong><\/p>\n<ol>\n<li style=\"text-align: justify;\"> \t\tEnquanto cond\u00f3minos e nas rela\u00e7\u00f5es entre si, os ditos est\u00e3o sujeitos, de um modo geral, quer quanto \u00e0s respectivas frac\u00e7\u00f5es quer quanto \u00e0s partes comuns, \u00e0s limita\u00e7\u00f5es impostas aos propriet\u00e1rios e aos compropriet\u00e1rios de coisas im\u00f3veis, sendo especialmente vedado aos cond\u00f3minos prejudicar, quer com obras novas, quer por falta de repara\u00e7\u00e3o, a seguran\u00e7a, a linha arquitect\u00f3nica ou o arranjo est\u00e9tico do edif\u00edcio \u2013 art\u00ba 1422\u00ba, n\u00bas 1 e 2, al. a) do C. Civil.<\/li>\n<li style=\"text-align: justify;\"> \t\tNessa linha de deveres\/direitos cabe a cada cond\u00f3mino, al\u00e9m do mais, defender a sua frac\u00e7\u00e3o de eventuais agress\u00f5es ou de poss\u00edveis danos resultantes de comportamentos dos demais cond\u00f3minos nas pr\u00f3prias frac\u00e7\u00f5es, por aplica\u00e7\u00e3o do disposto no art\u00ba 1346\u00ba do C. Civil, designadamente de produ\u00e7\u00e3o de trepida\u00e7\u00f5es e de outros quaisquer factos semelhantes, sempre que tais factos importem um preju\u00edzo substancial para o uso das frac\u00e7\u00f5es afectadas e n\u00e3o resultem da utiliza\u00e7\u00e3o normal da frac\u00e7\u00e3o de que emanam. E isto at\u00e9 pela raz\u00e3o de ser e conte\u00fado do direito de propriedade de cada cond\u00f3mino, resultante do art\u00ba 1305\u00ba do C. Civil.<\/li>\n<li style=\"text-align: justify;\"> \t\tDo que resulta que um cond\u00f3mino, no \u00e2mbito do exerc\u00edcio de propriet\u00e1rio da sua frac\u00e7\u00e3o, deve adoptar comportamentos especialmente respeitosos em rela\u00e7\u00e3o aos demais donos das frac\u00e7\u00f5es do condom\u00ednio, sendo-lhe especialmente vedado prejudicar, quer com obras novas, quer por falta de repara\u00e7\u00e3o, a seguran\u00e7a, a linha arquitect\u00f3nica ou o arranjo est\u00e9tico do edif\u00edcio e, acrescentamos n\u00f3s, a integridade e boa conserva\u00e7\u00e3o das demais frac\u00e7\u00f5es, sob pena de abuso de direito.<\/li>\n<li style=\"text-align: justify;\"> \t\tQuando um dado cond\u00f3mino n\u00e3o zele por estes princ\u00edpios e n\u00e3o respeite os direitos dos demais cond\u00f3minos, levando a cabo obras na sua frac\u00e7\u00e3o que lesem as demais frac\u00e7\u00f5es, em manifesto desrespeito pelas referidas regras e limites, pode cair na previs\u00e3o do art\u00ba 493\u00ba, n\u00ba 1 do C. Civil, disposi\u00e7\u00e3o que tamb\u00e9m imp\u00f5e aos cond\u00f3minos o dever de vigiar as suas frac\u00e7\u00f5es, mormente tendo em conta os direitos dos demais cond\u00f3minos, sendo-lhe especialmente vedado prejudicar estes.<\/li>\n<li style=\"text-align: justify;\"> \t\tDonde resulta que um cond\u00f3mino que viole tal dever responde pelos danos que causar aos restantes cond\u00f3minos, presumindo-se existir culpa desse cond\u00f3mino.<\/li>\n<li style=\"text-align: justify;\"> \t\tPresumindo a culpa do R\u00e9u-cond\u00f3mino, pela falta de vigil\u00e2ncia a que votou a realiza\u00e7\u00e3o de obras na sua frac\u00e7\u00e3o, deve responder pelos danos causados na frac\u00e7\u00e3o dos Autores, nos termos conjugados dos art\u00bas 493\u00ba, n\u00ba 1; 1305\u00ba; 1346\u00ba e 1422\u00ba, n\u00bas 1 e 2, al. a), todos do C. Civil.<\/li>\n<\/ol>\n<p style=\"text-align: justify;\"> \t&nbsp;<\/p>\n<p style=\"text-align: justify;\"> \t<a href=\"http:\/\/www.dgsi.pt\/jtrc.nsf\/8fe0e606d8f56b22802576c0005637dc\/9605d7cac605626180257cde0031c5f4?OpenDocument\" target=\"_blank\" rel=\"noopener noreferrer\">Consultar texto integral<\/a><\/p>\n","protected":false},"excerpt":{"rendered":"<div class=\"pvc_clear\"><\/div>\n<p id=\"pvc_stats_32250\" class=\"pvc_stats all  \" data-element-id=\"32250\" style=\"\"><i class=\"pvc-stats-icon small\" aria-hidden=\"true\"><svg aria-hidden=\"true\" focusable=\"false\" data-prefix=\"far\" data-icon=\"chart-bar\" role=\"img\" xmlns=\"http:\/\/www.w3.org\/2000\/svg\" viewBox=\"0 0 512 512\" class=\"svg-inline--fa fa-chart-bar fa-w-16 fa-2x\"><path fill=\"currentColor\" d=\"M396.8 352h22.4c6.4 0 12.8-6.4 12.8-12.8V108.8c0-6.4-6.4-12.8-12.8-12.8h-22.4c-6.4 0-12.8 6.4-12.8 12.8v230.4c0 6.4 6.4 12.8 12.8 12.8zm-192 0h22.4c6.4 0 12.8-6.4 12.8-12.8V140.8c0-6.4-6.4-12.8-12.8-12.8h-22.4c-6.4 0-12.8 6.4-12.8 12.8v198.4c0 6.4 6.4 12.8 12.8 12.8zm96 0h22.4c6.4 0 12.8-6.4 12.8-12.8V204.8c0-6.4-6.4-12.8-12.8-12.8h-22.4c-6.4 0-12.8 6.4-12.8 12.8v134.4c0 6.4 6.4 12.8 12.8 12.8zM496 400H48V80c0-8.84-7.16-16-16-16H16C7.16 64 0 71.16 0 80v336c0 17.67 14.33 32 32 32h464c8.84 0 16-7.16 16-16v-16c0-8.84-7.16-16-16-16zm-387.2-48h22.4c6.4 0 12.8-6.4 12.8-12.8v-70.4c0-6.4-6.4-12.8-12.8-12.8h-22.4c-6.4 0-12.8 6.4-12.8 12.8v70.4c0 6.4 6.4 12.8 12.8 12.8z\" class=\"\"><\/path><\/svg><\/i> <img src=\"https:\/\/trc.pt\/2020\/wp-content\/plugins\/page-views-count\/ajax-loader.gif\" border=0 \/><\/p>\n<div class=\"pvc_clear\"><\/div>\n<p>CONDOM\u00cdNIO. OBRAS. DANOS. RESPONSABILIDADE SOLID\u00c1RIA. EMPREITEIRO APELA\u00c7\u00c3O N\u00ba 808\/12.4TBFIG.C1 Relator: JAIME FERREIRA Data do Acord\u00e3o: 13-05-2014 Tribunal: TRIBUNAL JUDICIAL DA<\/p>\n","protected":false},"author":37,"featured_media":0,"comment_status":"open","ping_status":"open","sticky":false,"template":"","format":"standard","meta":[],"categories":[229],"tags":[],"_links":{"self":[{"href":"https:\/\/trc.pt\/2020\/wp-json\/wp\/v2\/posts\/32250"}],"collection":[{"href":"https:\/\/trc.pt\/2020\/wp-json\/wp\/v2\/posts"}],"about":[{"href":"https:\/\/trc.pt\/2020\/wp-json\/wp\/v2\/types\/post"}],"author":[{"embeddable":true,"href":"https:\/\/trc.pt\/2020\/wp-json\/wp\/v2\/users\/37"}],"replies":[{"embeddable":true,"href":"https:\/\/trc.pt\/2020\/wp-json\/wp\/v2\/comments?post=32250"}],"version-history":[{"count":0,"href":"https:\/\/trc.pt\/2020\/wp-json\/wp\/v2\/posts\/32250\/revisions"}],"wp:attachment":[{"href":"https:\/\/trc.pt\/2020\/wp-json\/wp\/v2\/media?parent=32250"}],"wp:term":[{"taxonomy":"category","embeddable":true,"href":"https:\/\/trc.pt\/2020\/wp-json\/wp\/v2\/categories?post=32250"},{"taxonomy":"post_tag","embeddable":true,"href":"https:\/\/trc.pt\/2020\/wp-json\/wp\/v2\/tags?post=32250"}],"curies":[{"name":"wp","href":"https:\/\/api.w.org\/{rel}","templated":true}]}}