{"id":31107,"date":"2012-03-09T14:46:50","date_gmt":"2012-03-09T14:46:50","guid":{"rendered":"https:\/\/trc.pt\/\/2012\/03\/09\/destaques-da-semana-de-05-a-09-de-marco-2012\/"},"modified":"2012-03-09T14:46:50","modified_gmt":"2012-03-09T14:46:50","slug":"destaques-da-semana-de-05-a-09-de-marco-2012","status":"publish","type":"post","link":"https:\/\/trc.pt\/2020\/destaques-da-semana-de-05-a-09-de-marco-2012\/","title":{"rendered":"Destaques da semana de 05 a 09 de Mar\u00e7o 2012"},"content":{"rendered":"<div class=\"pvc_clear\"><\/div>\n<p id=\"pvc_stats_31107\" class=\"pvc_stats all  \" data-element-id=\"31107\" style=\"\"><i class=\"pvc-stats-icon small\" aria-hidden=\"true\"><svg aria-hidden=\"true\" focusable=\"false\" data-prefix=\"far\" data-icon=\"chart-bar\" role=\"img\" xmlns=\"http:\/\/www.w3.org\/2000\/svg\" viewBox=\"0 0 512 512\" class=\"svg-inline--fa fa-chart-bar fa-w-16 fa-2x\"><path fill=\"currentColor\" d=\"M396.8 352h22.4c6.4 0 12.8-6.4 12.8-12.8V108.8c0-6.4-6.4-12.8-12.8-12.8h-22.4c-6.4 0-12.8 6.4-12.8 12.8v230.4c0 6.4 6.4 12.8 12.8 12.8zm-192 0h22.4c6.4 0 12.8-6.4 12.8-12.8V140.8c0-6.4-6.4-12.8-12.8-12.8h-22.4c-6.4 0-12.8 6.4-12.8 12.8v198.4c0 6.4 6.4 12.8 12.8 12.8zm96 0h22.4c6.4 0 12.8-6.4 12.8-12.8V204.8c0-6.4-6.4-12.8-12.8-12.8h-22.4c-6.4 0-12.8 6.4-12.8 12.8v134.4c0 6.4 6.4 12.8 12.8 12.8zM496 400H48V80c0-8.84-7.16-16-16-16H16C7.16 64 0 71.16 0 80v336c0 17.67 14.33 32 32 32h464c8.84 0 16-7.16 16-16v-16c0-8.84-7.16-16-16-16zm-387.2-48h22.4c6.4 0 12.8-6.4 12.8-12.8v-70.4c0-6.4-6.4-12.8-12.8-12.8h-22.4c-6.4 0-12.8 6.4-12.8 12.8v70.4c0 6.4 6.4 12.8 12.8 12.8z\" class=\"\"><\/path><\/svg><\/i> <img src=\"https:\/\/trc.pt\/2020\/wp-content\/plugins\/page-views-count\/ajax-loader.gif\" border=0 \/><\/p>\n<div class=\"pvc_clear\"><\/div>\n<p>&nbsp;<\/p>\n<p>&nbsp;<\/p>\n<p>&nbsp;<\/p>\n<p>&nbsp;<\/p>\n<p>&nbsp;<\/p>\n<p style=\"text-align: center;\"><span style=\"font-size: 16px;\"><strong><em><span style=\"color: rgb(0, 0, 153);\">DI\u00c1RIO                DA REP\u00daBLICA<\/span><\/em><\/strong><\/span><\/p>\n<p>&nbsp;<\/p>\n<p>&nbsp;<\/p>\n<p>&nbsp;<\/p>\n<p>&nbsp;<\/p>\n<p>&nbsp;<\/p>\n<p>&nbsp;<\/p>\n<p style=\"text-align: justify;\">&nbsp;<\/p>\n<div><span style=\"font-size:10.0pt;color:#333333\">Esta semana destacamos<\/span><\/div>\n<div>&nbsp;<\/div>\n<div>&nbsp;<\/div>\n<div><b>Medicamentos<\/b><\/div>\n<div><a target=\"_blank\" href=\"https:\/\/awr.pt\/trc2020\/wp-content\/uploads\/2012\/03\/0097800979.pdf\" rel=\"noopener noreferrer\"><span style=\"font-size: 14px;\"><strong>Lei n.&ordm; 11\/2012. <acronym title=\"Di\u00e1rio da Rep\u00fablica\">D.R.<\/acronym> n.&ordm; 49, S\u00e9rie I de 2012-03-08<\/strong><\/span><\/a><span style=\"font-size: 14px;\"> <\/span><span style=\"font-size:10.0pt;Arial&quot;,&quot;sans-serif&quot;;Times New Roman&quot;\">&#8211; Aprova novas regras de prescri\u00e7\u00e3o e dispensa de medicamentos, introduzindo altera\u00e7\u00f5es a diplomas legais relativos a esta mat\u00e9ria, entre os quais, o Regime Jur\u00eddico dos Medicamentos de Uso Humano. <\/span><\/div>\n<div>&nbsp;<\/div>\n<div>&nbsp;<\/div>\n<div>&nbsp;<\/div>\n<div><b>Suspens\u00e3o provis\u00f3ria do processo<\/b><\/div>\n<div><span style=\"font-size: 14px;\"><a target=\"_blank\" href=\"https:\/\/awr.pt\/trc2020\/wp-content\/uploads\/2012\/03\/0811608117.pdf\" rel=\"noopener noreferrer\"><strong>Ac\u00f3rd\u00e3o n.&ordm; 7\/2012. <acronym title=\"Di\u00e1rio da Rep\u00fablica\">D.R.<\/acronym> n.&ordm; 46, S\u00e9rie II de 2012-03-05<\/strong><\/a><\/span><span style=\"font-size:10.0pt;Arial&quot;,&quot;sans-serif&quot;;Times New Roman&quot;\"> &#8211; Decide n\u00e3o julgar inconstitucional norma do C\u00f3digo de Processo Penal no que se refere \u00e0 suspens\u00e3o provis\u00f3ria do processo, quando o arguido tenha sido apresentado para julgamento em processo sum\u00e1rio e o Minist\u00e9rio P\u00fablico entenda, com a concord\u00e2ncia do arguido, que se justifica tal suspens\u00e3o. <\/span><\/div>\n<div>&nbsp;<\/div>\n<div>&nbsp;<\/div>\n<div>&nbsp;<\/div>\n<div><b>Prazos processuais<\/b><\/div>\n<div><a target=\"_blank\" href=\"https:\/\/awr.pt\/trc2020\/wp-content\/uploads\/2012\/03\/0827808280.pdf\" rel=\"noopener noreferrer\"><span style=\"font-size: 14px;\"><strong>Ac\u00f3rd\u00e3o n.&ordm; 33\/2012. <acronym title=\"Di\u00e1rio da Rep\u00fablica\">D.R.<\/acronym> n.&ordm; 47, S\u00e9rie II de 2012-03-06<\/strong><\/span><\/a><strong><span style=\"font-size: 10pt;\"> <\/span><\/strong><span style=\"font-size:10.0pt;Arial&quot;,&quot;sans-serif&quot;;Times New Roman&quot;\">&#8211; Decide n\u00e3o julgar inconstitucional a interpreta\u00e7\u00e3o dada a norma do C\u00f3digo de Processo Civil, relativa \u00e0 pr\u00e1tica de atos processuais pelo Minist\u00e9rio P\u00fablico dentro dos tr\u00eas primeiros dias \u00fateis subsequentes ao termo do prazo. <\/span><\/div>\n<div>&nbsp;<\/div>\n<div>&nbsp;<\/div>\n<div>&nbsp;<\/div>\n<div><b>Instala\u00e7\u00f5es el\u00e9tricas<\/b><\/div>\n<div><a target=\"_blank\" href=\"https:\/\/awr.pt\/trc2020\/wp-content\/uploads\/2012\/03\/0104001047.pdf\" rel=\"noopener noreferrer\"><span style=\"font-size: 14px;\"><strong>Ac\u00f3rd\u00e3o do Tribunal Constitucional n.&ordm; 88\/2012. <acronym title=\"Di\u00e1rio da Rep\u00fablica\">D.R.<\/acronym> n.&ordm; 49, S\u00e9rie I de 2012-03-08<\/strong><\/span><\/a><span style=\"font-size:10.0pt;Arial&quot;,&quot;sans-serif&quot;;Times New Roman&quot;\"> &#8211; Aprecia e declara a inconstitucionalidade, com for\u00e7a obrigat\u00f3ria geral, de v\u00e1rias normas do regime jur\u00eddico da atividade de executante de instala\u00e7\u00f5es el\u00e9tricas de servi\u00e7o particular na Regi\u00e3o Aut\u00f3noma da Madeira, por viola\u00e7\u00e3o da reserva de compet\u00eancia legislativa. <\/span><\/div>\n<div>&nbsp;<\/div>\n<div>&nbsp;<\/div>\n<div>&nbsp;<\/div>\n<div><b>Ordem dos Advogados<\/b><\/div>\n<p><a target=\"_blank\" href=\"https:\/\/awr.pt\/trc2020\/wp-content\/uploads\/2012\/03\/0106901078.pdf\" rel=\"noopener noreferrer\"><span style=\"font-size: 14px;\"><strong>Ac\u00f3rd\u00e3o do Tribunal Constitucional n.&ordm; 89\/2012. <acronym title=\"Di\u00e1rio da Rep\u00fablica\">D.R.<\/acronym> n.&ordm; 50, S\u00e9rie I de 2012-03-09<\/strong><\/span><\/a><strong><span style=\"font-size: 10pt;\"> <\/span><\/strong><span style=\"font-size:10.0pt;Arial&quot;,&quot;sans-serif&quot;;Times New Roman&quot;;\">&#8211; Declara inconstitucional a altera\u00e7\u00e3o introduzida ao Regulamento Nacional de Est\u00e1gio da Ordem dos Advogados, aprovada por delibera\u00e7\u00e3o do Conselho Geral da Ordem dos Advogados<\/span><\/p>\n<p>&nbsp;<\/p>\n","protected":false},"excerpt":{"rendered":"<div class=\"pvc_clear\"><\/div>\n<p id=\"pvc_stats_31107\" class=\"pvc_stats all  \" data-element-id=\"31107\" style=\"\"><i class=\"pvc-stats-icon small\" aria-hidden=\"true\"><svg aria-hidden=\"true\" focusable=\"false\" data-prefix=\"far\" data-icon=\"chart-bar\" role=\"img\" xmlns=\"http:\/\/www.w3.org\/2000\/svg\" viewBox=\"0 0 512 512\" class=\"svg-inline--fa fa-chart-bar fa-w-16 fa-2x\"><path fill=\"currentColor\" d=\"M396.8 352h22.4c6.4 0 12.8-6.4 12.8-12.8V108.8c0-6.4-6.4-12.8-12.8-12.8h-22.4c-6.4 0-12.8 6.4-12.8 12.8v230.4c0 6.4 6.4 12.8 12.8 12.8zm-192 0h22.4c6.4 0 12.8-6.4 12.8-12.8V140.8c0-6.4-6.4-12.8-12.8-12.8h-22.4c-6.4 0-12.8 6.4-12.8 12.8v198.4c0 6.4 6.4 12.8 12.8 12.8zm96 0h22.4c6.4 0 12.8-6.4 12.8-12.8V204.8c0-6.4-6.4-12.8-12.8-12.8h-22.4c-6.4 0-12.8 6.4-12.8 12.8v134.4c0 6.4 6.4 12.8 12.8 12.8zM496 400H48V80c0-8.84-7.16-16-16-16H16C7.16 64 0 71.16 0 80v336c0 17.67 14.33 32 32 32h464c8.84 0 16-7.16 16-16v-16c0-8.84-7.16-16-16-16zm-387.2-48h22.4c6.4 0 12.8-6.4 12.8-12.8v-70.4c0-6.4-6.4-12.8-12.8-12.8h-22.4c-6.4 0-12.8 6.4-12.8 12.8v70.4c0 6.4 6.4 12.8 12.8 12.8z\" class=\"\"><\/path><\/svg><\/i> <img src=\"https:\/\/trc.pt\/2020\/wp-content\/plugins\/page-views-count\/ajax-loader.gif\" border=0 \/><\/p>\n<div class=\"pvc_clear\"><\/div>\n<p>&nbsp; &nbsp; &nbsp; &nbsp; &nbsp; DI\u00c1RIO DA REP\u00daBLICA &nbsp; &nbsp; &nbsp; &nbsp; &nbsp; &nbsp; &nbsp; Esta semana destacamos &nbsp; &nbsp;<\/p>\n","protected":false},"author":1,"featured_media":0,"comment_status":"open","ping_status":"open","sticky":false,"template":"","format":"standard","meta":[],"categories":[243],"tags":[],"_links":{"self":[{"href":"https:\/\/trc.pt\/2020\/wp-json\/wp\/v2\/posts\/31107"}],"collection":[{"href":"https:\/\/trc.pt\/2020\/wp-json\/wp\/v2\/posts"}],"about":[{"href":"https:\/\/trc.pt\/2020\/wp-json\/wp\/v2\/types\/post"}],"author":[{"embeddable":true,"href":"https:\/\/trc.pt\/2020\/wp-json\/wp\/v2\/users\/1"}],"replies":[{"embeddable":true,"href":"https:\/\/trc.pt\/2020\/wp-json\/wp\/v2\/comments?post=31107"}],"version-history":[{"count":0,"href":"https:\/\/trc.pt\/2020\/wp-json\/wp\/v2\/posts\/31107\/revisions"}],"wp:attachment":[{"href":"https:\/\/trc.pt\/2020\/wp-json\/wp\/v2\/media?parent=31107"}],"wp:term":[{"taxonomy":"category","embeddable":true,"href":"https:\/\/trc.pt\/2020\/wp-json\/wp\/v2\/categories?post=31107"},{"taxonomy":"post_tag","embeddable":true,"href":"https:\/\/trc.pt\/2020\/wp-json\/wp\/v2\/tags?post=31107"}],"curies":[{"name":"wp","href":"https:\/\/api.w.org\/{rel}","templated":true}]}}