{"id":30895,"date":"2012-02-17T16:00:47","date_gmt":"2012-02-17T16:00:47","guid":{"rendered":"https:\/\/trc.pt\/\/2012\/02\/17\/principais-destaques-da-semana-de-13-a-17-de-fevereiro-2011\/"},"modified":"2012-02-17T16:00:47","modified_gmt":"2012-02-17T16:00:47","slug":"principais-destaques-da-semana-de-13-a-17-de-fevereiro-2011","status":"publish","type":"post","link":"https:\/\/trc.pt\/2020\/principais-destaques-da-semana-de-13-a-17-de-fevereiro-2011\/","title":{"rendered":"Principais destaques da semana de 13 a 17 de Fevereiro 2012"},"content":{"rendered":"<div class=\"pvc_clear\"><\/div>\n<p id=\"pvc_stats_30895\" class=\"pvc_stats all  \" data-element-id=\"30895\" style=\"\"><i class=\"pvc-stats-icon small\" aria-hidden=\"true\"><svg aria-hidden=\"true\" focusable=\"false\" data-prefix=\"far\" data-icon=\"chart-bar\" role=\"img\" xmlns=\"http:\/\/www.w3.org\/2000\/svg\" viewBox=\"0 0 512 512\" class=\"svg-inline--fa fa-chart-bar fa-w-16 fa-2x\"><path fill=\"currentColor\" d=\"M396.8 352h22.4c6.4 0 12.8-6.4 12.8-12.8V108.8c0-6.4-6.4-12.8-12.8-12.8h-22.4c-6.4 0-12.8 6.4-12.8 12.8v230.4c0 6.4 6.4 12.8 12.8 12.8zm-192 0h22.4c6.4 0 12.8-6.4 12.8-12.8V140.8c0-6.4-6.4-12.8-12.8-12.8h-22.4c-6.4 0-12.8 6.4-12.8 12.8v198.4c0 6.4 6.4 12.8 12.8 12.8zm96 0h22.4c6.4 0 12.8-6.4 12.8-12.8V204.8c0-6.4-6.4-12.8-12.8-12.8h-22.4c-6.4 0-12.8 6.4-12.8 12.8v134.4c0 6.4 6.4 12.8 12.8 12.8zM496 400H48V80c0-8.84-7.16-16-16-16H16C7.16 64 0 71.16 0 80v336c0 17.67 14.33 32 32 32h464c8.84 0 16-7.16 16-16v-16c0-8.84-7.16-16-16-16zm-387.2-48h22.4c6.4 0 12.8-6.4 12.8-12.8v-70.4c0-6.4-6.4-12.8-12.8-12.8h-22.4c-6.4 0-12.8 6.4-12.8 12.8v70.4c0 6.4 6.4 12.8 12.8 12.8z\" class=\"\"><\/path><\/svg><\/i> <img src=\"https:\/\/trc.pt\/2020\/wp-content\/plugins\/page-views-count\/ajax-loader.gif\" border=0 \/><\/p>\n<div class=\"pvc_clear\"><\/div>\n<p style=\"text-align: center;\">&nbsp;<\/p>\n<p style=\"text-align: left;\">&nbsp;<\/p>\n<p style=\"text-align: left;\">&nbsp;<\/p>\n<p style=\"text-align: left;\">&nbsp;<\/p>\n<p style=\"text-align: left;\">&nbsp;<\/p>\n<p style=\"text-align: center;\"><font size=\"2\"><span style=\"font-size: 14px;\"><strong><em><span style=\"color: rgb(0, 0, 153);\">DI\u00c1RIO                DA REP\u00daBLICA<\/span><\/em><\/strong><\/span><\/font><\/p>\n<p style=\"text-align: left;\">&nbsp;<\/p>\n<p style=\"text-align: left;\">&nbsp;<\/p>\n<p style=\"text-align: left;\">&nbsp;<\/p>\n<p style=\"text-align: left;\">&nbsp;<\/p>\n<p style=\"text-align: left;\">&nbsp;<\/p>\n<p style=\"text-align: left;\">&nbsp;<\/p>\n<p style=\"text-align: left;\">&nbsp;<\/p>\n<div><span style=\"font-size:10.0pt;color:#333333\">Esta semana destacamos:<\/span><\/div>\n<div>&nbsp;<\/div>\n<div><strong><span style=\"font-size: 14px;\"><br \/> <\/span><\/strong><\/div>\n<div><strong><span style=\"font-size: 14px;\">Setor financeiro<\/span><\/strong><\/div>\n<div><a target=\"_blank\" href=\"https:\/\/awr.pt\/trc2020\/wp-content\/uploads\/2012\/02\/0000200101.pdf\" rel=\"noopener noreferrer\"><strong><span style=\"font-size: 14px;\">Decreto-Lei n.&ordm; 31-A\/2012. <acronym title=\"Di\u00e1rio da Rep\u00fablica\">D.R.<\/acronym> n.&ordm; 30, Suplemento, S\u00e9rie I de 2012-02-10<\/span><\/strong><\/a><span style=\"font-size:10.0pt;Arial&quot;,&quot;sans-serif&quot;;Times New Roman&quot;\"> &#8211; Refor\u00e7a os poderes de interven\u00e7\u00e3o do Banco de Portugal em institui\u00e7\u00f5es sujeitas \u00e0 sua supervis\u00e3o, procedendo, em consequ\u00eancia, \u00e0 altera\u00e7\u00e3o do Regime Geral das Institui\u00e7\u00f5es de Cr\u00e9dito e Sociedades Financeiras, do Fundo de Garantia do Cr\u00e9dito Agr\u00edcola M\u00fatuo, do Regime de Liquida\u00e7\u00e3o e Saneamento das Institui\u00e7\u00f5es de Cr\u00e9dito e Sociedades Financeiras e da Lei Org\u00e2nica do Banco de Portugal. <\/span><\/div>\n<div>&nbsp;<\/div>\n<div>&nbsp;<\/div>\n<div>&nbsp;<\/div>\n<div><strong><span style=\"font-size: 14px;\">Custas processuais<\/span><\/strong><\/div>\n<div><a target=\"_blank\" href=\"https:\/\/awr.pt\/trc2020\/wp-content\/uploads\/2012\/02\/0068100699.pdf\" rel=\"noopener noreferrer\"><strong><span style=\"font-size: 14px;\">Lei n.&ordm; 7\/2012. <acronym title=\"Di\u00e1rio da Rep\u00fablica\">D.R.<\/acronym> n.&ordm; 31, S\u00e9rie I de 2012-02-13<\/span><\/strong><\/a><span style=\"font-size:10.0pt;Arial&quot;,&quot;sans-serif&quot;;Times New Roman&quot;\"> &#8211; Introduz altera\u00e7\u00f5es ao Regulamento das Custas Processuais. <\/span><\/div>\n<div>&nbsp;<\/div>\n<div>&nbsp;<\/div>\n<div><span style=\"font-size: 14px;\"><strong><br \/> <\/strong><\/span><\/div>\n<div><span style=\"font-size: 14px;\"><strong>OR\u00c7AMENTO DE ESTADO 2012<\/strong><\/span><\/div>\n<div><a target=\"_blank\" href=\"https:\/\/awr.pt\/trc2020\/wp-content\/uploads\/2012\/02\/0069900725.pdf\" rel=\"noopener noreferrer\"><span style=\"font-size: 14px;\"><strong>Decreto-Lei n.&ordm; 32\/2012. <acronym title=\"Di\u00e1rio da Rep\u00fablica\">D.R.<\/acronym> n.&ordm; 31, S\u00e9rie I de 2012-02-13<\/strong><\/span><\/a><span style=\"font-size:10.0pt;Arial&quot;,&quot;sans-serif&quot;;Times New Roman&quot;\"> &#8211; Aprova as normas de execu\u00e7\u00e3o do Or\u00e7amento do Estado para 2012 e procede \u00e0 altera\u00e7\u00e3o de v\u00e1rios diplomas legais, nomeadamente da Lei Geral Tribut\u00e1ria e do Estatuto da Aposenta\u00e7\u00e3o, entre outros. <\/span><\/div>\n<div>&nbsp;<\/div>\n<div>&nbsp;<\/div>\n<div>&nbsp;<\/div>\n<div><span style=\"font-size: 14px;\"><strong>IRS Tabelas de reten\u00e7\u00e3o na fonte<\/strong><\/span><\/div>\n<div><a href=\"https:\/\/awr.pt\/trc2020\/wp-content\/uploads\/2012\/02\/0000200010.pdf\" target=\"_blank\" rel=\"noopener noreferrer\"><span style=\"font-size: 14px;\"><strong>Despacho n.&ordm; 2075-A\/2012. <acronym title=\"Di\u00e1rio da Rep\u00fablica\">D.R.<\/acronym> n.&ordm; 31, Suplemento, S\u00e9rie II de 2012-02-13<\/strong><\/span><\/a><span style=\"font-size: 14px;\"><strong><span> <\/span><\/strong><\/span><span style=\"font-size:10.0pt;Arial&quot;,&quot;sans-serif&quot;;Times New Roman&quot;\">&#8211; Aprova as tabelas de reten\u00e7\u00e3o na fonte para vigorarem durante o ano de 2012. <\/span><\/div>\n<div>&nbsp;<\/div>\n<div>&nbsp;<\/div>\n<div><span style=\"font-size: 14px;\"><strong><br \/> <\/strong><\/span><\/div>\n<div><span style=\"font-size: 14px;\"><strong>Professor universit\u00e1rio<br \/> Ac\u00f3rd\u00e3o uniformizador<br \/> <\/strong><\/span><\/div>\n<div><a target=\"_blank\" href=\"https:\/\/awr.pt\/trc2020\/wp-content\/uploads\/2012\/02\/0079700802.pdf\" rel=\"noopener noreferrer\"><span style=\"font-size: 14px;\"><strong>Ac\u00f3rd\u00e3o do Supremo Tribunal Administrativo n.&ordm; 2\/2012. <acronym title=\"Di\u00e1rio da Rep\u00fablica\">D.R.<\/acronym> n.&ordm; 35, S\u00e9rie I de 2012-02-17<\/strong><\/span><\/a><span style=\"font-size:10.0pt;Arial&quot;,&quot;sans-serif&quot;;Times New Roman&quot;\"> &#8211; Uniformiza jurisprud\u00eancia relativa ao diploma que aprovou o estatuto remunerat\u00f3rio do pessoal docente universit\u00e1rio e do ensino superior polit\u00e9cnico e do pessoal de investiga\u00e7\u00e3o cient\u00edfica, no que se refere designadamente \u00e0s regras de promo\u00e7\u00e3o do pessoal, no sentido de as considerar como lei especial, prevalecendo sobre as regras gerais para as carreiras da Administra\u00e7\u00e3o P\u00fablica. <\/span><\/div>\n<p>&nbsp;<\/p>\n","protected":false},"excerpt":{"rendered":"<div class=\"pvc_clear\"><\/div>\n<p id=\"pvc_stats_30895\" class=\"pvc_stats all  \" data-element-id=\"30895\" style=\"\"><i class=\"pvc-stats-icon small\" aria-hidden=\"true\"><svg aria-hidden=\"true\" focusable=\"false\" data-prefix=\"far\" data-icon=\"chart-bar\" role=\"img\" xmlns=\"http:\/\/www.w3.org\/2000\/svg\" viewBox=\"0 0 512 512\" class=\"svg-inline--fa fa-chart-bar fa-w-16 fa-2x\"><path fill=\"currentColor\" d=\"M396.8 352h22.4c6.4 0 12.8-6.4 12.8-12.8V108.8c0-6.4-6.4-12.8-12.8-12.8h-22.4c-6.4 0-12.8 6.4-12.8 12.8v230.4c0 6.4 6.4 12.8 12.8 12.8zm-192 0h22.4c6.4 0 12.8-6.4 12.8-12.8V140.8c0-6.4-6.4-12.8-12.8-12.8h-22.4c-6.4 0-12.8 6.4-12.8 12.8v198.4c0 6.4 6.4 12.8 12.8 12.8zm96 0h22.4c6.4 0 12.8-6.4 12.8-12.8V204.8c0-6.4-6.4-12.8-12.8-12.8h-22.4c-6.4 0-12.8 6.4-12.8 12.8v134.4c0 6.4 6.4 12.8 12.8 12.8zM496 400H48V80c0-8.84-7.16-16-16-16H16C7.16 64 0 71.16 0 80v336c0 17.67 14.33 32 32 32h464c8.84 0 16-7.16 16-16v-16c0-8.84-7.16-16-16-16zm-387.2-48h22.4c6.4 0 12.8-6.4 12.8-12.8v-70.4c0-6.4-6.4-12.8-12.8-12.8h-22.4c-6.4 0-12.8 6.4-12.8 12.8v70.4c0 6.4 6.4 12.8 12.8 12.8z\" class=\"\"><\/path><\/svg><\/i> <img src=\"https:\/\/trc.pt\/2020\/wp-content\/plugins\/page-views-count\/ajax-loader.gif\" border=0 \/><\/p>\n<div class=\"pvc_clear\"><\/div>\n<p>&nbsp; &nbsp; &nbsp; &nbsp; &nbsp; DI\u00c1RIO DA REP\u00daBLICA &nbsp; &nbsp; &nbsp; &nbsp; &nbsp; &nbsp; &nbsp; Esta semana destacamos: &nbsp; Setor<\/p>\n","protected":false},"author":1,"featured_media":0,"comment_status":"open","ping_status":"open","sticky":false,"template":"","format":"standard","meta":[],"categories":[243],"tags":[],"_links":{"self":[{"href":"https:\/\/trc.pt\/2020\/wp-json\/wp\/v2\/posts\/30895"}],"collection":[{"href":"https:\/\/trc.pt\/2020\/wp-json\/wp\/v2\/posts"}],"about":[{"href":"https:\/\/trc.pt\/2020\/wp-json\/wp\/v2\/types\/post"}],"author":[{"embeddable":true,"href":"https:\/\/trc.pt\/2020\/wp-json\/wp\/v2\/users\/1"}],"replies":[{"embeddable":true,"href":"https:\/\/trc.pt\/2020\/wp-json\/wp\/v2\/comments?post=30895"}],"version-history":[{"count":0,"href":"https:\/\/trc.pt\/2020\/wp-json\/wp\/v2\/posts\/30895\/revisions"}],"wp:attachment":[{"href":"https:\/\/trc.pt\/2020\/wp-json\/wp\/v2\/media?parent=30895"}],"wp:term":[{"taxonomy":"category","embeddable":true,"href":"https:\/\/trc.pt\/2020\/wp-json\/wp\/v2\/categories?post=30895"},{"taxonomy":"post_tag","embeddable":true,"href":"https:\/\/trc.pt\/2020\/wp-json\/wp\/v2\/tags?post=30895"}],"curies":[{"name":"wp","href":"https:\/\/api.w.org\/{rel}","templated":true}]}}