{"id":30780,"date":"2010-10-02T14:29:10","date_gmt":"2010-10-02T14:29:10","guid":{"rendered":"https:\/\/trc.pt\/\/2010\/10\/02\/destaques-do-diario-da-republica-de-outubro-de-2010\/"},"modified":"2010-10-02T14:29:10","modified_gmt":"2010-10-02T14:29:10","slug":"destaques-do-diario-da-republica-de-outubro-de-2010","status":"publish","type":"post","link":"https:\/\/trc.pt\/2020\/destaques-do-diario-da-republica-de-outubro-de-2010\/","title":{"rendered":"Destaques do Di\u00e1rio da Rep\u00fablica de Outubro de 2010"},"content":{"rendered":"<div class=\"pvc_clear\"><\/div>\n<p id=\"pvc_stats_30780\" class=\"pvc_stats all  \" data-element-id=\"30780\" style=\"\"><i class=\"pvc-stats-icon small\" aria-hidden=\"true\"><svg aria-hidden=\"true\" focusable=\"false\" data-prefix=\"far\" data-icon=\"chart-bar\" role=\"img\" xmlns=\"http:\/\/www.w3.org\/2000\/svg\" viewBox=\"0 0 512 512\" class=\"svg-inline--fa fa-chart-bar fa-w-16 fa-2x\"><path fill=\"currentColor\" d=\"M396.8 352h22.4c6.4 0 12.8-6.4 12.8-12.8V108.8c0-6.4-6.4-12.8-12.8-12.8h-22.4c-6.4 0-12.8 6.4-12.8 12.8v230.4c0 6.4 6.4 12.8 12.8 12.8zm-192 0h22.4c6.4 0 12.8-6.4 12.8-12.8V140.8c0-6.4-6.4-12.8-12.8-12.8h-22.4c-6.4 0-12.8 6.4-12.8 12.8v198.4c0 6.4 6.4 12.8 12.8 12.8zm96 0h22.4c6.4 0 12.8-6.4 12.8-12.8V204.8c0-6.4-6.4-12.8-12.8-12.8h-22.4c-6.4 0-12.8 6.4-12.8 12.8v134.4c0 6.4 6.4 12.8 12.8 12.8zM496 400H48V80c0-8.84-7.16-16-16-16H16C7.16 64 0 71.16 0 80v336c0 17.67 14.33 32 32 32h464c8.84 0 16-7.16 16-16v-16c0-8.84-7.16-16-16-16zm-387.2-48h22.4c6.4 0 12.8-6.4 12.8-12.8v-70.4c0-6.4-6.4-12.8-12.8-12.8h-22.4c-6.4 0-12.8 6.4-12.8 12.8v70.4c0 6.4 6.4 12.8 12.8 12.8z\" class=\"\"><\/path><\/svg><\/i> <img src=\"https:\/\/trc.pt\/2020\/wp-content\/plugins\/page-views-count\/ajax-loader.gif\" border=0 \/><\/p>\n<div class=\"pvc_clear\"><\/div>\n<p style=\"text-align: justify;\">&nbsp;<\/p>\n<p>&nbsp;<\/p>\n<p>&nbsp;<\/p>\n<p>&nbsp;<\/p>\n<p>&nbsp;<\/p>\n<p>&nbsp;<\/p>\n<p style=\"text-align: center;\"><span style=\"color: rgb(0, 0, 255);\"><span style=\"font-size: 14px;\"><strong>DI\u00c1RIO DA REP\u00daBLICA I S\u00c9RIE<\/strong><\/span><\/span><span style=\"font-size: 14px;\"><strong><br \/> &nbsp; <a name=\"Topo\"><span style=\"color: rgb(0, 0, 255);\"><span style=\"font-size: 18px;\">Outubro 2010<\/span><\/span><\/a><\/strong><\/span>&nbsp;<\/p>\n<p style=\"text-align: center;\"><span style=\"font-size: 14px;\"><span style=\"color: rgb(0, 0, 255);\"><span style=\"font-size: 18px;\"><span style=\"font-size: 10px;\"><span style=\"font-size: 11px;\"><a href=\"#II_serie\">ver II s\u00e9rie<\/a><br \/> <\/span><\/span><\/span><\/span><\/span><\/p>\n<p style=\"text-align: justify;\">&nbsp;<\/p>\n<p style=\"text-align: justify;\">&nbsp;<\/p>\n<p style=\"text-align: justify;\">&nbsp;<\/p>\n<p style=\"text-align: justify;\">&nbsp;<\/p>\n<div><a href=\"http:\/\/www.dre.pt\/util\/getpdf.asp?s=diad&amp;serie=1&amp;iddr=2010.211&amp;iddip=20102662\" title=\"Ver Resolu\u00e7\u00e3o da Assembleia da Rep\u00fablica n.&ordm; 115\/2010\">Resolu\u00e7\u00e3o da Assembleia da Rep\u00fablica n.&ordm; 115\/2010. <acronym title=\"Di\u00e1rio da Rep\u00fablica\">D.R.<\/acronym> n.&ordm; 211, S\u00e9rie I de 2010-10-29<\/a><br \/> <strong>Assembleia da Rep\u00fablica<\/strong><br \/> Or\u00e7amento da Assembleia da Rep\u00fablica para 2011<\/div>\n<p>&nbsp;<\/p>\n<p style=\"text-align: justify;\">&nbsp;<\/p>\n<p style=\"text-align: justify;\">&nbsp;<\/p>\n<p style=\"text-align: justify;\">&nbsp;<\/p>\n<div><a href=\"http:\/\/www.dre.pt\/util\/getpdf.asp?s=diad&amp;serie=1&amp;iddr=2010.211&amp;iddip=20102661\" title=\"Ver Resolu\u00e7\u00e3o da Assembleia da Rep\u00fablica n.&ordm; 114\/2010\">Resolu\u00e7\u00e3o da Assembleia da Rep\u00fablica n.&ordm; 114\/2010. <acronym title=\"Di\u00e1rio da Rep\u00fablica\">D.R.<\/acronym> n.&ordm; 211, S\u00e9rie I de 2010-10-29<\/a><br \/> <strong>Assembleia da Rep\u00fablica<\/strong><br \/> Recomenda  ao Governo a elabora\u00e7\u00e3o de legisla\u00e7\u00e3o para a obrigatoriedade de  divulga\u00e7\u00e3o da factura energ\u00e9tica da administra\u00e7\u00e3o p\u00fablica directa e  indirecta<\/div>\n<p>&nbsp;<\/p>\n<p style=\"text-align: justify;\">&nbsp;<\/p>\n<p style=\"text-align: justify;\">&nbsp;<\/p>\n<p style=\"text-align: justify;\">&nbsp;<\/p>\n<div><a title=\"Ver Portaria n.&ordm; 1113\/2010\" href=\"http:\/\/www.dre.pt\/util\/getpdf.asp?s=diad&amp;serie=1&amp;iddr=2010.210&amp;iddip=20102653\">Portaria n.&ordm; 1113\/2010. <acronym title=\"Di\u00e1rio da Rep\u00fablica\">D.R.<\/acronym> n.&ordm; 210, S\u00e9rie I de 2010-10-28<\/a><br \/> <strong>Minist\u00e9rios das Finan\u00e7as e da Administra\u00e7\u00e3o P\u00fablica e do Trabalho e da Solidariedade Social<\/strong><br \/> Fixa  os montantes do abono de fam\u00edlia para crian\u00e7as e jovens, do abono de  fam\u00edlia pr\u00e9-natal e das respectivas majora\u00e7\u00f5es do segundo titular e  seguintes e situa\u00e7\u00f5es de monoparentalidade<\/div>\n<p>&nbsp;<\/p>\n<p>&nbsp;<\/p>\n<p style=\"text-align: justify;\">&nbsp;<\/p>\n<p style=\"text-align: justify;\">&nbsp;<\/p>\n<div><a title=\"Ver Decreto-Lei n.&ordm; 121\/2010\" href=\"http:\/\/www.dre.pt\/util\/getpdf.asp?s=diad&amp;serie=1&amp;iddr=2010.209&amp;iddip=20102647\">Decreto-Lei n.&ordm; 121\/2010. <acronym title=\"Di\u00e1rio da Rep\u00fablica\">D.R.<\/acronym> n.&ordm; 209, S\u00e9rie I de 2010-10-27<\/a><br \/> <strong>Minist\u00e9rio do Trabalho e&nbsp;da&nbsp;Solidariedade&nbsp;Social<\/strong><br \/> Estabelece os requisitos para habilita\u00e7\u00e3o dos candidatos ao apadrinhamento civil e procede \u00e0 regulamenta\u00e7\u00e3o da <a title=\"Lei n.&ordm; 103\/2009\" href=\"http:\/\/www.dre.pt\/util\/getdiplomas.asp?s=sug&amp;iddip=20092460\">Lei n.&ordm; 103\/2009<\/a>, de 11 de Setembro<a title=\"Ler o resumo do diploma em Portugu\u00eas Claro\" href=\"http:\/\/www.dre.pt\/sug\/1s\/diplomas_resumo.asp?id=20102647&amp;p=dia\"><br \/> Resumo em Portugu\u00eas Claro<\/a><\/div>\n<p>&nbsp;<\/p>\n<p style=\"text-align: justify;\">&nbsp;<\/p>\n<p style=\"text-align: justify;\">&nbsp;<\/p>\n<div><a title=\"Ver Decreto-Lei n.&ordm; 120\/2010\" href=\"http:\/\/www.dre.pt\/util\/getpdf.asp?s=diad&amp;serie=1&amp;iddr=2010.209&amp;iddip=20102639\">Decreto-Lei n.&ordm; 120\/2010. <acronym title=\"Di\u00e1rio da Rep\u00fablica\">D.R.<\/acronym> n.&ordm; 209, S\u00e9rie I de 2010-10-27<\/a><br \/> <strong>Minist\u00e9rio da Justi\u00e7a<\/strong><br \/> Regula a constitui\u00e7\u00e3o e funcionamento da Comiss\u00e3o de Protec\u00e7\u00e3o \u00e0s V\u00edtimas de Crimes, em regulamenta\u00e7\u00e3o da <a title=\"Lei n.&ordm; 104\/2009\" href=\"http:\/\/www.dre.pt\/util\/getdiplomas.asp?s=sug&amp;iddip=20092482\">Lei n.&ordm; 104\/2009<\/a>, de 14 de Setembro<a title=\"Ler o resumo do diploma em Portugu\u00eas Claro\" href=\"http:\/\/www.dre.pt\/sug\/1s\/diplomas_resumo.asp?id=20102639&amp;p=dia\"><br \/> Resumo em Portugu\u00eas Claro<\/a><\/div>\n<p>&nbsp;<\/p>\n<p style=\"text-align: justify;\">&nbsp;<\/p>\n<p style=\"text-align: justify;\">&nbsp;<\/p>\n<div><a title=\"Ver Decreto-Lei n.&ordm; 119\/2010\" href=\"http:\/\/www.dre.pt\/util\/getpdf.asp?s=diad&amp;serie=1&amp;iddr=2010.209&amp;iddip=20102638\">Decreto-Lei n.&ordm; 119\/2010. <acronym title=\"Di\u00e1rio da Rep\u00fablica\">D.R.<\/acronym> n.&ordm; 209, S\u00e9rie I de 2010-10-27<\/a><br \/> <strong>Minist\u00e9rio da Administra\u00e7\u00e3o Interna<\/strong><br \/> Refor\u00e7a os mecanismos de localiza\u00e7\u00e3o e seguran\u00e7a do transporte de explosivos e procede \u00e0 segunda altera\u00e7\u00e3o ao <a title=\"Decreto-Lei n.&ordm; 521\/71\" href=\"http:\/\/www.dre.pt\/util\/getdiplomas.asp?s=sug&amp;iddip=19712173\">Decreto-Lei n.&ordm; 521\/71<\/a>, de 24 de Novembro<a title=\"Ler o resumo do diploma em Portugu\u00eas Claro\" href=\"http:\/\/www.dre.pt\/sug\/1s\/diplomas_resumo.asp?id=20102638&amp;p=dia\"><br \/> Resumo em Portugu\u00eas Claro<\/a><\/div>\n<p>&nbsp;<\/p>\n<p style=\"text-align: justify;\">&nbsp;<\/p>\n<p style=\"text-align: justify;\">&nbsp;<\/p>\n<div><a title=\"Ver Decreto n.&ordm; 15\/2010\" href=\"http:\/\/www.dre.pt\/util\/getpdf.asp?s=diad&amp;serie=1&amp;iddr=2010.209&amp;iddip=20102637\">Decreto n.&ordm; 15\/2010. <acronym title=\"Di\u00e1rio da Rep\u00fablica\">D.R.<\/acronym> n.&ordm; 209, S\u00e9rie I de 2010-10-27<\/a><br \/> <strong>Minist\u00e9rio dos Neg\u00f3cios Estrangeiros<\/strong><br \/> Aprova a Conven\u00e7\u00e3o Multilateral Ibero-Americana de Seguran\u00e7a Social, adoptada em Santiago, Chile, em 10 de Novembro de 2007<\/div>\n<p>&nbsp;<\/p>\n<p style=\"text-align: justify;\">&nbsp;<\/p>\n<p style=\"text-align: justify;\">&nbsp;<\/p>\n<div><a title=\"Ver Declara\u00e7\u00e3o de Rectifica\u00e7\u00e3o n.&ordm; 33\/2010\" href=\"http:\/\/www.dre.pt\/util\/getpdf.asp?s=diad&amp;serie=1&amp;iddr=2010.209&amp;iddip=20102636\">Declara\u00e7\u00e3o de Rectifica\u00e7\u00e3o n.&ordm; 33\/2010. <acronym title=\"Di\u00e1rio da Rep\u00fablica\">D.R.<\/acronym> n.&ordm; 209, S\u00e9rie I de 2010-10-27<\/a><br \/> Assembleia da Rep\u00fablica<br \/> Rectifica a <a title=\"Lei n.&ordm; 25\/2010\" href=\"http:\/\/www.dre.pt\/util\/getdiplomas.asp?s=sug&amp;iddip=20102029\">Lei n.&ordm; 25\/2010<\/a>,  de 30 de Agosto, que estabelece as prescri\u00e7\u00f5es m\u00ednimas para protec\u00e7\u00e3o  dos trabalhadores contra os riscos para a sa\u00fade e a seguran\u00e7a devidos \u00e0  exposi\u00e7\u00e3o, durante o trabalho, a radia\u00e7\u00f5es \u00f3pticas de fontes  artificiais, transpondo a Directiva n.&ordm; <a title=\"Link para Directiva da Comunidade Europeia\" href=\"http:\/\/www.dre.pt\/util\/eurlex\/eurlex.asp?ano=2006&amp;id=306L0025\">2006\/25\/CE<\/a>,  do Parlamento Europeu e do Conselho, de 5 de Abril, publicada no Di\u00e1rio  da Rep\u00fablica, 1.&ordf; s\u00e9rie, n.&ordm; 168, de 30 de Agosto de 2010<\/div>\n<p>&nbsp;<\/p>\n<p style=\"text-align: justify;\">&nbsp;<\/p>\n<p style=\"text-align: justify;\">&nbsp;<\/p>\n<div><a title=\"Ver Decreto do Presidente da Rep\u00fablica n.&ordm; 106\/2010\" href=\"http:\/\/www.dre.pt\/util\/getpdf.asp?s=diad&amp;serie=1&amp;iddr=2010.208&amp;iddip=20102630\">Decreto do Presidente da Rep\u00fablica n.&ordm; 106\/2010. <acronym title=\"Di\u00e1rio da Rep\u00fablica\">D.R.<\/acronym> n.&ordm; 208, S\u00e9rie I de 2010-10-26<\/a><br \/> <strong>Presid\u00eancia da Rep\u00fablica<\/strong><br \/> Ratifica as Emendas \u00e0 Conven\u00e7\u00e3o sobre a Protec\u00e7\u00e3o F\u00edsica dos Materiais Nucleares, adoptada em Viena em 8 de Julho de 2005<\/div>\n<p>&nbsp;<\/p>\n<p style=\"text-align: center;\">&nbsp;<\/p>\n<p style=\"text-align: justify;\">&nbsp;<\/p>\n<div><a href=\"http:\/\/www.dre.pt\/util\/getpdf.asp?s=diad&amp;serie=1&amp;iddr=2010.207&amp;iddip=20102623\" title=\"Ver Decreto-Lei n.&ordm; 118\/2010\">Decreto-Lei n.&ordm; 118\/2010. <acronym title=\"Di\u00e1rio da Rep\u00fablica\">D.R.<\/acronym> n.&ordm; 207, S\u00e9rie I de 2010-10-25<\/a><br \/> <strong>Minist\u00e9rio da&nbsp;Agricultura, do&nbsp;Desenvolvimento Rural e&nbsp;das&nbsp;Pescas<\/strong><br \/> Define  prazos de pagamento m\u00e1ximos para efeitos de pagamento do pre\u00e7o nos  contratos de compra e venda ou de fornecimento de bens alimentares  destinados ao consumo humano.<a href=\"http:\/\/www.dre.pt\/sug\/1s\/diplomas_resumo.asp?id=20102623&amp;p=dia\" title=\"Ler o resumo do diploma em Portugu\u00eas Claro\"><br \/> Resumo em Portugu\u00eas Claro<\/a><\/div>\n<p>&nbsp;<\/p>\n<p style=\"text-align: center;\">&nbsp;<\/p>\n<p style=\"text-align: justify;\">&nbsp;<\/p>\n<div><a href=\"http:\/\/www.dre.pt\/util\/getpdf.asp?s=diad&amp;serie=1&amp;iddr=2010.207&amp;iddip=20102619\" title=\"Ver Decreto-Lei n.&ordm; 117\/2010\">Decreto-Lei n.&ordm; 117\/2010. <acronym title=\"Di\u00e1rio da Rep\u00fablica\">D.R.<\/acronym> n.&ordm; 207, S\u00e9rie I de 2010-10-25<\/a><br \/> <strong>Minist\u00e9rio da Economia, da Inova\u00e7\u00e3o e do Desenvolvimento<\/strong><br \/> Estabelece  os crit\u00e9rios de sustentabilidade para a produ\u00e7\u00e3o e utiliza\u00e7\u00e3o de  biocombust\u00edveis e biol\u00edquidos e define os limites de incorpora\u00e7\u00e3o  obrigat\u00f3ria de biocombust\u00edveis para os anos 2011 a 2020, transpondo os  artigos 17.&ordm; a 19.&ordm; e os anexos III e V da Directiva n.&ordm; <a href=\"http:\/\/www.dre.pt\/util\/eurlex\/eurlex.asp?ano=2009&amp;id=309L0028\" title=\"Link para Directiva da Comunidade Europeia\">2009\/28\/CE<\/a>, do Conselho e do Parlamento Europeu, de 23 de Abril, e o n.&ordm; 6 do artigo 1.&ordm; e o anexo IV da Directiva n.&ordm; <a href=\"http:\/\/www.dre.pt\/util\/eurlex\/eurlex.asp?ano=2009&amp;id=309L0030\" title=\"Link para Directiva da Comunidade Europeia\">2009\/30\/CE<\/a>, do Parlamento Europeu e do Conselho, de 23 de Abril.<a href=\"http:\/\/www.dre.pt\/sug\/1s\/diplomas_resumo.asp?id=20102619&amp;p=dia\" class=\"link_resumo\" title=\"Ler o resumo do diploma em Portugu\u00eas Claro\"><br \/> Resumo em Portugu\u00eas Claro<\/a><\/div>\n<p>&nbsp;<\/p>\n<p style=\"text-align: center;\">&nbsp;<\/p>\n<p style=\"text-align: justify;\">&nbsp;<\/p>\n<div><a href=\"http:\/\/www.dre.pt\/util\/getpdf.asp?s=diad&amp;serie=1&amp;iddr=2010.207&amp;iddip=20102617\" title=\"Ver Resolu\u00e7\u00e3o da Assembleia da Rep\u00fablica n.&ordm; 112\/2010\">Resolu\u00e7\u00e3o da Assembleia da Rep\u00fablica n.&ordm; 112\/2010. <acronym title=\"Di\u00e1rio da Rep\u00fablica\">D.R.<\/acronym> n.&ordm; 207, S\u00e9rie I de 2010-10-25<\/a><br \/> <strong>Assembleia da Rep\u00fablica<\/strong><br \/> Aprova  o Protocolo de 2002 relativo \u00e0 Conven\u00e7\u00e3o da Organiza\u00e7\u00e3o Internacional  do Trabalho sobre a Seguran\u00e7a e a Sa\u00fade dos Trabalhadores, 1981<\/div>\n<p>&nbsp;<\/p>\n<p>&nbsp;<\/p>\n<p style=\"text-align: justify;\">&nbsp;<\/p>\n<div><a title=\"Ver Decreto Legislativo Regional n.&ordm; 28\/2010\/A\" href=\"http:\/\/www.dre.pt\/util\/getpdf.asp?s=diad&amp;serie=1&amp;iddr=2010.206&amp;iddip=20102613\">Decreto Legislativo Regional n.&ordm; 28\/2010\/A. <acronym title=\"Di\u00e1rio da Rep\u00fablica\">D.R.<\/acronym> n.&ordm; 206, S\u00e9rie I de 2010-10-22<\/a><br \/> <strong>Regi\u00e3o Aut\u00f3noma dos A\u00e7ores &#8211; Assembleia Legislativa<\/strong><br \/> Cria o Instituto para o Desenvolvimento Social dos A\u00e7ores e o Instituto de Gest\u00e3o Financeira da Seguran\u00e7a Social nos A\u00e7ores<\/div>\n<p>&nbsp;<\/p>\n<p style=\"text-align: center;\">&nbsp;<\/p>\n<p style=\"text-align: center;\">&nbsp;<\/p>\n<p style=\"text-align: justify;\">&nbsp;<\/p>\n<div><a title=\"Ver Decreto-Lei n.&ordm; 116\/2010\" href=\"http:\/\/www.dre.pt\/util\/getpdf.asp?s=diad&amp;serie=1&amp;iddr=2010.206&amp;iddip=20102611\">Decreto-Lei n.&ordm; 116\/2010. <acronym title=\"Di\u00e1rio da Rep\u00fablica\">D.R.<\/acronym> n.&ordm; 206, S\u00e9rie I de 2010-10-22<\/a><br \/> <strong>Minist\u00e9rio do Trabalho e&nbsp;da&nbsp;Solidariedade&nbsp;Social<\/strong><br \/> Elimina  o aumento extraordin\u00e1rio de 25 % do abono de fam\u00edlia nos 1.&ordm; e 2.&ordm;  escal\u00f5es e cessa a atribui\u00e7\u00e3o do abono aos 4.&ordm; e 5.&ordm; escal\u00f5es de  rendimento, procedendo \u00e0 s\u00e9tima altera\u00e7\u00e3o ao <a title=\"Decreto-Lei n.&ordm; 176\/2003\" href=\"http:\/\/www.dre.pt\/util\/getdiplomas.asp?s=sug&amp;iddip=20032168\">Decreto-Lei n.&ordm; 176\/2003<\/a>, de 2 de Agosto.<a title=\"Ler o resumo do diploma em Portugu\u00eas Claro\" href=\"http:\/\/www.dre.pt\/sug\/1s\/diplomas_resumo.asp?id=20102611&amp;p=dia\"><br \/> Resumo em Portugu\u00eas Claro<\/a><\/div>\n<div>&nbsp;<\/div>\n<p>&nbsp;<\/p>\n<p style=\"text-align: center;\">&nbsp;<\/p>\n<p style=\"text-align: center;\">&nbsp;<\/p>\n<p style=\"text-align: justify;\">&nbsp;<\/p>\n<div><a title=\"Ver Decreto-Lei n.&ordm; 115\/2010\" href=\"http:\/\/www.dre.pt\/util\/getpdf.asp?s=diad&amp;serie=1&amp;iddr=2010.206&amp;iddip=20102610\">Decreto-Lei n.&ordm; 115\/2010. <acronym title=\"Di\u00e1rio da Rep\u00fablica\">D.R.<\/acronym> n.&ordm; 206, S\u00e9rie I de 2010-10-22<\/a><br \/> <strong>Minist\u00e9rio do Ambiente e do&nbsp;Ordenamento do&nbsp;Territ\u00f3rio<\/strong><br \/> Estabelece  um quadro para a avalia\u00e7\u00e3o e gest\u00e3o dos riscos de inunda\u00e7\u00f5es, com o  objectivo de reduzir as suas consequ\u00eancias prejudiciais, e transp\u00f5e a  Directiva n.&ordm; <a title=\"Link para Directiva da Comunidade Europeia\" href=\"http:\/\/www.dre.pt\/util\/eurlex\/eurlex.asp?ano=2007&amp;id=307L0060\">2007\/60\/CE<\/a>, do Parlamento Europeu e do Conselho, de 23 de Outubro.<a title=\"Ler o resumo do diploma em Portugu\u00eas Claro\" href=\"http:\/\/www.dre.pt\/sug\/1s\/diplomas_resumo.asp?id=20102610&amp;p=dia\"><br \/> Resumo em Portugu\u00eas Claro<\/a><\/div>\n<div>&nbsp;<\/div>\n<p>&nbsp;<\/p>\n<p style=\"text-align: center;\">&nbsp;<\/p>\n<p style=\"text-align: center;\">&nbsp;<\/p>\n<p style=\"text-align: justify;\">&nbsp;<\/p>\n<div><a title=\"Ver Decreto-Lei n.&ordm; 114\/2010\" href=\"http:\/\/www.dre.pt\/util\/getpdf.asp?s=diad&amp;serie=1&amp;iddr=2010.206&amp;iddip=20102597\">Decreto-Lei n.&ordm; 114\/2010. <acronym title=\"Di\u00e1rio da Rep\u00fablica\">D.R.<\/acronym> n.&ordm; 206, S\u00e9rie I de 2010-10-22<\/a><br \/> <strong>Minist\u00e9rio da&nbsp;Agricultura, do&nbsp;Desenvolvimento Rural e&nbsp;das&nbsp;Pescas<\/strong><br \/> Simplifica  a apresenta\u00e7\u00e3o de candidaturas a fundos destinados \u00e0 beneficia\u00e7\u00e3o e  valoriza\u00e7\u00e3o florestal, modifica o regime de aprova\u00e7\u00e3o, altera\u00e7\u00e3o ou  revis\u00e3o dos planos regionais de ordenamento florestal e procede \u00e0  primeira altera\u00e7\u00e3o ao <a title=\"Decreto-Lei n.&ordm; 16\/2009\" href=\"http:\/\/www.dre.pt\/util\/getdiplomas.asp?s=sug&amp;iddip=20090079\">Decreto-Lei n.&ordm; 16\/2009<\/a>, de 14 de Janeiro.<a title=\"Ler o resumo do diploma em Portugu\u00eas Claro\" href=\"http:\/\/www.dre.pt\/sug\/1s\/diplomas_resumo.asp?id=20102597&amp;p=dia\"><br \/> Resumo em Portugu\u00eas Claro<\/a><\/div>\n<div>&nbsp;<\/div>\n<p>&nbsp;<\/p>\n<p style=\"text-align: center;\">&nbsp;<\/p>\n<p style=\"text-align: center;\">&nbsp;<\/p>\n<p style=\"text-align: justify;\">&nbsp;<\/p>\n<div><a title=\"Ver Ac\u00f3rd\u00e3o do Supremo Tribunal Administrativo n.&ordm; 7\/2010\" href=\"http:\/\/www.dre.pt\/util\/getpdf.asp?s=diad&amp;serie=1&amp;iddr=2010.205&amp;iddip=20102590\">Ac\u00f3rd\u00e3o do Supremo Tribunal Administrativo n.&ordm; 7\/2010. <acronym title=\"Di\u00e1rio da Rep\u00fablica\">D.R.<\/acronym> n.&ordm; 205, S\u00e9rie I de 2010-10-21<\/a><br \/> <strong>Supremo Tribunal Administrativo<\/strong><br \/> Ac\u00f3rd\u00e3o  do STA de 17 de Junho de 2010, no processo n.&ordm; 8\/10, nos termos do  artigo 148.&ordm; do CPTA, uniformiza a jurisprud\u00eancia no sentido de que a  remiss\u00e3o do artigo 3.&ordm;, n.&ordm; 1, da <a title=\"Lei n.&ordm; 60\/2005\" href=\"http:\/\/www.dre.pt\/util\/getdiplomas.asp?s=sug&amp;iddip=20053628\">Lei n.&ordm; 60\/2005<\/a>,  de 29 de Dezembro, deve entender-se efectuada para a redac\u00e7\u00e3o do artigo  37.&ordm;, n.&ordm; 1, do EA na redac\u00e7\u00e3o anterior \u00e0 entrada em vigor daquela lei,  ou seja, que se mant\u00eam como pressupostos da aposenta\u00e7\u00e3o volunt\u00e1ria dos  magistrados judiciais 60 anos de idade e 36 de servi\u00e7o<\/div>\n<p>&nbsp;<\/p>\n<p style=\"text-align: center;\">&nbsp;<\/p>\n<p style=\"text-align: center;\">&nbsp;<\/p>\n<p style=\"text-align: justify;\">&nbsp;<\/p>\n<div><a title=\"Ver Decreto-Lei n.&ordm; 113\/2010\" href=\"http:\/\/www.dre.pt\/util\/getpdf.asp?s=diad&amp;serie=1&amp;iddr=2010.205&amp;iddip=20102589\">Decreto-Lei n.&ordm; 113\/2010. <acronym title=\"Di\u00e1rio da Rep\u00fablica\">D.R.<\/acronym> n.&ordm; 205, S\u00e9rie I de 2010-10-21<\/a><br \/> <strong>Minist\u00e9rio da Sa\u00fade<\/strong><br \/> Estabelece  novos requisitos para a composi\u00e7\u00e3o de produtos cosm\u00e9ticos, com o  objectivo de reduzir os riscos de alergias, transpondo a Directiva n.&ordm; <a title=\"Link para Directiva da Comunidade Europeia\" href=\"http:\/\/www.dre.pt\/util\/eurlex\/eurlex.asp?ano=2008&amp;id=308L0112\">2008\/112\/CE<\/a>, do Parlamento Europeu e do Conselho, de 16 de Dezembro, e as Directivas, da Comiss\u00e3o, n.os <a title=\"Link para Directiva da Comunidade Europeia\" href=\"http:\/\/www.dre.pt\/util\/eurlex\/eurlex.asp?ano=2009&amp;id=309L0036\">2009\/36\/CE<\/a>, de 16 de Abril, <a title=\"Link para Directiva da Comunidade Europeia\" href=\"http:\/\/www.dre.pt\/util\/eurlex\/eurlex.asp?ano=2009&amp;id=309L0129\">2009\/129\/CE<\/a>, de 9 de Outubro, <a title=\"Link para Directiva da Comunidade Europeia\" href=\"http:\/\/www.dre.pt\/util\/eurlex\/eurlex.asp?ano=2009&amp;id=309L0130\">2009\/130\/CE<\/a>, de 12 de Outubro, <a title=\"Link para Directiva da Comunidade Europeia\" href=\"http:\/\/www.dre.pt\/util\/eurlex\/eurlex.asp?ano=2009&amp;id=309L0134\">2009\/134\/CE<\/a>, de 28 de Outubro, <a title=\"Link para Directiva da Comunidade Europeia\" href=\"http:\/\/www.dre.pt\/util\/eurlex\/eurlex.asp?ano=2009&amp;id=309L0159\">2009\/159\/UE<\/a>, de 16 de Dezembro, <a title=\"Link para Directiva da Comunidade Europeia\" href=\"http:\/\/www.dre.pt\/util\/eurlex\/eurlex.asp?ano=2009&amp;id=309L0164\">2009\/164\/UE<\/a>, de 22 de Dezembro, <a title=\"Link para Directiva da Comunidade Europeia\" href=\"http:\/\/www.dre.pt\/util\/eurlex\/eurlex.asp?ano=2010&amp;id=310L0003\">2010\/3\/UE<\/a>, de 1 de Fevereiro, e <a title=\"Link para Directiva da Comunidade Europeia\" href=\"http:\/\/www.dre.pt\/util\/eurlex\/eurlex.asp?ano=2010&amp;id=310L0004\">2010\/4\/UE<\/a>, de 8 de Fevereiro, que alteram a Directiva n.&ordm; <a title=\"Link para Directiva da Comunidade Europeia\" href=\"http:\/\/www.dre.pt\/util\/eurlex\/eurlex.asp?ano=1976&amp;id=376L0768\">76\/768\/CEE<\/a>, do Conselho, procedendo \u00e0 segunda altera\u00e7\u00e3o ao <a title=\"Decreto-Lei n.&ordm; 189\/2008\" href=\"http:\/\/www.dre.pt\/util\/getdiplomas.asp?s=sug&amp;iddip=20082707\">Decreto-Lei n.&ordm; 189\/2008<\/a>, de 24 de Setembro<a title=\"Ler o resumo do diploma em Portugu\u00eas Claro\" class=\"link_resumo\" href=\"http:\/\/www.dre.pt\/sug\/1s\/diplomas_resumo.asp?id=20102589&amp;p=udr\"><br \/> Resumo em Portugu\u00eas Claro<\/a><\/div>\n<p>&nbsp;<\/p>\n<p>&nbsp;<\/p>\n<p style=\"text-align: center;\">&nbsp;<\/p>\n<p style=\"text-align: justify;\">&nbsp;<\/p>\n<div style=\"text-align: justify;\"><a href=\"http:\/\/www.dre.pt\/util\/getpdf.asp?s=diad&amp;serie=1&amp;iddr=2010.203&amp;iddip=20102565\" title=\"Ver Resolu\u00e7\u00e3o da Assembleia Legislativa da Regi\u00e3o Aut\u00f3noma dos A\u00e7ores n.&ordm; 18\/2010\/A\">Resolu\u00e7\u00e3o da Assembleia Legislativa da Regi\u00e3o Aut\u00f3noma dos A\u00e7ores n.&ordm; 18\/2010\/A. <acronym title=\"Di\u00e1rio da Rep\u00fablica\">D.R.<\/acronym> n.&ordm; 203, S\u00e9rie I de 2010-10-19<\/a><br \/> <strong>Regi\u00e3o Aut\u00f3noma dos A\u00e7ores &#8211; Assembleia Legislativa<\/strong><br \/> Aprova o Or\u00e7amento da Assembleia Legislativa da Regi\u00e3o Aut\u00f3noma dos A\u00e7ores para o ano de 2011<\/div>\n<p style=\"text-align: justify;\">&nbsp;<\/p>\n<p style=\"text-align: justify;\">&nbsp;<\/p>\n<p style=\"text-align: justify;\">&nbsp;<\/p>\n<p style=\"text-align: justify;\">&nbsp;<\/p>\n<div style=\"text-align: justify;\"><a href=\"http:\/\/www.dre.pt\/util\/getpdf.asp?s=diad&amp;serie=1&amp;iddr=2010.203&amp;iddip=20102563\" title=\"Ver Portaria n.&ordm; 1068\/2010\">Portaria n.&ordm; 1068\/2010. <acronym title=\"Di\u00e1rio da Rep\u00fablica\">D.R.<\/acronym> n.&ordm; 203, S\u00e9rie I de 2010-10-19<\/a><br \/> <strong>Minist\u00e9rios  da Administra\u00e7\u00e3o Interna, da Justi\u00e7a, da Economia, da Inova\u00e7\u00e3o e do  Desenvolvimento, da Agricultura, do Desenvolvimento Rural e das Pescas,  das Obras P\u00fablicas, Transportes e Comunica\u00e7\u00f5es, do Trabalho e da  Solidariedade Social, da Sa\u00fade e da Cultura<\/strong><br \/> Quarta altera\u00e7\u00e3o \u00e0 <a href=\"http:\/\/www.dre.pt\/util\/getdiplomas.asp?s=sug&amp;iddip=20062465\" title=\"Portaria n.&ordm; 736\/2006\">Portaria n.&ordm; 736\/2006<\/a>, de 26 de Julho, que aprova o regulamento de condi\u00e7\u00f5es m\u00ednimas para os trabalhadores administrativos<\/div>\n<p style=\"text-align: justify;\">&nbsp;<\/p>\n<p style=\"text-align: justify;\">&nbsp;<\/p>\n<p style=\"text-align: center;\">&nbsp;<\/p>\n<p style=\"text-align: center;\">&nbsp;<\/p>\n<p style=\"text-align: justify;\">&nbsp;<\/p>\n<div><a href=\"http:\/\/www.dre.pt\/util\/getpdf.asp?s=diad&amp;serie=1&amp;iddr=2010.203&amp;iddip=20102559\" title=\"Ver Lei n.&ordm; 48\/2010\">Lei n.&ordm; 48\/2010. <acronym title=\"Di\u00e1rio da Rep\u00fablica\">D.R.<\/acronym> n.&ordm; 203, S\u00e9rie I de 2010-10-19<\/a><br \/> <strong>Assembleia da Rep\u00fablica<\/strong><br \/> Quarta altera\u00e7\u00e3o \u00e0 <a href=\"http:\/\/www.dre.pt\/util\/getdiplomas.asp?s=sug&amp;iddip=20012846\" title=\"Lei n.&ordm; 91\/2001\">Lei n.&ordm; 91\/2001<\/a>, de 20 de Agosto (lei de enquadramento or\u00e7amental)<\/div>\n<p>&nbsp;<\/p>\n<p>&nbsp;<\/p>\n<p style=\"text-align: center;\">&nbsp;<\/p>\n<p style=\"text-align: justify;\">&nbsp;<\/p>\n<p style=\"text-align: center;\">&nbsp;<\/p>\n<p style=\"text-align: justify;\">&nbsp;<\/p>\n<div><a href=\"http:\/\/www.dre.pt\/util\/getpdf.asp?s=diad&amp;serie=1&amp;iddr=2010.201&amp;iddip=20102544\" title=\"Ver Resolu\u00e7\u00e3o da Assembleia Legislativa da Regi\u00e3o Aut\u00f3noma dos A\u00e7ores n.&ordm; 17\/2010\/A\">Resolu\u00e7\u00e3o da Assembleia Legislativa da Regi\u00e3o Aut\u00f3noma dos A\u00e7ores n.&ordm; 17\/2010\/A. <acronym title=\"Di\u00e1rio da Rep\u00fablica\">D.R.<\/acronym> n.&ordm; 201, S\u00e9rie I de 2010-10-15<\/a><br \/> <strong>Regi\u00e3o Aut\u00f3noma dos A\u00e7ores &#8211; Assembleia Legislativa<\/strong><br \/> Resolve  apresentar a Assembleia da Rep\u00fablica uma proposta de extin\u00e7\u00e3o do cargo  de Representante da Rep\u00fablica para as Regi\u00f5es Aut\u00f3nomas, na pr\u00f3xima  revis\u00e3o constitucional<\/div>\n<p>&nbsp;<\/p>\n<p style=\"text-align: center;\">&nbsp;<\/p>\n<p style=\"text-align: center;\">&nbsp;<\/p>\n<p style=\"text-align: center;\">&nbsp;<\/p>\n<div style=\"text-align: justify;\"><a href=\"http:\/\/www.dre.pt\/util\/getpdf.asp?s=diad&amp;serie=1&amp;iddr=2010.201&amp;iddip=20102543\" title=\"Ver Decreto Regulamentar n.&ordm; 4\/2010\">Decreto Regulamentar n.&ordm; 4\/2010. <acronym title=\"Di\u00e1rio da Rep\u00fablica\">D.R.<\/acronym> n.&ordm; 201, S\u00e9rie I de 2010-10-15<\/a><br \/> <strong>Minist\u00e9rio do Trabalho e&nbsp;da&nbsp;Solidariedade&nbsp;Social<\/strong><br \/> Procede \u00e0 simplifica\u00e7\u00e3o do regime de concess\u00e3o de apoios do Fundo Social Europeu, alterando pela segunda vez o <a href=\"http:\/\/www.dre.pt\/util\/getdiplomas.asp?s=sug&amp;iddip=20073976\" title=\"Decreto Regulamentar n.&ordm; 84-A\/2007\">Decreto Regulamentar n.&ordm; 84-A\/2007<\/a>, de 10 de Dezembro<a href=\"http:\/\/www.dre.pt\/sug\/1s\/diplomas_resumo.asp?id=20102543&amp;p=dia\" title=\"Ler o resumo do diploma em Portugu\u00eas Claro\"><br \/> Resumo em Portugu\u00eas Claro<\/a><\/div>\n<p>&nbsp;<\/p>\n<p style=\"text-align: justify;\"><a><br \/> <\/a><\/p>\n<p style=\"text-align: center;\">&nbsp;<\/p>\n<p style=\"text-align: center;\">&nbsp;<\/p>\n<p style=\"text-align: justify;\">&nbsp;<\/p>\n<div><a href=\"http:\/\/www.dre.pt\/util\/getpdf.asp?s=diad&amp;serie=1&amp;iddr=2010.201&amp;iddip=20102531\" title=\"Ver Decreto-Lei n.&ordm; 111\/2010\">Decreto-Lei n.&ordm; 111\/2010. <acronym title=\"Di\u00e1rio da Rep\u00fablica\">D.R.<\/acronym> n.&ordm; 201, S\u00e9rie I de 2010-10-15<\/a><br \/> <strong>Minist\u00e9rio da Economia, da Inova\u00e7\u00e3o e do Desenvolvimento<\/strong><br \/> Modifica o regime dos hor\u00e1rios de funcionamento dos estabelecimentos comerciais, procedendo \u00e0 terceira altera\u00e7\u00e3o ao <a href=\"http:\/\/www.dre.pt\/util\/getdiplomas.asp?s=sug&amp;iddip=19960947\" title=\"Decreto-Lei n.&ordm; 48\/96\">Decreto-Lei n.&ordm; 48\/96<\/a>, de 15 de Maio, e revogando a <a href=\"http:\/\/www.dre.pt\/util\/getdiplomas.asp?s=sug&amp;iddip=19960952\" title=\"Portaria n.&ordm; 153\/96\">Portaria n.&ordm; 153\/96<\/a>, de 15 de Maio<a href=\"http:\/\/www.dre.pt\/sug\/1s\/diplomas_resumo.asp?id=20102531&amp;p=dia\" title=\"Ler o resumo do diploma em Portugu\u00eas Claro\"><br \/> Resumo em Portugu\u00eas Claro<\/a><\/div>\n<p> &nbsp;<\/p>\n<p>&nbsp;<\/p>\n<p style=\"text-align: center;\">&nbsp;<\/p>\n<p style=\"text-align: justify;\">&nbsp;<\/p>\n<div><a title=\"Ver Portaria n.&ordm; 1056-B\/2010\" href=\"http:\/\/www.dre.pt\/util\/getpdf.asp?s=diad&amp;serie=1&amp;iddr=2010.200S02&amp;iddip=20102524\">Portaria n.&ordm; 1056-B\/2010. <acronym title=\"Di\u00e1rio da Rep\u00fablica\">D.R.<\/acronym> n.&ordm; 200, 2.&ordm; Suplemento, S\u00e9rie I de 2010-10-14<\/a><br \/> <strong>Minist\u00e9rio da Sa\u00fade<\/strong><br \/> Segunda altera\u00e7\u00e3o \u00e0 <a title=\"Portaria n.&ordm; 924-A\/2010\" href=\"http:\/\/www.dre.pt\/util\/getdiplomas.asp?s=sug&amp;iddip=20102270\">Portaria n.&ordm; 924-A\/2010<\/a>,  de 17 de Setembro, que define os grupos e subgrupos farmacoterap\u00eauticos  que integram os diferentes escal\u00f5es de comparticipa\u00e7\u00e3o do Estado no  pre\u00e7o dos medicamentos<\/div>\n<p>&nbsp;<\/p>\n<p style=\"text-align: center;\">&nbsp;<\/p>\n<p style=\"text-align: center;\">&nbsp;<\/p>\n<p style=\"text-align: justify;\">&nbsp;<\/p>\n<div><a title=\"Ver Decreto-Lei n.&ordm; 110\/2010\" href=\"http:\/\/www.dre.pt\/util\/getpdf.asp?s=diad&amp;serie=1&amp;iddr=2010.200&amp;iddip=20102514\">Decreto-Lei n.&ordm; 110\/2010. <acronym title=\"Di\u00e1rio da Rep\u00fablica\">D.R.<\/acronym> n.&ordm; 200, S\u00e9rie I de 2010-10-14<\/a><br \/> <strong>Minist\u00e9rio da Economia, da Inova\u00e7\u00e3o e do Desenvolvimento<\/strong><br \/> Determina  a extin\u00e7\u00e3o do mecanismo da conta de hidraulicidade, estabelece as  regras transit\u00f3rias a adoptar at\u00e9 \u00e0 extin\u00e7\u00e3o do mesmo e revoga o <a title=\"Decreto-Lei n.&ordm; 338\/91\" href=\"http:\/\/www.dre.pt\/util\/getdiplomas.asp?s=sug&amp;iddip=19913319\">Decreto-Lei n.&ordm; 338\/91<\/a>, de 10 de Setembro<a title=\"Ler o resumo do diploma em Portugu\u00eas Claro\" href=\"http:\/\/www.dre.pt\/sug\/1s\/diplomas_resumo.asp?id=20102514&amp;p=dia\"><br \/> Resumo em Portugu\u00eas Claro<\/a><\/div>\n<p>&nbsp;<\/p>\n<p style=\"text-align: center;\">&nbsp;<\/p>\n<p style=\"text-align: center;\">&nbsp;<\/p>\n<p style=\"text-align: justify;\">&nbsp;<\/p>\n<div><a title=\"Ver Decreto-Lei n.&ordm; 109\/2010\" href=\"http:\/\/www.dre.pt\/util\/getpdf.asp?s=diad&amp;serie=1&amp;iddr=2010.200&amp;iddip=20102513\">Decreto-Lei n.&ordm; 109\/2010. <acronym title=\"Di\u00e1rio da Rep\u00fablica\">D.R.<\/acronym> n.&ordm; 200, S\u00e9rie I de 2010-10-14<\/a><br \/> <strong>Minist\u00e9rio da Economia, da Inova\u00e7\u00e3o e do Desenvolvimento<\/strong><br \/> Estabelece o regime de acesso e de exerc\u00edcio da actividade funer\u00e1ria, revogando o <a title=\"Decreto-Lei n.&ordm; 206\/2001\" href=\"http:\/\/www.dre.pt\/util\/getdiplomas.asp?s=sug&amp;iddip=20012477\">Decreto-Lei n.&ordm; 206\/2001<\/a>, de 27 de Julho<a title=\"Ler o resumo do diploma em Portugu\u00eas Claro\" href=\"http:\/\/www.dre.pt\/sug\/1s\/diplomas_resumo.asp?id=20102513&amp;p=dia\"><br \/> Resumo em Portugu\u00eas Claro<\/a><\/div>\n<p>&nbsp;<\/p>\n<p style=\"text-align: center;\">&nbsp;<\/p>\n<p style=\"text-align: center;\">&nbsp;<\/p>\n<p style=\"text-align: justify;\">&nbsp;<\/p>\n<div><a title=\"Ver Decreto do Presidente da Rep\u00fablica n.&ordm; 99\/2010\" href=\"http:\/\/www.dre.pt\/util\/getpdf.asp?s=diad&amp;serie=1&amp;iddr=2010.200&amp;iddip=20102511\">Decreto do Presidente da Rep\u00fablica n.&ordm; 99\/2010. <acronym title=\"Di\u00e1rio da Rep\u00fablica\">D.R.<\/acronym> n.&ordm; 200, S\u00e9rie I de 2010-10-14<\/a><br \/> <strong>Presid\u00eancia da Rep\u00fablica<\/strong><br \/> Fixa o dia 23 de Janeiro de 2011 para a elei\u00e7\u00e3o do Presidente da Rep\u00fablica<\/div>\n<p>&nbsp;<\/p>\n<p>&nbsp;<\/p>\n<p style=\"text-align: center;\">&nbsp;<\/p>\n<p style=\"text-align: justify;\">&nbsp;<\/p>\n<div><a title=\"Ver Decreto-Lei n.&ordm; 108\/2010\" href=\"http:\/\/www.dre.pt\/util\/getpdf.asp?s=diad&amp;serie=1&amp;iddr=2010.199&amp;iddip=20102505\">Decreto-Lei n.&ordm; 108\/2010. <acronym title=\"Di\u00e1rio da Rep\u00fablica\">D.R.<\/acronym> n.&ordm; 199, S\u00e9rie I de 2010-10-13<\/a><br \/> <strong>Minist\u00e9rio do Ambiente e do&nbsp;Ordenamento do&nbsp;Territ\u00f3rio<\/strong><br \/> Estabelece  o regime jur\u00eddico das medidas necess\u00e1rias para garantir o bom estado  ambiental do meio marinho at\u00e9 2020, transpondo a Directiva n.&ordm; <a title=\"Link para Directiva da Comunidade Europeia\" href=\"http:\/\/www.dre.pt\/util\/eurlex\/eurlex.asp?ano=2008&amp;id=308L0056\">2008\/56\/CE<\/a>, do Parlamento Europeu e do Conselho, de 17 de Junho<\/div>\n<p>&nbsp;<\/p>\n<p style=\"text-align: center;\">&nbsp;<\/p>\n<p style=\"text-align: justify;\">&nbsp;<\/p>\n<p style=\"text-align: center;\">&nbsp;<\/p>\n<p style=\"text-align: justify;\">&nbsp;<\/p>\n<div><a title=\"Ver Decreto-Lei n.&ordm; 107\/2010\" href=\"http:\/\/www.dre.pt\/util\/getpdf.asp?s=diad&amp;serie=1&amp;iddr=2010.199&amp;iddip=20102504\">Decreto-Lei n.&ordm; 107\/2010. <acronym title=\"Di\u00e1rio da Rep\u00fablica\">D.R.<\/acronym> n.&ordm; 199, S\u00e9rie I de 2010-10-13<\/a><br \/> <strong>Minist\u00e9rio da&nbsp;Agricultura, do&nbsp;Desenvolvimento Rural e&nbsp;das&nbsp;Pescas<\/strong><br \/> Aprova  a isen\u00e7\u00e3o do pagamento da contribui\u00e7\u00e3o para o \u00e1udio-visual pelos  consumidores n\u00e3o dom\u00e9sticos de energia el\u00e9ctrica que desenvolvam uma  actividade agr\u00edcola, procedendo \u00e0 terceira altera\u00e7\u00e3o \u00e0 <a title=\"Lei n.&ordm; 30\/2003\" href=\"http:\/\/www.dre.pt\/util\/getdiplomas.asp?s=sug&amp;iddip=20032482\">Lei n.&ordm; 30\/2003<\/a>, de 22 de Agosto, no uso da autoriza\u00e7\u00e3o legislativa concedida pelo artigo 142.&ordm; da <a title=\"Lei n.&ordm; 3-B\/2010\" href=\"http:\/\/www.dre.pt\/util\/getdiplomas.asp?s=sug&amp;iddip=20100757\">Lei n.&ordm; 3-B\/2010<\/a>, de 28 de Abril<\/div>\n<p>&nbsp;<\/p>\n<p style=\"text-align: center;\">&nbsp;<\/p>\n<p style=\"text-align: center;\">&nbsp;<\/p>\n<p style=\"text-align: justify;\">&nbsp;<\/p>\n<div><a href=\"http:\/\/www.dre.pt\/util\/getpdf.asp?s=diad&amp;serie=1&amp;iddr=2010.198&amp;iddip=20102500\" title=\"Ver Resolu\u00e7\u00e3o do Conselho de Ministros n.&ordm; 80\/2010\">Resolu\u00e7\u00e3o do Conselho de Ministros n.&ordm; 80\/2010. <acronym title=\"Di\u00e1rio da Rep\u00fablica\">D.R.<\/acronym> n.&ordm; 198, S\u00e9rie I de 2010-10-12<\/a><br \/> <strong>Presid\u00eancia do Conselho de Ministros<\/strong><br \/> Prorroga  o prazo para a apresenta\u00e7\u00e3o das propostas no \u00e2mbito do concurso p\u00fablico  de reprivatiza\u00e7\u00e3o do BPN &#8211; Banco Portugu\u00eas de Neg\u00f3cios, S. A.<\/div>\n<p>&nbsp;<\/p>\n<p style=\"text-align: center;\">&nbsp;<\/p>\n<p style=\"text-align: center;\">&nbsp;<\/p>\n<p style=\"text-align: justify;\">&nbsp;<\/p>\n<div><a href=\"http:\/\/www.dre.pt\/util\/getpdf.asp?s=diad&amp;serie=1&amp;iddr=2010.198&amp;iddip=20102499\" title=\"Ver Resolu\u00e7\u00e3o do Conselho de Ministros n.&ordm; 79\/2010\">Resolu\u00e7\u00e3o do Conselho de Ministros n.&ordm; 79\/2010. <acronym title=\"Di\u00e1rio da Rep\u00fablica\">D.R.<\/acronym> n.&ordm; 198, S\u00e9rie I de 2010-10-12<\/a><br \/> <strong>Presid\u00eancia do Conselho de Ministros<\/strong><br \/> Fixa as condi\u00e7\u00f5es concretas da 8.&ordf; fase do processo de reprivatiza\u00e7\u00e3o da EDP &#8211; Energias de Portugal, S. A.<\/div>\n<p>&nbsp;<\/p>\n<p style=\"text-align: center;\">&nbsp;<\/p>\n<p style=\"text-align: center;\">&nbsp;<\/p>\n<p style=\"text-align: justify;\">&nbsp;<\/p>\n<div><a href=\"http:\/\/www.dre.pt\/util\/getpdf.asp?s=diad&amp;serie=1&amp;iddr=2010.198&amp;iddip=20102498\" title=\"Ver Resolu\u00e7\u00e3o do Conselho de Ministros n.&ordm; 78\/2010\">Resolu\u00e7\u00e3o do Conselho de Ministros n.&ordm; 78\/2010. <acronym title=\"Di\u00e1rio da Rep\u00fablica\">D.R.<\/acronym> n.&ordm; 198, S\u00e9rie I de 2010-10-12<\/a><br \/> <strong>Presid\u00eancia do Conselho de Ministros<\/strong><br \/> Declara  o interesse de Portugal em participar no programa de desenvolvimento e  produ\u00e7\u00e3o da aeronave de transporte multiusos KC-390 e determina que as  negocia\u00e7\u00f5es conducentes \u00e0 participa\u00e7\u00e3o de Portugal neste programa sejam  dirigidas pelo Ministro da Defesa Nacional<\/div>\n<p>&nbsp;<\/p>\n<p>&nbsp;<\/p>\n<p style=\"text-align: center;\">&nbsp;<\/p>\n<p style=\"text-align: justify;\">&nbsp;<\/p>\n<div><a href=\"http:\/\/www.dre.pt\/util\/getpdf.asp?s=diad&amp;serie=1&amp;iddr=2010.197&amp;iddip=20102493\" title=\"Ver Resolu\u00e7\u00e3o do Conselho de Ministros n.&ordm; 77\/2010\">Resolu\u00e7\u00e3o do Conselho de Ministros n.&ordm; 77\/2010. <acronym title=\"Di\u00e1rio da Rep\u00fablica\">D.R.<\/acronym> n.&ordm; 197, S\u00e9rie I de 2010-10-11<\/a><br \/> <strong>Presid\u00eancia do Conselho de Ministros<\/strong><br \/> Aprova  o Regimento do Conselho de Ministros do XVIII Governo Constitucional e  concretiza diversas medidas do programa de simplifica\u00e7\u00e3o legislativa  SIMPLEGIS<\/div>\n<p>&nbsp;<\/p>\n<p style=\"text-align: center;\">&nbsp;<\/p>\n<p style=\"text-align: justify;\">&nbsp;<\/p>\n<div><a href=\"http:\/\/www.dre.pt\/util\/getpdf.asp?s=diad&amp;serie=1&amp;iddr=2010.196&amp;iddip=20102485\" title=\"Ver Portaria n.&ordm; 1042\/2010\">Portaria n.&ordm; 1042\/2010. <acronym title=\"Di\u00e1rio da Rep\u00fablica\">D.R.<\/acronym> n.&ordm; 196, S\u00e9rie I de 2010-10-08<\/a><br \/> <strong>Presid\u00eancia do Conselho de Ministros e Minist\u00e9rio da Administra\u00e7\u00e3o Interna<\/strong><br \/> Primeira altera\u00e7\u00e3o \u00e0 <a href=\"http:\/\/www.dre.pt\/util\/getdiplomas.asp?s=sug&amp;iddip=20080638\" title=\"Portaria n.&ordm; 231\/2008\">Portaria n.&ordm; 231\/2008<\/a>, de 10 de Mar\u00e7o, que aprova o Regulamento do Financiamento pelo Fundo para a Integra\u00e7\u00e3o de Nacionais de Pa\u00edses Terceiros<\/div>\n<p>&nbsp;<\/p>\n<p style=\"text-align: center;\">&nbsp;<\/p>\n<p style=\"text-align: center;\">&nbsp;<\/p>\n<p style=\"text-align: justify;\">&nbsp;<\/p>\n<div><a href=\"http:\/\/www.dre.pt\/util\/getpdf.asp?s=diad&amp;serie=1&amp;iddr=2010.195S01&amp;iddip=20102482\" title=\"Ver Portaria n.&ordm; 1041-A\/2010\">Portaria n.&ordm; 1041-A\/2010. <acronym title=\"Di\u00e1rio da Rep\u00fablica\">D.R.<\/acronym> n.&ordm; 195, Suplemento, S\u00e9rie I de 2010-10-07<\/a><br \/> <strong>Minist\u00e9rios da Economia, da Inova\u00e7\u00e3o e do Desenvolvimento e da Sa\u00fade<\/strong><br \/> Estabelece  uma dedu\u00e7\u00e3o a praticar sobre os pre\u00e7os de venda ao p\u00fablico m\u00e1ximos  autorizados dos medicamentos de uso humano comparticipados<\/div>\n<p>&nbsp;<\/p>\n<p>&nbsp;<\/p>\n<p style=\"text-align: center;\">&nbsp;<\/p>\n<p style=\"text-align: center;\">&nbsp;<\/p>\n<p style=\"text-align: justify;\">&nbsp;<\/p>\n<div><a href=\"http:\/\/www.dre.pt\/util\/getpdf.asp?s=diad&amp;serie=1&amp;iddr=2010.194&amp;iddip=20102446\" title=\"Ver Portaria n.&ordm; 1018\/2010\">Portaria n.&ordm; 1018\/2010. <acronym title=\"Di\u00e1rio da Rep\u00fablica\">D.R.<\/acronym> n.&ordm; 194, S\u00e9rie I de 2010-10-06<\/a><br \/> <strong>Presid\u00eancia do Conselho de Ministros e Minist\u00e9rio da Justi\u00e7a<\/strong><br \/> Define  as compet\u00eancias do Instituto dos Registos e do Notariado e da Ag\u00eancia  para a Moderniza\u00e7\u00e3o Administrativa quanto \u00e0 supervis\u00e3o do  desenvolvimento do cart\u00e3o de cidad\u00e3o<\/div>\n<p>&nbsp;<\/p>\n<p style=\"text-align: center;\">&nbsp;<\/p>\n<p style=\"text-align: center;\">&nbsp;<\/p>\n<p style=\"text-align: justify;\">&nbsp;<\/p>\n<div><a href=\"http:\/\/www.dre.pt\/util\/getpdf.asp?s=diad&amp;serie=1&amp;iddr=2010.194&amp;iddip=20102445\" title=\"Ver Portaria n.&ordm; 1017\/2010\">Portaria n.&ordm; 1017\/2010. <acronym title=\"Di\u00e1rio da Rep\u00fablica\">D.R.<\/acronym> n.&ordm; 194, S\u00e9rie I de 2010-10-06<\/a><br \/> <strong>Presid\u00eancia do Conselho de Ministros<\/strong><br \/> Aprova o modelo de afixa\u00e7\u00e3o de publicidade dos contratos de aux\u00edlio financeiro<\/div>\n<p>&nbsp;<\/p>\n<p style=\"text-align: center;\">&nbsp;<\/p>\n<p style=\"text-align: justify;\">&nbsp;<\/p>\n<div><a title=\"Ver Portaria n.&ordm; 1016\/2010\" href=\"http:\/\/www.dre.pt\/util\/getpdf.asp?s=diad&amp;serie=1&amp;iddr=2010.193&amp;iddip=20102438\">Portaria n.&ordm; 1016\/2010. <acronym title=\"Di\u00e1rio da Rep\u00fablica\">D.R.<\/acronym> n.&ordm; 193, S\u00e9rie I de 2010-10-04<\/a><br \/> <strong>Minist\u00e9rio do Trabalho e&nbsp;da&nbsp;Solidariedade&nbsp;Social<\/strong><br \/> Aprova o Regulamento da Lotaria Nacional<\/div>\n<p>&nbsp;<\/p>\n<p>&nbsp;<\/p>\n<p style=\"text-align: justify;\">&nbsp;<\/p>\n<p style=\"text-align: justify;\">&nbsp;<\/p>\n<div><a title=\"Ver Decreto-Lei n.&ordm; 106-A\/2010\" href=\"http:\/\/www.dre.pt\/util\/getpdf.asp?s=diad&amp;serie=1&amp;iddr=2010.192S01&amp;iddip=20102429\">Decreto-Lei n.&ordm; 106-A\/2010. <acronym title=\"Di\u00e1rio da Rep\u00fablica\">D.R.<\/acronym> n.&ordm; 192, Suplemento, S\u00e9rie I de 2010-10-01<\/a><br \/> <strong>Minist\u00e9rio da Sa\u00fade<\/strong><br \/> Adopta  medidas mais justas no acesso aos medicamentos, combate \u00e0 fraude e ao  abuso na comparticipa\u00e7\u00e3o de medicamentos e de racionaliza\u00e7\u00e3o da pol\u00edtica  do medicamento no \u00e2mbito do Servi\u00e7o Nacional de Sa\u00fade (SNS) e altera os  Decretos-Leis n.os <a title=\"Decreto-Lei n.&ordm; 176\/2006\" href=\"http:\/\/www.dre.pt\/util\/getdiplomas.asp?s=sug&amp;iddip=20062853\">176\/2006<\/a>, de 30 de Agosto, <a title=\"Decreto-Lei n.&ordm; 242-B\/2006\" href=\"http:\/\/www.dre.pt\/util\/getdiplomas.asp?s=sug&amp;iddip=20064102\">242-B\/2006<\/a>, de 29 de Dezembro, <a title=\"Decreto-Lei n.&ordm; 65\/2007\" href=\"http:\/\/www.dre.pt\/util\/getdiplomas.asp?s=sug&amp;iddip=20070799\">65\/2007<\/a>, de 14 de Mar\u00e7o, e <a title=\"Decreto-Lei n.&ordm; 48-A\/2010\" href=\"http:\/\/www.dre.pt\/util\/getdiplomas.asp?s=sug&amp;iddip=20100872\">48-A\/2010<\/a>, de 13 de Maio<\/div>\n<p>&nbsp;<\/p>\n<p style=\"text-align: center;\">&nbsp;<\/p>\n<p style=\"text-align: center;\">&nbsp;<\/p>\n<div style=\"text-align: left;\"><a title=\"Ver Declara\u00e7\u00e3o n.&ordm; 14\/2010\" href=\"http:\/\/www.dre.pt\/util\/getpdf.asp?s=diad&amp;serie=1&amp;iddr=2010.192&amp;iddip=20102409\">Declara\u00e7\u00e3o n.&ordm; 14\/2010. <acronym title=\"Di\u00e1rio da Rep\u00fablica\">D.R.<\/acronym> n.&ordm; 192, S\u00e9rie I de 2010-10-01<\/a><br \/> <strong>Assembleia da Rep\u00fablica<\/strong><br \/> Ren\u00fancia de um vogal do conselho regulador da ERC &#8211; Entidade Reguladora para a Comunica\u00e7\u00e3o Social<\/div>\n<div style=\"text-align: left;\">&nbsp;<\/div>\n<div style=\"text-align: left;\">&nbsp;<\/div>\n<div style=\"text-align: left;\">\n<div><a title=\"Ver Decreto-Lei n.&ordm; 106\/2010\" href=\"http:\/\/www.dre.pt\/util\/getpdf.asp?s=diad&amp;serie=1&amp;iddr=2010.192&amp;iddip=20102420\">Decreto-Lei n.&ordm; 106\/2010. <acronym title=\"Di\u00e1rio da Rep\u00fablica\">D.R.<\/acronym> n.&ordm; 192, S\u00e9rie I de 2010-10-01<\/a><br \/> <strong>Minist\u00e9rio da&nbsp;Agricultura, do&nbsp;Desenvolvimento Rural e&nbsp;das&nbsp;Pescas<\/strong><br \/> Modifica  as subst\u00e2ncias activas constantes da lista positiva comunit\u00e1ria para a  coloca\u00e7\u00e3o no mercado de produtos fitofarmac\u00eauticos, com o objectivo de  reduzir os riscos de danos para a actividade agr\u00edcola, para a sa\u00fade  humana e animal e para o ambiente em geral, transp\u00f5e as Directivas n.os <a title=\"Link para Directiva da Comunidade Europeia\" href=\"http:\/\/www.dre.pt\/util\/eurlex\/eurlex.asp?ano=2010&amp;id=310L0014\">2010\/14\/UE<\/a>, da Comiss\u00e3o, de 3 de Mar\u00e7o, <a title=\"Link para Directiva da Comunidade Europeia\" href=\"http:\/\/www.dre.pt\/util\/eurlex\/eurlex.asp?ano=2010&amp;id=310L0015\">2010\/15\/UE<\/a>, da Comiss\u00e3o, de 8 de Mar\u00e7o, <a title=\"Link para Directiva da Comunidade Europeia\" href=\"http:\/\/www.dre.pt\/util\/eurlex\/eurlex.asp?ano=2010&amp;id=310L0017\">2010\/17\/UE<\/a>, da Comiss\u00e3o, de 9 de Mar\u00e7o, <a title=\"Link para Directiva da Comunidade Europeia\" href=\"http:\/\/www.dre.pt\/util\/eurlex\/eurlex.asp?ano=2010&amp;id=310L0020\">2010\/20\/UE<\/a>, da Comiss\u00e3o, de 9 de Mar\u00e7o, <a title=\"Link para Directiva da Comunidade Europeia\" href=\"http:\/\/www.dre.pt\/util\/eurlex\/eurlex.asp?ano=2010&amp;id=310L0021\">2010\/21\/UE<\/a>, da Comiss\u00e3o, de 12 de Mar\u00e7o, <a title=\"Link para Directiva da Comunidade Europeia\" href=\"http:\/\/www.dre.pt\/util\/eurlex\/eurlex.asp?ano=2010&amp;id=310L0025\">2010\/25\/UE<\/a>, da Comiss\u00e3o, de 18 de Mar\u00e7o, <a title=\"Link para Directiva da Comunidade Europeia\" href=\"http:\/\/www.dre.pt\/util\/eurlex\/eurlex.asp?ano=2010&amp;id=310L0027\">2010\/27\/UE<\/a>, da Comiss\u00e3o, de 23 de Abril, <a title=\"Link para Directiva da Comunidade Europeia\" href=\"http:\/\/www.dre.pt\/util\/eurlex\/eurlex.asp?ano=2010&amp;id=310L0028\">2010\/28\/UE<\/a>, da Comiss\u00e3o, de 23 de Abril, e <a title=\"Link para Directiva da Comunidade Europeia\" href=\"http:\/\/www.dre.pt\/util\/eurlex\/eurlex.asp?ano=2010&amp;id=310L0034\">2010\/34\/UE<\/a>, da Comiss\u00e3o, de 31 de Maio, e procede \u00e0 28.&ordf; altera\u00e7\u00e3o do <a title=\"Decreto-Lei n.&ordm; 94\/98\" href=\"http:\/\/www.dre.pt\/util\/getdiplomas.asp?s=sug&amp;iddip=19981019\">Decreto-Lei n.&ordm; 94\/98<\/a>, de 15 de Abril<\/div><\/div>\n<p>&nbsp;<\/p>\n<p>&nbsp;<\/p>\n<p style=\"text-align: center;\">&nbsp;<\/p>\n<p style=\"text-align: center;\">&nbsp;<\/p>\n<p style=\"text-align: center;\">&nbsp;<\/p>\n<p style=\"text-align: center;\">&nbsp;<\/p>\n<p>&nbsp;<\/p>\n<p style=\"text-align: center;\"><span style=\"color: rgb(0, 0, 255);\"><span style=\"font-size: 14px;\"><strong>DI\u00c1RIO DA REP\u00daBLICA II S\u00c9RIE<\/strong><\/span><\/span><span style=\"font-size: 14px;\"><strong><br \/> &nbsp; <a name=\"II_serie\"><span style=\"color: rgb(0, 0, 255);\"><span style=\"font-size: 18px;\">Outubro 2010<\/span><\/span><\/a><\/strong><\/span><\/p>\n<p style=\"text-align: center;\"><a href=\"#Topo\">ver I s\u00e9rie<br \/> <\/a><\/p>\n<p style=\"text-align: center;\">&nbsp;<\/p>\n<p style=\"text-align: justify;\">&nbsp;<\/p>\n<p style=\"text-align: center;\">&nbsp;<\/p>\n<p style=\"text-align: left;\">&nbsp;<\/p>\n<p style=\"text-align: justify;\">&nbsp;<\/p>\n<div style=\"text-align: justify;\"><a href=\"http:\/\/www.dre.pt\/util\/getpdf.asp?s=diad&amp;serie=2&amp;iddr=211.2010&amp;iddip=2010059136\" title=\"Despacho (extracto) n.&ordm; 16529\/2010\">Despacho (extracto) n.&ordm; 16529\/2010. <acronym title=\"Di\u00e1rio da Rep\u00fablica\">D.R.<\/acronym> n.&ordm; 211, S\u00e9rie II de 2010-10-29<\/a><br \/> <strong>Conselho Superior da Magistratura<\/strong><br \/> Aposenta\u00e7\u00e3o\/jubila\u00e7\u00e3o do Dr. Benjamim Silva Rodrigues<\/div>\n<div style=\"text-align: justify;\">&nbsp;<\/div>\n<div style=\"text-align: justify;\">&nbsp;<\/div>\n<div style=\"text-align: justify;\">\n<div><a href=\"http:\/\/www.dre.pt\/util\/getpdf.asp?s=diad&amp;serie=2&amp;iddr=211.2010&amp;iddip=2010059141\" title=\"Declara\u00e7\u00e3o de rectifica\u00e7\u00e3o n.&ordm; 2193\/2010\">Declara\u00e7\u00e3o de rectifica\u00e7\u00e3o n.&ordm; 2193\/2010. <acronym title=\"Di\u00e1rio da Rep\u00fablica\">D.R.<\/acronym> n.&ordm; 211, S\u00e9rie II de 2010-10-29<\/a><br \/> <strong>C\u00e2mara dos Solicitadores<\/strong><br \/> Declara\u00e7\u00e3o de rectifica\u00e7\u00e3o ao Regulamento n.&ordm; 786\/2010, de 19 de  Outubro, publicado no Di\u00e1rio da Rep\u00fablica, 2.&ordf; s\u00e9rie, n.&ordm; 203, de 19 de  Outubro de 2010<\/div><\/div>\n<p>&nbsp;<\/p>\n<p style=\"text-align: justify;\">&nbsp;<\/p>\n<p style=\"text-align: center;\">&nbsp;<\/p>\n<p style=\"text-align: center;\">&nbsp;<\/p>\n<p style=\"text-align: justify;\">&nbsp;<\/p>\n<div><a title=\"Norma regulamentar do Instituto de Seguros de Portugal n.&ordm; 15\/2010-R\" href=\"http:\/\/www.dre.pt\/util\/getpdf.asp?s=diad&amp;serie=2&amp;iddr=210.2010&amp;iddip=2010058744\">Norma regulamentar do Instituto de Seguros de Portugal n.&ordm; 15\/2010-R. <acronym title=\"Di\u00e1rio da Rep\u00fablica\">D.R.<\/acronym> n.&ordm; 210, S\u00e9rie II de 2010-10-28<\/a><br \/> <strong>Instituto de Seguros de Portugal<\/strong><br \/> Estabelece os \u00edndices trimestrais de actualiza\u00e7\u00e3o de capitais para as  ap\u00f3lices do ramo &laquo;Inc\u00eandio e elementos da natureza&raquo; com in\u00edcio ou  vencimento no 1.&ordm; trimestre de 2011<\/div>\n<p>&nbsp;<\/p>\n<p>&nbsp;<\/p>\n<p style=\"text-align: justify;\">&nbsp;<\/p>\n<p style=\"text-align: justify;\">&nbsp;<\/p>\n<div><a title=\"Norma regulamentar do Instituto de Seguros de Portugal n.&ordm; 14\/2010-R\" href=\"http:\/\/www.dre.pt\/util\/getpdf.asp?s=diad&amp;serie=2&amp;iddr=209.2010&amp;iddip=2010058388\">Norma regulamentar do Instituto de Seguros de Portugal n.&ordm; 14\/2010-R. <acronym title=\"Di\u00e1rio da Rep\u00fablica\">D.R.<\/acronym> n.&ordm; 209, S\u00e9rie II de 2010-10-27<\/a><br \/> <strong>Instituto de Seguros de Portugal<\/strong><br \/> Regulamenta o registo central de contratos de seguro de vida, de  acidentes pessoais e de opera\u00e7\u00f5es de capitaliza\u00e7\u00e3o com benefici\u00e1rios em  caso de morte<\/div>\n<p>&nbsp;<\/p>\n<p style=\"text-align: center;\">&nbsp;<\/p>\n<p style=\"text-align: center;\">&nbsp;<\/p>\n<div style=\"text-align: justify;\"><a href=\"http:\/\/www.dre.pt\/util\/getpdf.asp?s=diad&amp;serie=2&amp;iddr=208.2010&amp;iddip=2010057846\" title=\"Despacho n.&ordm; 16143\/2010\">Despacho n.&ordm; 16143\/2010. <acronym title=\"Di\u00e1rio da Rep\u00fablica\">D.R.<\/acronym> n.&ordm; 208, S\u00e9rie II de 2010-10-26<\/a><br \/> <strong>Minist\u00e9rio da Justi\u00e7a &#8211; Gabinete do Secret\u00e1rio de Estado da Justi\u00e7a<\/strong><br \/> Nomeia os ju\u00edzes sociais do Tribunal de Fam\u00edlia e Menores da Comarca do Funchal<\/div>\n<p>&nbsp;<\/p>\n<p style=\"text-align: center;\">&nbsp;<\/p>\n<p style=\"text-align: center;\">&nbsp;<\/p>\n<p style=\"text-align: justify;\">&nbsp;<\/p>\n<div><a href=\"http:\/\/www.dre.pt\/util\/getpdf.asp?s=diad&amp;serie=2&amp;iddr=208.2010&amp;iddip=2010057845\" title=\"Despacho n.&ordm; 16142\/2010\">Despacho n.&ordm; 16142\/2010. <acronym title=\"Di\u00e1rio da Rep\u00fablica\">D.R.<\/acronym> n.&ordm; 208, S\u00e9rie II de 2010-10-26<\/a><br \/> <strong>Minist\u00e9rio da Justi\u00e7a &#8211; Gabinete do Secret\u00e1rio de Estado da Justi\u00e7a<\/strong><br \/> Declara instalado o Gabinete M\u00e9dico-Legal de Set\u00fabal<\/div>\n<p>&nbsp;<\/p>\n<p style=\"text-align: center;\">&nbsp;<\/p>\n<p style=\"text-align: center;\">&nbsp;<\/p>\n<p style=\"text-align: justify;\">&nbsp;<\/p>\n<div><a title=\"Despacho (extracto) n.&ordm; 16182\/2010\" href=\"http:\/\/www.dre.pt\/util\/getpdf.asp?s=diad&amp;serie=2&amp;iddr=208.2010&amp;iddip=2010058052\">Despacho (extracto) n.&ordm; 16182\/2010. <acronym title=\"Di\u00e1rio da Rep\u00fablica\">D.R.<\/acronym> n.&ordm; 208, S\u00e9rie II de 2010-10-26<\/a><br \/> <strong>Conselho Superior da Magistratura<\/strong><br \/> Aposenta\u00e7\u00e3o\/jubila\u00e7\u00e3o juiz conselheiro Dr. Fernando Fr\u00f3is<\/div>\n<p>&nbsp;<\/p>\n<p>&nbsp;<\/p>\n<p style=\"text-align: justify;\">&nbsp;<\/p>\n<p style=\"text-align: justify;\">&nbsp;<\/p>\n<div><a title=\"Despacho (extracto) n.&ordm; 16183\/2010\" href=\"http:\/\/www.dre.pt\/util\/getpdf.asp?s=diad&amp;serie=2&amp;iddr=208.2010&amp;iddip=2010058053\">Despacho (extracto) n.&ordm; 16183\/2010. <acronym title=\"Di\u00e1rio da Rep\u00fablica\">D.R.<\/acronym> n.&ordm; 208, S\u00e9rie II de 2010-10-26<\/a><br \/> <strong>Minist\u00e9rio P\u00fablico &#8211; Procuradoria-Geral da Rep\u00fablica &#8211; Conselho Superior do Minist\u00e9rio P\u00fablico<\/strong><br \/> Aposenta\u00e7\u00e3o\/jubila\u00e7\u00e3o da Procuradora da Rep\u00fablica, licenciada Maria Manuela Galv\u00e3o Ribeiro<\/div>\n<p>&nbsp;<\/p>\n<p style=\"text-align: center;\">&nbsp;<\/p>\n<p style=\"text-align: justify;\">&nbsp;<\/p>\n<div><a href=\"http:\/\/www.dre.pt\/util\/getpdf.asp?s=diad&amp;serie=2&amp;iddr=207.2010&amp;iddip=2010057598\" title=\"Despacho (extracto) n.&ordm; 16070\/2010\">Despacho (extracto) n.&ordm; 16070\/2010. <acronym title=\"Di\u00e1rio da Rep\u00fablica\">D.R.<\/acronym> n.&ordm; 207, S\u00e9rie II de 2010-10-25<\/a><br \/> <strong>Conselho Superior da Magistratura<\/strong><br \/> Aposenta\u00e7\u00e3o\/jubila\u00e7\u00e3o juiz desembargador Dr. Lu\u00eds Dias Andr\u00e9 Silva<\/div>\n<p>&nbsp;<\/p>\n<p style=\"text-align: justify;\">&nbsp;<\/p>\n<div><a title=\"Edital n.&ordm; 1039\/2010\" href=\"http:\/\/www.dre.pt\/util\/getpdf.asp?s=diad&amp;serie=2&amp;iddr=206.2010&amp;iddip=2010057331\">Edital n.&ordm; 1039\/2010. <acronym title=\"Di\u00e1rio da Rep\u00fablica\">D.R.<\/acronym> n.&ordm; 206, S\u00e9rie II de 2010-10-22<\/a><br \/> <strong>Ordem dos Advogados &#8211; Conselho de Deontologia do Porto<\/strong><br \/> Determina\u00e7\u00e3o de inefic\u00e1cia dos actos de execu\u00e7\u00e3o de pena disciplinar de expuls\u00e3o aplicada ao Dr. H\u00e9lder Martins Leit\u00e3o, advogado<\/div>\n<p>&nbsp;<\/p>\n<p style=\"text-align: center;\">&nbsp;<\/p>\n<p style=\"text-align: justify;\">&nbsp;<\/p>\n<div><a title=\"Ac\u00f3rd\u00e3o n.&ordm; 235\/2010\" href=\"http:\/\/www.dre.pt\/util\/getpdf.asp?s=diad&amp;serie=2&amp;iddr=206.2010&amp;iddip=2010057243\">Ac\u00f3rd\u00e3o n.&ordm; 235\/2010. <acronym title=\"Di\u00e1rio da Rep\u00fablica\">D.R.<\/acronym> n.&ordm; 206, S\u00e9rie II de 2010-10-22<\/a><br \/> Tribunal Constitucional<br \/> N\u00e3o julga inconstitucional a interpreta\u00e7\u00e3o das disposi\u00e7\u00f5es conjugadas  dos artigos 281.&ordm;, n.&ordm; 5, 307.&ordm;, n.&ordm; 2, 310.&ordm;, n.&ordm; 1, e 399.&ordm; do C\u00f3digo  de Processo Penal no sentido de que \u00e9 irrecorr\u00edvel a decis\u00e3o de  denega\u00e7\u00e3o da aplica\u00e7\u00e3o do instituto da suspens\u00e3o provis\u00f3ria do processo  quando inserta na decis\u00e3o instrut\u00f3ria de pron\u00fancia<\/div>\n<p>&nbsp;<\/p>\n<p style=\"text-align: center;\">&nbsp;<\/p>\n<p style=\"text-align: center;\">&nbsp;<\/p>\n<p style=\"text-align: justify;\">&nbsp;<\/p>\n<div><a title=\"Delibera\u00e7\u00e3o (extracto) n.&ordm; 1906\/2010\" href=\"http:\/\/www.dre.pt\/util\/getpdf.asp?s=udrd&amp;serie=2&amp;iddr=205.2010&amp;iddip=2010056993\">Delibera\u00e7\u00e3o (extracto) n.&ordm; 1906\/2010. <acronym title=\"Di\u00e1rio da Rep\u00fablica\">D.R.<\/acronym> n.&ordm; 205, S\u00e9rie II de 2010-10-21<\/a><br \/> <strong>Conselho Superior da Magistratura<\/strong><br \/> Regradua\u00e7\u00e3o dos candidatos volunt\u00e1rios ao 12.&ordm; concurso curricular de acesso ao Supremo Tribunal de Justi\u00e7a<\/div>\n<p>&nbsp;<\/p>\n<p style=\"text-align: center;\">&nbsp;<\/p>\n<p style=\"text-align: center;\">&nbsp;<\/p>\n<p style=\"text-align: justify;\">&nbsp;<\/p>\n<div><a href=\"http:\/\/www.dre.pt\/util\/getpdf.asp?s=diad&amp;serie=2&amp;iddr=203.2010&amp;iddip=2010056336\" title=\"Regulamento n.&ordm; 786\/2010\">Regulamento n.&ordm; 786\/2010. <acronym title=\"Di\u00e1rio da Rep\u00fablica\">D.R.<\/acronym> n.&ordm; 203, S\u00e9rie II de 2010-10-19<\/a><br \/> <strong>C\u00e2mara dos Solicitadores<\/strong><br \/> Regulamento de Publicidade e Imagem dos Solicitadores e Agentes de Execu\u00e7\u00e3o<\/div>\n<p>&nbsp;<\/p>\n<p>&nbsp;<\/p>\n<p style=\"text-align: center;\">&nbsp;<\/p>\n<p style=\"text-align: justify;\">&nbsp;<\/p>\n<div><a href=\"http:\/\/www.dre.pt\/util\/getpdf.asp?s=diad&amp;serie=2&amp;iddr=203.2010&amp;iddip=2010056277\" title=\"Ac\u00f3rd\u00e3o n.&ordm; 271\/2010\">Ac\u00f3rd\u00e3o n.&ordm; 271\/2010. <acronym title=\"Di\u00e1rio da Rep\u00fablica\">D.R.<\/acronym> n.&ordm; 203, S\u00e9rie II de 2010-10-19<\/a><br \/> <strong>Tribunal Constitucional<\/strong><br \/> N\u00e3o julga inconstitucional a norma do artigo 24.&ordm;, n.&ordm; 1, do Decreto-Lei  n.&ordm; 503\/99, de 20 de Novembro, interpretada no sentido de que se  considera caducado o direito de pedir o reconhecimento de recidiva  ocorrida mais de 10 anos contados da data da alta, quando o sinistrado  tenha sido considerado curado das les\u00f5es sofridas sem que das mesmas  tenha resultado qualquer incapacidade funcional e n\u00e3o tenha ocorrido  actualiza\u00e7\u00e3o intercalar do grau de incapacidade dentro do mesmo prazo<\/div>\n<p>&nbsp;<\/p>\n<p>&nbsp;<\/p>\n<p style=\"text-align: center;\">&nbsp;<\/p>\n<p style=\"text-align: center;\">&nbsp;<\/p>\n<div style=\"text-align: justify;\"><a title=\"Aviso n.&ordm; 20338\/2010\" href=\"http:\/\/www.dre.pt\/util\/getpdf.asp?s=diad&amp;serie=2&amp;iddr=200.2010&amp;iddip=2010055157\">Aviso n.&ordm; 20338\/2010. <acronym title=\"Di\u00e1rio da Rep\u00fablica\">D.R.<\/acronym> n.&ordm; 200, S\u00e9rie II de 2010-10-14<\/a><br \/> <strong>Minist\u00e9rio da Justi\u00e7a &#8211; Conselho dos Oficiais de Justi\u00e7a<\/strong><br \/> Marca\u00e7\u00e3o da data das elei\u00e7\u00f5es para os vogais do Conselho dos Oficiais de Justi\u00e7a<\/div>\n<div style=\"text-align: justify;\">&nbsp;<\/div>\n<p>&nbsp;<\/p>\n<p style=\"text-align: justify;\">&nbsp;<\/p>\n<div><a title=\"Parecer n.&ordm; 10\/2010\" href=\"http:\/\/www.dre.pt\/util\/getpdf.asp?s=diad&amp;serie=2&amp;iddr=200.2010&amp;iddip=2010055265\">Parecer n.&ordm; 10\/2010. <acronym title=\"Di\u00e1rio da Rep\u00fablica\">D.R.<\/acronym> n.&ordm; 200, S\u00e9rie II de 2010-10-14<\/a><br \/> <strong>Minist\u00e9rio P\u00fablico &#8211; Procuradoria-Geral da Rep\u00fablica<\/strong><br \/> Legalidade do acto de rectifica\u00e7\u00e3o de alvar\u00e1 de loteamento<\/div>\n<p>&nbsp;<\/p>\n<p>&nbsp;<\/p>\n<p style=\"text-align: center;\">&nbsp;<\/p>\n<p style=\"text-align: justify;\">&nbsp;<\/p>\n<div><a href=\"http:\/\/www.dre.pt\/util\/getpdf.asp?s=diad&amp;serie=2&amp;iddr=197.2010&amp;iddip=2010054431\" title=\"Edital n.&ordm; 962\/2010\">Edital n.&ordm; 962\/2010. <acronym title=\"Di\u00e1rio da Rep\u00fablica\">D.R.<\/acronym> n.&ordm; 197, S\u00e9rie II de 2010-10-11<\/a><br \/> <strong>Ordem dos Advogados<\/strong><br \/> Torna p\u00fablico o levantamento de suspens\u00e3o da inscri\u00e7\u00e3o na Ordem dos Advogados da Dr.&ordf; Estela Almeida e Silva<\/div>\n<p>&nbsp;<\/p>\n<p style=\"text-align: center;\">&nbsp;<\/p>\n<p style=\"text-align: justify;\">&nbsp;<\/p>\n<div><a href=\"http:\/\/www.dre.pt\/util\/getpdf.asp?s=diad&amp;serie=2&amp;iddr=196.2010&amp;iddip=2010054056\" title=\"Aviso n.&ordm; 19890\/2010\">Aviso n.&ordm; 19890\/2010. <acronym title=\"Di\u00e1rio da Rep\u00fablica\">D.R.<\/acronym> n.&ordm; 196, S\u00e9rie II de 2010-10-08<\/a><br \/> <strong>Minist\u00e9rio das Finan\u00e7as e da Administra\u00e7\u00e3o P\u00fablica &#8211; Caixa Geral de Aposenta\u00e7\u00f5es, I. P<\/strong>.<br \/> Lista de aposentados e reformados a partir de 1 de Novembro de 2010<\/div>\n<p>&nbsp;<\/p>\n<p style=\"text-align: center;\">&nbsp;<\/p>\n<p style=\"text-align: center;\">&nbsp;<\/p>\n<p style=\"text-align: center;\">&nbsp;<\/p>\n<div style=\"text-align: justify;\"><a href=\"http:\/\/www.dre.pt\/util\/getpdf.asp?s=udrd&amp;serie=2&amp;iddr=196.2010&amp;iddip=2010054197\" title=\"Despacho (extracto) n.&ordm; 15282\/2010\">Despacho (extracto) n.&ordm; 15282\/2010. <acronym title=\"Di\u00e1rio da Rep\u00fablica\">D.R.<\/acronym> n.&ordm; 196, S\u00e9rie II de 2010-10-08<\/a><br \/> <strong>Conselho Superior da Magistratura<\/strong><br \/> Nomea\u00e7\u00e3o de secret\u00e1rio de inspec\u00e7\u00f5es judiciais &#8211; Paulo Jos\u00e9 G. Leandro<\/div>\n<p>&nbsp;<\/p>\n<p style=\"text-align: center;\">&nbsp;<\/p>\n<p style=\"text-align: center;\">&nbsp;<\/p>\n<p style=\"text-align: center;\">&nbsp;<\/p>\n<div style=\"text-align: justify;\"><a href=\"http:\/\/www.dre.pt\/util\/getpdf.asp?s=udrd&amp;serie=2&amp;iddr=195.2010&amp;iddip=2010053790\" title=\"Aviso n.&ordm; 19769\/2010\">Aviso n.&ordm; 19769\/2010. <acronym title=\"Di\u00e1rio da Rep\u00fablica\">D.R.<\/acronym> n.&ordm; 195, S\u00e9rie II de 2010-10-07<\/a><br \/> <strong>Minist\u00e9rio da Justi\u00e7a &#8211; Direc\u00e7\u00e3o-Geral de Reinser\u00e7\u00e3o Social<\/strong><br \/> Divulga\u00e7\u00e3o de resultados da prova de conhecimentos no \u00e2mbito do concurso  externo de ingresso para constitui\u00e7\u00e3o de rela\u00e7\u00e3o jur\u00eddica de emprego  p\u00fablico, por tempo indeterminado, de 55 postos de trabalho na categoria  de t\u00e9cnico superior de reinser\u00e7\u00e3o social de 2.&ordf; classe, da carreira de  TSRS<\/div>\n<p>&nbsp;<\/p>\n<p style=\"text-align: center;\">&nbsp;<\/p>\n<p style=\"text-align: justify;\">&nbsp;<\/p>\n<div><a href=\"http:\/\/www.dre.pt\/util\/getpdf.asp?s=diad&amp;serie=2&amp;iddr=194.2010&amp;iddip=2010053493\" title=\"Aviso n.&ordm; 19653\/2010\">Aviso n.&ordm; 19653\/2010. <acronym title=\"Di\u00e1rio da Rep\u00fablica\">D.R.<\/acronym> n.&ordm; 194, S\u00e9rie II de 2010-10-06<\/a><br \/> <strong>Minist\u00e9rio da Justi\u00e7a &#8211; Direc\u00e7\u00e3o-Geral de Reinser\u00e7\u00e3o Socia<\/strong>l<br \/> Divulga\u00e7\u00e3o dos resultados da prova de conhecimentos no \u00e2mbito do  concurso externo de ingresso para constitui\u00e7\u00e3o de rela\u00e7\u00e3o jur\u00eddica de  emprego p\u00fablico por tempo indeterminado de 30 postos de trabalho na  categoria de t\u00e9cnico profissional de reinser\u00e7\u00e3o social de 2.&ordf; classe, da  carreira de TPRS<\/div>\n<p>&nbsp;<\/p>\n<p style=\"text-align: center;\">&nbsp;<\/p>\n<p style=\"text-align: left;\">&nbsp;<\/p>\n<p style=\"text-align: left;\">&nbsp;<\/p>\n<div><a href=\"http:\/\/www.dre.pt\/util\/getpdf.asp?s=diad&amp;serie=2&amp;iddr=194.2010&amp;iddip=2010053629\" title=\"Edital n.&ordm; 947\/2010\">Edital n.&ordm; 947\/2010. <acronym title=\"Di\u00e1rio da Rep\u00fablica\">D.R.<\/acronym> n.&ordm; 194, S\u00e9rie II de 2010-10-06<\/a><br \/> <strong>Ordem dos Advogados<\/strong><br \/> Torna p\u00fablica a suspens\u00e3o da inscri\u00e7\u00e3o na Ordem dos Advogados do Dr. Ricardo Primitivo<\/div>\n<div>&nbsp;<\/div>\n<div>&nbsp;<\/div>\n<div><a href=\"http:\/\/www.dre.pt\/util\/getpdf.asp?s=diad&amp;serie=2&amp;iddr=194.2010&amp;iddip=2010053630\" title=\"Edital n.&ordm; 948\/2010\">Edital n.&ordm; 948\/2010. <acronym title=\"Di\u00e1rio da Rep\u00fablica\">D.R.<\/acronym> n.&ordm; 194, S\u00e9rie II de 2010-10-06<\/a><br \/> <strong>Ordem dos Advogados<\/strong><br \/> Torna p\u00fablica a suspens\u00e3o da inscri\u00e7\u00e3o na Ordem dos Advogados da Dr.&ordf; Cristina Concei\u00e7\u00e3o Monteiro<\/div>\n<div>&nbsp;<\/div>\n<p>&nbsp;<\/p>\n<div>&nbsp;<\/div>\n<p>&nbsp;<\/p>\n","protected":false},"excerpt":{"rendered":"<div class=\"pvc_clear\"><\/div>\n<p id=\"pvc_stats_30780\" class=\"pvc_stats all  \" data-element-id=\"30780\" style=\"\"><i class=\"pvc-stats-icon small\" aria-hidden=\"true\"><svg aria-hidden=\"true\" focusable=\"false\" data-prefix=\"far\" data-icon=\"chart-bar\" role=\"img\" xmlns=\"http:\/\/www.w3.org\/2000\/svg\" viewBox=\"0 0 512 512\" class=\"svg-inline--fa fa-chart-bar fa-w-16 fa-2x\"><path fill=\"currentColor\" d=\"M396.8 352h22.4c6.4 0 12.8-6.4 12.8-12.8V108.8c0-6.4-6.4-12.8-12.8-12.8h-22.4c-6.4 0-12.8 6.4-12.8 12.8v230.4c0 6.4 6.4 12.8 12.8 12.8zm-192 0h22.4c6.4 0 12.8-6.4 12.8-12.8V140.8c0-6.4-6.4-12.8-12.8-12.8h-22.4c-6.4 0-12.8 6.4-12.8 12.8v198.4c0 6.4 6.4 12.8 12.8 12.8zm96 0h22.4c6.4 0 12.8-6.4 12.8-12.8V204.8c0-6.4-6.4-12.8-12.8-12.8h-22.4c-6.4 0-12.8 6.4-12.8 12.8v134.4c0 6.4 6.4 12.8 12.8 12.8zM496 400H48V80c0-8.84-7.16-16-16-16H16C7.16 64 0 71.16 0 80v336c0 17.67 14.33 32 32 32h464c8.84 0 16-7.16 16-16v-16c0-8.84-7.16-16-16-16zm-387.2-48h22.4c6.4 0 12.8-6.4 12.8-12.8v-70.4c0-6.4-6.4-12.8-12.8-12.8h-22.4c-6.4 0-12.8 6.4-12.8 12.8v70.4c0 6.4 6.4 12.8 12.8 12.8z\" class=\"\"><\/path><\/svg><\/i> <img src=\"https:\/\/trc.pt\/2020\/wp-content\/plugins\/page-views-count\/ajax-loader.gif\" border=0 \/><\/p>\n<div class=\"pvc_clear\"><\/div>\n<p>&nbsp; &nbsp; &nbsp; &nbsp; &nbsp; &nbsp; DI\u00c1RIO DA REP\u00daBLICA I S\u00c9RIE &nbsp; Outubro 2010&nbsp; ver II s\u00e9rie &nbsp; &nbsp; &nbsp;<\/p>\n","protected":false},"author":1,"featured_media":0,"comment_status":"open","ping_status":"open","sticky":false,"template":"","format":"standard","meta":[],"categories":[243],"tags":[],"_links":{"self":[{"href":"https:\/\/trc.pt\/2020\/wp-json\/wp\/v2\/posts\/30780"}],"collection":[{"href":"https:\/\/trc.pt\/2020\/wp-json\/wp\/v2\/posts"}],"about":[{"href":"https:\/\/trc.pt\/2020\/wp-json\/wp\/v2\/types\/post"}],"author":[{"embeddable":true,"href":"https:\/\/trc.pt\/2020\/wp-json\/wp\/v2\/users\/1"}],"replies":[{"embeddable":true,"href":"https:\/\/trc.pt\/2020\/wp-json\/wp\/v2\/comments?post=30780"}],"version-history":[{"count":0,"href":"https:\/\/trc.pt\/2020\/wp-json\/wp\/v2\/posts\/30780\/revisions"}],"wp:attachment":[{"href":"https:\/\/trc.pt\/2020\/wp-json\/wp\/v2\/media?parent=30780"}],"wp:term":[{"taxonomy":"category","embeddable":true,"href":"https:\/\/trc.pt\/2020\/wp-json\/wp\/v2\/categories?post=30780"},{"taxonomy":"post_tag","embeddable":true,"href":"https:\/\/trc.pt\/2020\/wp-json\/wp\/v2\/tags?post=30780"}],"curies":[{"name":"wp","href":"https:\/\/api.w.org\/{rel}","templated":true}]}}