{"id":29655,"date":"2009-12-03T14:58:10","date_gmt":"2009-12-03T14:58:10","guid":{"rendered":"https:\/\/trc.pt\/\/2009\/12\/03\/movimento-judicial-ordinario-julho-2008-sp-7410\/"},"modified":"2009-12-03T14:58:10","modified_gmt":"2009-12-03T14:58:10","slug":"movimento-judicial-ordinario-julho-2008-sp-7410","status":"publish","type":"post","link":"https:\/\/trc.pt\/2020\/movimento-judicial-ordinario-julho-2008-sp-7410\/","title":{"rendered":"Destaques do Di\u00e1rio da Rep\u00fablica de Dezembro 2009"},"content":{"rendered":"<div class=\"pvc_clear\"><\/div>\n<p id=\"pvc_stats_29655\" class=\"pvc_stats all  \" data-element-id=\"29655\" style=\"\"><i class=\"pvc-stats-icon small\" aria-hidden=\"true\"><svg aria-hidden=\"true\" focusable=\"false\" data-prefix=\"far\" data-icon=\"chart-bar\" role=\"img\" xmlns=\"http:\/\/www.w3.org\/2000\/svg\" viewBox=\"0 0 512 512\" class=\"svg-inline--fa fa-chart-bar fa-w-16 fa-2x\"><path fill=\"currentColor\" d=\"M396.8 352h22.4c6.4 0 12.8-6.4 12.8-12.8V108.8c0-6.4-6.4-12.8-12.8-12.8h-22.4c-6.4 0-12.8 6.4-12.8 12.8v230.4c0 6.4 6.4 12.8 12.8 12.8zm-192 0h22.4c6.4 0 12.8-6.4 12.8-12.8V140.8c0-6.4-6.4-12.8-12.8-12.8h-22.4c-6.4 0-12.8 6.4-12.8 12.8v198.4c0 6.4 6.4 12.8 12.8 12.8zm96 0h22.4c6.4 0 12.8-6.4 12.8-12.8V204.8c0-6.4-6.4-12.8-12.8-12.8h-22.4c-6.4 0-12.8 6.4-12.8 12.8v134.4c0 6.4 6.4 12.8 12.8 12.8zM496 400H48V80c0-8.84-7.16-16-16-16H16C7.16 64 0 71.16 0 80v336c0 17.67 14.33 32 32 32h464c8.84 0 16-7.16 16-16v-16c0-8.84-7.16-16-16-16zm-387.2-48h22.4c6.4 0 12.8-6.4 12.8-12.8v-70.4c0-6.4-6.4-12.8-12.8-12.8h-22.4c-6.4 0-12.8 6.4-12.8 12.8v70.4c0 6.4 6.4 12.8 12.8 12.8z\" class=\"\"><\/path><\/svg><\/i> <img src=\"https:\/\/trc.pt\/2020\/wp-content\/plugins\/page-views-count\/ajax-loader.gif\" border=0 \/><\/p>\n<div class=\"pvc_clear\"><\/div>\n<p> \u00a0 <\/p>\n<p> \u00a0 <\/p>\n<p align=\"center\"> <strong><span style=\"color: #3333ff\"><span style=\"color: #660099\"><u>DI\u00c1RIO DA REP\u00daBLICA\u00a0 I S\u00c9RIE<\/u><\/span><\/span><\/strong><a name=\"topo\" title=\"topo\"><\/a> <\/p>\n<p align=\"center\"> \u00a0 <strong><span style=\"color: #000099\">Dezembro 2009 <\/span><\/strong> <\/p>\n<p align=\"center\"> <a href=\"#IIserie\">\u00a0 ver II s\u00e9rie<\/a>  <\/p>\n<p> \u00a0 <\/p>\n<p> \u00a0 <\/p>\n<p> <a href=\"http:\/\/www.dre.pt\/util\/getpdf.asp?s=diad&#038;serie=1&#038;iddr=2009.251&#038;iddip=20093432\" title=\"Ver Decreto Legislativo Regional n.\u00ba 31\/2009\/M\">Decreto Legislativo Regional n.\u00ba 31\/2009\/M. D.R. n.\u00ba 251, S\u00e9rie I de 2009-12-30<\/a><br \/> <strong>Regi\u00e3o Aut\u00f3noma da Madeira &#8211; Assembleia Legislativa<\/strong><br \/> Adapta \u00e0 Regi\u00e3o Aut\u00f3noma da Madeira o <a href=\"http:\/\/www.dre.pt\/util\/getdiplomas.asp?s=sug&#038;iddip=20092049\" title=\"Decreto-Lei n.\u00ba 188\/2009\">Decreto-Lei n.\u00ba 188\/2009<\/a>, de 12 de Agosto, que estabelece as regras a que se encontra sujeita a pr\u00e1tica de actos de desfibrilha\u00e7\u00e3o autom\u00e1tica externa por n\u00e3o m\u00e9dicos, bem como a instala\u00e7\u00e3o e utiliza\u00e7\u00e3o de desfibrilhadores autom\u00e1ticos externos <\/p>\n<p> \u00a0 <\/p>\n<p> <a href=\"http:\/\/www.dre.pt\/util\/getpdf.asp?s=diad&#038;serie=1&#038;iddr=2009.251&#038;iddip=20093424\" title=\"Ver Lei n.\u00ba 119\/2009\">Lei n.\u00ba 119\/2009. D.R. n.\u00ba 251, S\u00e9rie I de 2009-12-30<\/a><strong><br \/> Assembleia da Rep\u00fablica<\/strong><br \/> Primeira altera\u00e7\u00e3o \u00e0 <a href=\"http:\/\/www.dre.pt\/util\/getdiplomas.asp?s=sug&#038;iddip=20092538\" title=\"Lei n.\u00ba 110\/2009\">Lei n.\u00ba 110\/2009<\/a>, de 16 de Setembro, que estabelece uma nova data para a entrada em vigor do C\u00f3digo dos Regimes Contributivos do Sistema Previdencial de Seguran\u00e7a Social <\/p>\n<p> \u00a0 <\/p>\n<p> <a href=\"http:\/\/www.dre.pt\/util\/getpdf.asp?s=diad&#038;serie=1&#038;iddr=2009.251&#038;iddip=20093423\" title=\"Ver Lei n.\u00ba 118\/2009\">Lei n.\u00ba 118\/2009. D.R. n.\u00ba 251, S\u00e9rie I de 2009-12-30<\/a><br \/> <strong>Assembleia da Rep\u00fablica<\/strong><br \/> Segunda altera\u00e7\u00e3o \u00e0 <a href=\"http:\/\/www.dre.pt\/util\/getdiplomas.asp?s=sug&#038;iddip=20083790\" title=\"Lei n.\u00ba 64-A\/2008\">Lei n.\u00ba 64-A\/2008<\/a>, de 31 de Dezembro (Or\u00e7amento do Estado para 2009) <\/p>\n<p> \u00a0 <\/p>\n<p> <a href=\"http:\/\/www.dre.pt\/util\/getpdf.asp?s=diad&#038;serie=1&#038;iddr=2009.249&#038;iddip=20093400\" title=\"Ver Portaria n.\u00ba 1451\/2009\">Portaria n.\u00ba 1451\/2009. D.R. n.\u00ba 249, S\u00e9rie I de 2009-12-28<\/a><br \/> <strong>Minist\u00e9rio do Trabalho e\u00a0da\u00a0Solidariedade\u00a0Social<\/strong><br \/> Estabelece o regime de concess\u00e3o dos apoios t\u00e9cnicos e financeiros da medida INOV-SOCIAL e define as respectivas normas de funcionamento e acompanhamento, e aprova o Regulamento da referida medida <\/p>\n<p> \u00a0 <\/p>\n<p> <a href=\"http:\/\/www.dre.pt\/util\/getpdf.asp?s=diad&#038;serie=1&#038;iddr=2009.248&#038;iddip=20093394\" title=\"Ver Ac\u00f3rd\u00e3o do Supremo Tribunal de Justi\u00e7a n.\u00ba 16\/2009\">Ac\u00f3rd\u00e3o do Supremo Tribunal de Justi\u00e7a n.\u00ba 16\/2009. D.R. n.\u00ba 248, S\u00e9rie I de 2009-12-24<\/a><br \/> <strong>Supremo Tribunal de Justi\u00e7a<\/strong><br \/> A discord\u00e2ncia do juiz de instru\u00e7\u00e3o em rela\u00e7\u00e3o \u00e0 determina\u00e7\u00e3o do Minist\u00e9rio P\u00fablico, visando a suspens\u00e3o provis\u00f3ria do processo, nos termos e para os efeitos do n.\u00ba 1 do artigo 281.\u00ba do C\u00f3digo de Processo Penal, n\u00e3o \u00e9 pass\u00edvel de recurso <\/p>\n<p> \u00a0 <\/p>\n<p> <a href=\"http:\/\/www.dre.pt\/util\/getpdf.asp?s=diad&#038;serie=1&#038;iddr=2009.248&#038;iddip=20093393\" title=\"Ver Decreto-Lei n.\u00ba 323\/2009\">Decreto-Lei n.\u00ba 323\/2009. D.R. n.\u00ba 248, S\u00e9rie I de 2009-12-24<\/a><br \/> <strong>Minist\u00e9rio do Trabalho e\u00a0da\u00a0Solidariedade\u00a0Social<\/strong><br \/> Aprova um regime extraordin\u00e1rio de actualiza\u00e7\u00e3o de pens\u00f5es e de outras presta\u00e7\u00f5es indexadas ao indexante dos apoios sociais para 2010 <\/p>\n<p> \u00a0 <\/p>\n<p> <a href=\"http:\/\/www.dre.pt\/util\/getpdf.asp?s=diad&#038;serie=1&#038;iddr=2009.248&#038;iddip=20093390\" title=\"Ver Declara\u00e7\u00e3o de Rectifica\u00e7\u00e3o n.\u00ba 94\/2009\">Declara\u00e7\u00e3o de Rectifica\u00e7\u00e3o n.\u00ba 94\/2009. D.R. n.\u00ba 248, S\u00e9rie I de 2009-12-24<\/a><br \/> <strong>Presid\u00eancia do Conselho de Ministros &#8211; Centro Jur\u00eddico<\/strong><br \/> Rectifica o <a href=\"http:\/\/www.dre.pt\/util\/getdiplomas.asp?s=sug&#038;iddip=20093093\" title=\"Decreto-Lei n.\u00ba 313\/2009\">Decreto-Lei n.\u00ba 313\/2009<\/a>, de 27 de Outubro, do Minist\u00e9rio das Obras P\u00fablicas, Transportes e Comunica\u00e7\u00f5es, que no uso da autoriza\u00e7\u00e3o legislativa concedida pela <a href=\"http:\/\/www.dre.pt\/util\/getdiplomas.asp?s=sug&#038;iddip=20092291\" title=\"Lei n.\u00ba 87\/2009\">Lei n.\u00ba 87\/2009<\/a>, de 28 de Agosto, aprova o Regulamento da Habilita\u00e7\u00e3o Legal para Conduzir, e transp\u00f5e para a ordem jur\u00eddica interna a Directiva n.\u00ba <a href=\"http:\/\/www.dre.pt\/util\/eurlex\/eurlex.asp?ano=2009&#038;id=309L0112\" title=\"Link para Directiva da Comunidade Europeia\">2009\/112\/CE<\/a>, da Comiss\u00e3o, de 25 de Agosto, que altera a Directiva n.\u00ba <a href=\"http:\/\/www.dre.pt\/util\/eurlex\/eurlex.asp?ano=1991&#038;id=391L0439\" title=\"Link para Directiva da Comunidade Europeia\">91\/439\/CEE<\/a>, do Conselho, de 29 de Julho, relativa \u00e0 carta de condu\u00e7\u00e3o, publicado no Di\u00e1rio da Rep\u00fablica, 1.\u00aa s\u00e9rie, n.\u00ba 208, de 27 de Outubro de 2009 <\/p>\n<p> \u00a0 <\/p>\n<p> <a href=\"http:\/\/www.dre.pt\/util\/getpdf.asp?s=diad&#038;serie=1&#038;iddr=2009.247&#038;iddip=20093372\" title=\"Ver Lei n.\u00ba 116\/2009\">Lei n.\u00ba 116\/2009. D.R. n.\u00ba 247, S\u00e9rie I de 2009-12-23<\/a><br \/> <strong>Assembleia da Rep\u00fablica<\/strong><br \/> Prorroga por 360 dias o prazo de entrada em vigor do <a href=\"http:\/\/www.dre.pt\/util\/getdiplomas.asp?s=sug&#038;iddip=20092647\" title=\"Decreto-Lei n.\u00ba 254\/2009\">Decreto-Lei n.\u00ba 254\/2009<\/a>, de 24 de Setembro, que, no uso da autoriza\u00e7\u00e3o concedida pela <a href=\"http:\/\/www.dre.pt\/util\/getdiplomas.asp?s=sug&#038;iddip=20091760\" title=\"Lei n.\u00ba 36\/2009\">Lei n.\u00ba 36\/2009<\/a>, de 20 de Julho, aprova o C\u00f3digo Florestal <\/p>\n<p> \u00a0 <\/p>\n<p> <a href=\"http:\/\/www.dre.pt\/util\/getpdf.asp?s=diad&#038;serie=1&#038;iddr=2009.246&#038;iddip=20093366\" title=\"Ver Portaria n.\u00ba 1437\/2009\">Portaria n.\u00ba 1437\/2009. D.R. n.\u00ba 246, S\u00e9rie I de 2009-12-22<\/a><br \/> <strong>Minist\u00e9rio da Agricultura, do Desenvolvimento Rural e das Pescas<\/strong><br \/> Renova a zona de ca\u00e7a municipal de Pega, bem como a transfer\u00eancia de gest\u00e3o, por um per\u00edodo de seis anos, constitu\u00edda por v\u00e1rios terrenos cineg\u00e9ticos sitos nas freguesias de Ad\u00e3o e Pega, munic\u00edpio da Guarda (processo n.\u00ba 3558-AFN) <\/p>\n<p> \u00a0 <\/p>\n<p> <a href=\"http:\/\/www.dre.pt\/util\/getpdf.asp?s=diad&#038;serie=1&#038;iddr=2009.245&#038;iddip=20093354\" title=\"Ver Portaria n.\u00ba 1427\/2009\">Portaria n.\u00ba 1427\/2009. D.R. n.\u00ba 245, S\u00e9rie I de 2009-12-21<\/a><br \/> <strong>Minist\u00e9rio da Justi\u00e7a<\/strong><br \/> Instala o Julgado de Paz do Agrupamento dos Concelhos de C\u00e2mara de Lobos e Funchal e aprova o respectivo Regulamento Interno <\/p>\n<p> \u00a0 <\/p>\n<p> <a href=\"http:\/\/www.dre.pt\/util\/getpdf.asp?s=diad&#038;serie=1&#038;iddr=2009.244S01&#038;iddip=20093351\" title=\"Ver Portaria n.\u00ba 1426-B\/2009\">Portaria n.\u00ba 1426-B\/2009. D.R. n.\u00ba 244, Suplemento, S\u00e9rie I de 2009-12-18<\/a><br \/> <strong>Minist\u00e9rio das Finan\u00e7as e\u00a0da\u00a0Administra\u00e7\u00e3o\u00a0P\u00fablica<\/strong><br \/> Altera o Regulamento do Fundo de Garantia de Dep\u00f3sitos, aprovado pela <a href=\"http:\/\/www.dre.pt\/util\/getdiplomas.asp?s=sug&#038;tdip=Portaria&#038;ndip=285-B\/95\">Portaria n.\u00ba 285-B\/95<\/a> de 19 de Setembro <\/p>\n<p> \u00a0 <\/p>\n<p> <a href=\"http:\/\/www.dre.pt\/util\/getpdf.asp?s=diad&#038;serie=1&#038;iddr=2009.244S01&#038;iddip=20093350\" title=\"Ver Portaria n.\u00ba 1426-A\/2009\">Portaria n.\u00ba 1426-A\/2009. D.R. n.\u00ba 244, Suplemento, S\u00e9rie I de 2009-12-18<\/a><br \/> <strong>Minist\u00e9rio das Finan\u00e7as e\u00a0da\u00a0Administra\u00e7\u00e3o\u00a0P\u00fablica<\/strong><br \/> Altera o Regulamento do Sistema de Indemniza\u00e7\u00e3o aos Investidores, aprovado pela <a href=\"http:\/\/www.dre.pt\/util\/getdiplomas.asp?s=sug&#038;iddip=20013686\" title=\"Portaria n.\u00ba 1266\/2001\">Portaria n.\u00ba 1266\/2001<\/a>, de 6 de Novembro <\/p>\n<p> \u00a0 <\/p>\n<p> <a href=\"http:\/\/www.dre.pt\/util\/getpdf.asp?s=diad&#038;serie=1&#038;iddr=2009.244&#038;iddip=20093347\" title=\"Ver Resolu\u00e7\u00e3o da Assembleia Legislativa da Regi\u00e3o Aut\u00f3noma da Madeira n.\u00ba 19\/2009\/M\">Resolu\u00e7\u00e3o da Assembleia Legislativa da Regi\u00e3o Aut\u00f3noma da Madeira n.\u00ba 19\/2009\/M. D.R. n.\u00ba 244, S\u00e9rie I de 2009-12-18<\/a><br \/> <strong>Regi\u00e3o Aut\u00f3noma da Madeira &#8211; Assembleia Legislativa<\/strong><br \/> Aprova o Or\u00e7amento da Assembleia Legislativa da Regi\u00e3o Aut\u00f3noma da Madeira para o ano de 2010 <\/p>\n<p> \u00a0 <\/p>\n<p> <a href=\"http:\/\/www.dre.pt\/util\/getpdf.asp?s=diad&#038;serie=1&#038;iddr=2009.244&#038;iddip=20093344\" title=\"Ver Resolu\u00e7\u00e3o da Assembleia da Rep\u00fablica n.\u00ba 115\/2009\">Resolu\u00e7\u00e3o da Assembleia da Rep\u00fablica n.\u00ba 115\/2009. D.R. n.\u00ba 244, S\u00e9rie I de 2009-12-18<\/a><br \/> Assembleia da Rep\u00fablica<br \/> Elei\u00e7\u00e3o do presidente do Conselho Econ\u00f3mico e Social <\/p>\n<p> \u00a0 <\/p>\n<p> <a href=\"http:\/\/www.dre.pt\/util\/getpdf.asp?s=diad&#038;serie=1&#038;iddr=2009.244&#038;iddip=20093343\" title=\"Ver Resolu\u00e7\u00e3o da Assembleia da Rep\u00fablica n.\u00ba 114\/2009\">Resolu\u00e7\u00e3o da Assembleia da Rep\u00fablica n.\u00ba 114\/2009. D.R. n.\u00ba 244, S\u00e9rie I de 2009-12-18<\/a><br \/> <strong>Assembleia da Rep\u00fablica<\/strong><br \/> Elei\u00e7\u00e3o para o conselho geral do Centro de Estudos Judici\u00e1rios <\/p>\n<p> \u00a0 <\/p>\n<p> <a href=\"http:\/\/www.dre.pt\/util\/getpdf.asp?s=diad&#038;serie=1&#038;iddr=2009.244&#038;iddip=20093342\" title=\"Ver Resolu\u00e7\u00e3o da Assembleia da Rep\u00fablica n.\u00ba 113\/2009\">Resolu\u00e7\u00e3o da Assembleia da Rep\u00fablica n.\u00ba 113\/2009. D.R. n.\u00ba 244, S\u00e9rie I de 2009-12-18<\/a><br \/> <strong>Assembleia da Rep\u00fablica<\/strong><br \/> Elei\u00e7\u00e3o para o conselho pedag\u00f3gico do Centro de Estudos Judici\u00e1rios <\/p>\n<p> \u00a0 <\/p>\n<p> <a href=\"http:\/\/www.dre.pt\/util\/getpdf.asp?s=diad&#038;serie=1&#038;iddr=2009.244&#038;iddip=20093341\" title=\"Ver Resolu\u00e7\u00e3o da Assembleia da Rep\u00fablica n.\u00ba 112\/2009\">Resolu\u00e7\u00e3o da Assembleia da Rep\u00fablica n.\u00ba 112\/2009. D.R. n.\u00ba 244, S\u00e9rie I de 2009-12-18<\/a><br \/> <strong>Assembleia da Rep\u00fablica<\/strong><br \/> Prorroga\u00e7\u00e3o do prazo da entrada em vigor do C\u00f3digo dos Regimes Contributivos do Sistema Previdencial de Seguran\u00e7a Social <\/p>\n<p> \u00a0 <\/p>\n<p> <a href=\"http:\/\/www.dre.pt\/util\/getpdf.asp?s=diad&#038;serie=1&#038;iddr=2009.244&#038;iddip=20093339\" title=\"Ver Resolu\u00e7\u00e3o da Assembleia da Rep\u00fablica n.\u00ba 110\/2009\">Resolu\u00e7\u00e3o da Assembleia da Rep\u00fablica n.\u00ba 110\/2009. D.R. n.\u00ba 244, S\u00e9rie I de 2009-12-18<\/a><br \/> <strong>Assembleia da Rep\u00fablica<\/strong><br \/> Recomenda ao Governo um conjunto de medidas de apoio \u00e0 economia e de refor\u00e7o da competitividade <\/p>\n<p> \u00a0 <\/p>\n<p> <a href=\"http:\/\/www.dre.pt\/util\/getpdf.asp?s=diad&#038;serie=1&#038;iddr=2009.243&#038;iddip=20093334\" title=\"Ver Resolu\u00e7\u00e3o da Assembleia Legislativa da Regi\u00e3o Aut\u00f3noma da Madeira n.\u00ba 18\/2009\/M\">Resolu\u00e7\u00e3o da Assembleia Legislativa da Regi\u00e3o Aut\u00f3noma da Madeira n.\u00ba 18\/2009\/M. D.R. n.\u00ba 243, S\u00e9rie I de 2009-12-17<\/a><br \/> <strong>Regi\u00e3o Aut\u00f3noma da Madeira &#8211; Assembleia Legislativa<\/strong><br \/> Resolve apresentar \u00e0 Assembleia da Rep\u00fablica a proposta de lei sobre os descontos dos trabalhadores da fun\u00e7\u00e3o p\u00fablica, ao servi\u00e7o da ANAM &#8211; Aeroportos e Navega\u00e7\u00e3o A\u00e9rea da Madeira, S. A., para a Caixa Geral de Aposenta\u00e7\u00f5es <\/p>\n<p> \u00a0 <\/p>\n<p> <a href=\"http:\/\/www.dre.pt\/util\/getpdf.asp?s=diad&#038;serie=1&#038;iddr=2009.243&#038;iddip=20093333\" title=\"Ver Resolu\u00e7\u00e3o da Assembleia Legislativa da Regi\u00e3o Aut\u00f3noma da Madeira n.\u00ba 17\/2009\/M\">Resolu\u00e7\u00e3o da Assembleia Legislativa da Regi\u00e3o Aut\u00f3noma da Madeira n.\u00ba 17\/2009\/M. D.R. n.\u00ba 243, S\u00e9rie I de 2009-12-17<\/a><br \/> <strong>Regi\u00e3o Aut\u00f3noma da Madeira &#8211; Assembleia Legislativa<\/strong><br \/> Resolve apresentar \u00e0 Assembleia da Rep\u00fablica a proposta de lei sobre a altera\u00e7\u00e3o ao <a href=\"http:\/\/www.dre.pt\/util\/getdiplomas.asp?s=sug&#038;iddip=20080838\" title=\"Decreto-Lei n.\u00ba 66\/2008\">Decreto-Lei n.\u00ba 66\/2008<\/a>, de 9 de Abril, que regula a atribui\u00e7\u00e3o de um subs\u00eddio social de mobilidade aos cidad\u00e3os benefici\u00e1rios, no \u00e2mbito dos servi\u00e7os a\u00e9reos entre o continente e a Regi\u00e3o Aut\u00f3noma da Madeira <\/p>\n<p> \u00a0 <\/p>\n<p> <a href=\"http:\/\/www.dre.pt\/util\/getpdf.asp?s=diad&#038;serie=1&#038;iddr=2009.243&#038;iddip=20093332\" title=\"Ver Decreto Legislativo Regional n.\u00ba 24\/2009\/A\">Decreto Legislativo Regional n.\u00ba 24\/2009\/A. D.R. n.\u00ba 243, S\u00e9rie I de 2009-12-17<\/a><br \/> <strong>Regi\u00e3o Aut\u00f3noma dos A\u00e7ores &#8211; Assembleia Legislativa<\/strong><br \/> Procede \u00e0 atribui\u00e7\u00e3o de um suplemento de disponibilidade permanente a pessoal afecto \u00e0 Aerogare Civil das Lajes que exerce fun\u00e7\u00f5es em regime de disponibilidade permanente <\/p>\n<p> \u00a0 <\/p>\n<p> <a href=\"http:\/\/www.dre.pt\/util\/getpdf.asp?s=diad&#038;serie=1&#038;iddr=2009.243&#038;iddip=20093324\" title=\"Ver Resolu\u00e7\u00e3o da Assembleia da Rep\u00fablica n.\u00ba 109\/2009\">Resolu\u00e7\u00e3o da Assembleia da Rep\u00fablica n.\u00ba 109\/2009. D.R. n.\u00ba 243, S\u00e9rie I de 2009-12-17<\/a><br \/> <strong>Assembleia da Rep\u00fablica<\/strong><br \/> Recomenda ao Governo medidas de est\u00edmulo ao crescimento econ\u00f3mico <\/p>\n<p> \u00a0 <\/p>\n<p> <a href=\"http:\/\/www.dre.pt\/util\/getpdf.asp?s=diad&#038;serie=1&#038;iddr=2009.243&#038;iddip=20093323\" title=\"Ver Resolu\u00e7\u00e3o da Assembleia da Rep\u00fablica n.\u00ba 108\/2009\">Resolu\u00e7\u00e3o da Assembleia da Rep\u00fablica n.\u00ba 108\/2009. D.R. n.\u00ba 243, S\u00e9rie I de 2009-12-17<\/a><strong><br \/> Assembleia da Rep\u00fablica<\/strong><br \/> Recomenda que, no \u00e2mbito do processo negocial em curso e no prazo de 30 dias, seja revogada a divis\u00e3o da carreira docente nas categorias hierarquizadas de \u00abProfessor\u00bb e \u00abProfessor titular\u00bb e seja concretizado um novo regime de avalia\u00e7\u00e3o do desempenho dos docentes <\/p>\n<p> \u00a0 <\/p>\n<p> <a href=\"http:\/\/www.dre.pt\/util\/getpdf.asp?s=diad&#038;serie=1&#038;iddr=2009.242&#038;iddip=20093317\" title=\"Ver Resolu\u00e7\u00e3o da Assembleia Legislativa da Regi\u00e3o Aut\u00f3noma da Madeira n.\u00ba 15\/2009\/M\">Resolu\u00e7\u00e3o da Assembleia Legislativa da Regi\u00e3o Aut\u00f3noma da Madeira n.\u00ba 15\/2009\/M. D.R. n.\u00ba 242, S\u00e9rie I de 2009-12-16<\/a><br \/> <strong>Regi\u00e3o Aut\u00f3noma da Madeira &#8211; Assembleia Legislativa<\/strong><br \/> Resolve apresentar \u00e0 Assembleia da Rep\u00fablica a proposta de lei que cria o complemento de pens\u00e3o <\/p>\n<p> \u00a0 <\/p>\n<p> <a href=\"http:\/\/www.dre.pt\/util\/getpdf.asp?s=diad&#038;serie=1&#038;iddr=2009.242&#038;iddip=20093314\" title=\"Ver Decreto Legislativo Regional n.\u00ba 23\/2009\/A\">Decreto Legislativo Regional n.\u00ba 23\/2009\/A. D.R. n.\u00ba 242, S\u00e9rie I de 2009-12-16<\/a><br \/> <strong>Regi\u00e3o Aut\u00f3noma dos A\u00e7ores &#8211; Assembleia Legislativa<\/strong><br \/> Aprova o programa de acesso \u00e0 habita\u00e7\u00e3o pela via do arrendamento, designado por Programa Fam\u00edlias com Futuro <\/p>\n<p> \u00a0 <\/p>\n<p> <a href=\"http:\/\/www.dre.pt\/util\/getpdf.asp?s=diad&#038;serie=1&#038;iddr=2009.242&#038;iddip=20093313\" title=\"Ver Decreto Legislativo Regional n.\u00ba 22\/2009\/A\">Decreto Legislativo Regional n.\u00ba 22\/2009\/A. D.R. n.\u00ba 242, S\u00e9rie I de 2009-12-16<\/a><br \/> <strong>Regi\u00e3o Aut\u00f3noma dos A\u00e7ores &#8211; Assembleia Legislativa<\/strong><br \/> Terceira altera\u00e7\u00e3o ao <a href=\"http:\/\/www.dre.pt\/util\/getdiplomas.asp?s=sug&#038;iddip=20020712\" title=\"Decreto Legislativo Regional n.\u00ba 6\/2002\/A\">Decreto Legislativo Regional n.\u00ba 6\/2002\/A<\/a>, de 11 de Mar\u00e7o, que estabelece o regime de comparticipa\u00e7\u00e3o na recupera\u00e7\u00e3o de habita\u00e7\u00e3o degradada <\/p>\n<p> \u00a0 <\/p>\n<p> <a href=\"http:\/\/www.dre.pt\/util\/getpdf.asp?s=diad&#038;serie=1&#038;iddr=2009.242&#038;iddip=20093311\" title=\"Ver Portaria n.\u00ba 1416\/2009\">Portaria n.\u00ba 1416\/2009. D.R. n.\u00ba 242, S\u00e9rie I de 2009-12-16<\/a><br \/> <strong>Minist\u00e9rio das Finan\u00e7as e\u00a0da\u00a0Administra\u00e7\u00e3o\u00a0P\u00fablica<\/strong><br \/> Aprova o impresso da declara\u00e7\u00e3o modelo n.\u00ba 10 do IRS e do IRC e revoga a <a href=\"http:\/\/www.dre.pt\/util\/getdiplomas.asp?s=sug&#038;iddip=20080054\" title=\"Portaria n.\u00ba 16-B\/2008\">Portaria n.\u00ba 16-B\/2008<\/a>, de 9 de Janeiro <\/p>\n<p> \u00a0 <\/p>\n<p> <a href=\"http:\/\/www.dre.pt\/util\/getpdf.asp?s=diad&#038;serie=1&#038;iddr=2009.241&#038;iddip=20093302\" title=\"Ver Resolu\u00e7\u00e3o do Conselho de Ministros n.\u00ba 115\/2009\">Resolu\u00e7\u00e3o do Conselho de Ministros n.\u00ba 115\/2009. D.R. n.\u00ba 241, S\u00e9rie I de 2009-12-15<\/a><br \/> <strong>Presid\u00eancia do Conselho de Ministros<\/strong><br \/> Estabelece as medidas que concretizam a estrat\u00e9gia de internacionaliza\u00e7\u00e3o da economia <\/p>\n<p> \u00a0 <\/p>\n<p> <a href=\"http:\/\/www.dre.pt\/util\/getpdf.asp?s=diad&#038;serie=1&#038;iddr=2009.240&#038;iddip=20093299\" title=\"Ver Decreto-Lei n.\u00ba 322\/2009\">Decreto-Lei n.\u00ba 322\/2009. D.R. n.\u00ba 240, S\u00e9rie I de 2009-12-14<\/a><br \/> <strong>Minist\u00e9rio da Sa\u00fade<\/strong><br \/> Revoga o artigo 148.\u00ba da <a href=\"http:\/\/www.dre.pt\/util\/getdiplomas.asp?s=sug&#038;iddip=20064085\" title=\"Lei n.\u00ba 53-A\/2006\">Lei n.\u00ba 53-A\/2006<\/a>, de 29 de Dezembro, e o artigo 160.\u00ba da <a href=\"http:\/\/www.dre.pt\/util\/getdiplomas.asp?s=sug&#038;iddip=20083790\" title=\"Lei n.\u00ba 64-A\/2008\">Lei n.\u00ba 64-A\/2008<\/a>, de 31 de Dezembro, eliminando as taxas moderadoras para acesso a internamento e acto cir\u00fargico realizado em ambulat\u00f3rio, no \u00e2mbito do Servi\u00e7o Nacional de Sa\u00fade <\/p>\n<p> \u00a0 <\/p>\n<p> <a href=\"http:\/\/www.dre.pt\/util\/getpdf.asp?s=diad&#038;serie=1&#038;iddr=2009.240&#038;iddip=20093294\" title=\"Ver Resolu\u00e7\u00e3o do Conselho de Ministros n.\u00ba 114\/2009\">Resolu\u00e7\u00e3o do Conselho de Ministros n.\u00ba 114\/2009. D.R. n.\u00ba 240, S\u00e9rie I de 2009-12-14<\/a><strong><br \/> Presid\u00eancia do Conselho de Ministro<\/strong>s<br \/> Aprova, para o corrente ano, a distribui\u00e7\u00e3o das indemniza\u00e7\u00f5es compensat\u00f3rias pelas diferentes empresas prestadoras de servi\u00e7o p\u00fablico <\/p>\n<p> \u00a0 <\/p>\n<p> <a href=\"http:\/\/www.dre.pt\/util\/getpdf.asp?s=diad&#038;serie=1&#038;iddr=2009.239&#038;iddip=20093291\" title=\"Ver Portaria n.\u00ba 1406\/2009\">Portaria n.\u00ba 1406\/2009. D.R. n.\u00ba 239, S\u00e9rie I de 2009-12-11<\/a><br \/> <strong>Minist\u00e9rio da Justi\u00e7a<\/strong><br \/> Cria a Conservat\u00f3ria do Registo Predial de Lisboa, de 1.\u00aa classe, por fus\u00e3o das 1.\u00aa \u00e0 9.\u00aa Conservat\u00f3rias do Registo Predial de Lisboa <\/p>\n<p> \u00a0 <\/p>\n<p> <a href=\"http:\/\/www.dre.pt\/util\/getpdf.asp?s=diad&#038;serie=1&#038;iddr=2009.239&#038;iddip=20093290\" title=\"Ver Decreto-Lei n.\u00ba 321\/2009\">Decreto-Lei n.\u00ba 321\/2009. D.R. n.\u00ba 239, S\u00e9rie I de 2009-12-11<\/a><br \/> <strong>Presid\u00eancia do Conselho de Ministros<\/strong><br \/> Aprova a Lei Org\u00e2nica do XVIII Governo Constitucional <\/p>\n<p> \u00a0 <\/p>\n<p> <a href=\"http:\/\/www.dre.pt\/util\/getpdf.asp?s=diad&#038;serie=1&#038;iddr=2009.239&#038;iddip=20093289\" title=\"Ver Resolu\u00e7\u00e3o da Assembleia da Rep\u00fablica n.\u00ba 107\/2009\">Resolu\u00e7\u00e3o da Assembleia da Rep\u00fablica n.\u00ba 107\/2009. D.R. n.\u00ba 239, S\u00e9rie I de 2009-12-11<\/a><br \/> <strong>Assembleia da Rep\u00fablica<\/strong><br \/> Designa\u00e7\u00e3o dos membros do Conselho de Estado eleitos pela Assembleia da Rep\u00fablica <\/p>\n<p> \u00a0 <\/p>\n<p> <a href=\"http:\/\/www.dre.pt\/util\/getpdf.asp?s=diad&#038;serie=1&#038;iddr=2009.238&#038;iddip=20093286\" title=\"Ver Portaria n.\u00ba 1405\/2009\">Portaria n.\u00ba 1405\/2009. D.R. n.\u00ba 238, S\u00e9rie I de 2009-12-10<\/a><br \/> <strong>Minist\u00e9rio da Defesa Nacional<\/strong><br \/> Aprova o modelo de c\u00e9dula militar e revoga a <a href=\"http:\/\/www.dre.pt\/util\/getdiplomas.asp?s=sug&#038;iddip=20013009\" title=\"Portaria n.\u00ba 1050\/2001\">Portaria n.\u00ba 1050\/2001<\/a>, de 3 de Setembro <\/p>\n<p> \u00a0 <\/p>\n<p> <a href=\"http:\/\/dre.pt\/util\/getpdf.asp?s=diad&#038;serie=1&#038;iddr=2009.237&#038;iddip=20093279\" title=\"Ver Portaria n.\u00ba 1401\/2009\">Portaria n.\u00ba 1401\/2009. D.R. n.\u00ba 237, S\u00e9rie I de 2009-12-09<\/a><br \/> <strong>Minist\u00e9rio da Defesa Nacional<\/strong><br \/> Fixa o n\u00famero m\u00e1ximo de unidades org\u00e2nicas flex\u00edveis da Pol\u00edcia Judici\u00e1ria Militar <\/p>\n<p> \u00a0 <\/p>\n<p> <a href=\"http:\/\/dre.pt\/util\/getpdf.asp?s=diad&#038;serie=1&#038;iddr=2009.236&#038;iddip=20093269\" title=\"Ver Portaria n.\u00ba 1399\/2009\">Portaria n.\u00ba 1399\/2009. D.R. n.\u00ba 236, S\u00e9rie I de 2009-12-07<\/a><br \/> <strong>Minist\u00e9rio da\u00a0Agricultura, do\u00a0Desenvolvimento Rural e\u00a0das\u00a0Pescas<\/strong><br \/> Aprova o Regulamento do Regime de Apoio \u00e0 Imobiliza\u00e7\u00e3o Definitiva de Embarca\u00e7\u00f5es de Pesca Licenciadas para a Arte de Arrasto de Vara, previsto na Medida de Cessa\u00e7\u00e3o Definitiva das Actividades de Pesca do eixo priorit\u00e1rio n.\u00ba 1 do Programa Operacional Pesca 2007-2013 (PROMAR) <\/p>\n<p> \u00a0 <\/p>\n<p> <a href=\"http:\/\/dre.pt\/util\/getpdf.asp?s=diad&#038;serie=1&#038;iddr=2009.236&#038;iddip=20093268\" title=\"Ver Portaria n.\u00ba 1398\/2009\">Portaria n.\u00ba 1398\/2009. D.R. n.\u00ba 236, S\u00e9rie I de 2009-12-07<\/a><br \/> <strong>Minist\u00e9rio da\u00a0Agricultura, do\u00a0Desenvolvimento Rural e\u00a0das\u00a0Pescas<\/strong><br \/> Aprova o Regulamento do Regime de Apoio \u00e0 Imobiliza\u00e7\u00e3o Definitiva de Embarca\u00e7\u00f5es de Pesca Licenciadas para a Arte de Cerco, previsto na Medida de Cessa\u00e7\u00e3o Definitiva das Actividades de Pesca do eixo priorit\u00e1rio n.\u00ba 1 do Programa Operacional Pesca 2007-2013 (PROMAR) <\/p>\n<p> \u00a0 <\/p>\n<p> <a href=\"http:\/\/www.dre.pt\/util\/getpdf.asp?s=diad&#038;serie=1&#038;iddr=2009.235&#038;iddip=20093263\" title=\"Ver Decreto Legislativo Regional n.\u00ba 30\/2009\/M\">Decreto Legislativo Regional n.\u00ba 30\/2009\/M. D.R. n.\u00ba 235, S\u00e9rie I de 2009-12-04<\/a><br \/> <strong>Regi\u00e3o Aut\u00f3noma da Madeira &#8211; Assembleia Legislativa<\/strong><br \/> Reestrutura o Instituto do Desporto da Regi\u00e3o Aut\u00f3noma da Madeira, IP-RAM <\/p>\n<p> \u00a0 <\/p>\n<p> <a href=\"http:\/\/www.dre.pt\/util\/getpdf.asp?s=diad&#038;serie=1&#038;iddr=2009.235&#038;iddip=20093262\" title=\"Ver Decreto Legislativo Regional n.\u00ba 29\/2009\/M\">Decreto Legislativo Regional n.\u00ba 29\/2009\/M. D.R. n.\u00ba 235, S\u00e9rie I de 2009-12-04<\/a><br \/> <strong>Regi\u00e3o Aut\u00f3noma da Madeira &#8211; Assembleia Legislativa<\/strong><br \/> Procede \u00e0 altera\u00e7\u00e3o das condi\u00e7\u00f5es de atribui\u00e7\u00e3o do suplemento relativo ao acr\u00e9scimo de produtividade abonado aos trabalhadores da Direc\u00e7\u00e3o Regional dos Assuntos Fiscais <\/p>\n<p> \u00a0 <\/p>\n<p> <a href=\"http:\/\/www.dre.pt\/util\/getpdf.asp?s=diad&#038;serie=1&#038;iddr=2009.235&#038;iddip=20093261\" title=\"Ver Portaria n.\u00ba 1397\/2009\">Portaria n.\u00ba 1397\/2009. D.R. n.\u00ba 235, S\u00e9rie I de 2009-12-04<\/a><br \/> <strong>Minist\u00e9rio do Ambiente e do\u00a0Ordenamento do\u00a0Territ\u00f3rio<\/strong><br \/> Suspende, pelo prazo de tr\u00eas meses, a vig\u00eancia da <a href=\"http:\/\/www.dre.pt\/util\/getdiplomas.asp?s=sug&#038;iddip=20092894\" title=\"Portaria n.\u00ba 1245\/2009\">Portaria n.\u00ba 1245\/2009<\/a>, de 13 de Outubro, que define as taxas devidas pelos servi\u00e7os e actos praticados pelo Instituto da Conserva\u00e7\u00e3o da Natureza e da Biodiversidade, I. P., e repristina a <a href=\"http:\/\/www.dre.pt\/util\/getdiplomas.asp?s=sug&#038;iddip=20032248\" title=\"Portaria n.\u00ba 754\/2003\">Portaria n.\u00ba 754\/2003<\/a>, de 8 de Agosto <\/p>\n<p> \u00a0 <\/p>\n<p> <a href=\"http:\/\/www.dre.pt\/util\/getpdf.asp?s=diad&#038;serie=1&#038;iddr=2009.235&#038;iddip=20093260\" title=\"Ver Decreto-Lei n.\u00ba 320\/2009\">Decreto-Lei n.\u00ba 320\/2009. D.R. n.\u00ba 235, S\u00e9rie I de 2009-12-04<\/a><br \/> <strong>Minist\u00e9rio das Finan\u00e7as e\u00a0da\u00a0Administra\u00e7\u00e3o\u00a0P\u00fablica<\/strong><br \/> Consigna receitas do Estado provenientes de restitui\u00e7\u00f5es efectuadas pela Uni\u00e3o Europeia, a t\u00edtulo de ajustamentos dos montantes dos recursos pr\u00f3prios pagos em anos anteriores, ao cap\u00edtulo 70 do Or\u00e7amento do Estado, onde s\u00e3o inscritas as receitas da Uni\u00e3o Europeia <\/p>\n<p> \u00a0 <\/p>\n<p> <a href=\"http:\/\/www.dre.pt\/util\/getpdf.asp?s=diad&#038;serie=1&#038;iddr=2009.235&#038;iddip=20093260\" title=\"Ver Decreto-Lei n.\u00ba 320\/2009\">Decreto-Lei n.\u00ba 320\/2009. D.R. n.\u00ba 235, S\u00e9rie I de 2009-12-04<\/a><br \/> <strong>Minist\u00e9rio das Finan\u00e7as e\u00a0da\u00a0Administra\u00e7\u00e3o\u00a0P\u00fablica<\/strong><br \/> Consigna receitas do Estado provenientes de restitui\u00e7\u00f5es efectuadas pela Uni\u00e3o Europeia, a t\u00edtulo de ajustamentos dos montantes dos recursos pr\u00f3prios pagos em anos anteriores, ao cap\u00edtulo 70 do Or\u00e7amento do Estado, onde s\u00e3o inscritas as receitas da Uni\u00e3o Europeia <\/p>\n<p> \u00a0 <\/p>\n<p> <a href=\"http:\/\/www.dre.pt\/util\/getpdf.asp?s=diad&#038;serie=1&#038;iddr=2009.234&#038;iddip=20093254\" title=\"Ver Portaria n.\u00ba 1394\/2009\">Portaria n.\u00ba 1394\/2009. D.R. n.\u00ba 234, S\u00e9rie I de 2009-12-03<\/a><br \/> <strong>Minist\u00e9rios da Defesa Nacional e da Ci\u00eancia, Tecnologia e Ensino Superior<\/strong><br \/> Autoriza a Academia Militar a conferir o grau de mestre, na especialidade de Guerra de Informa\u00e7\u00e3o <\/p>\n<p> \u00a0 <\/p>\n<p> \u00a0 <\/p>\n<p> \u00a0 <\/p>\n<p> \u00a0 <\/p>\n<p align=\"center\"> \u00a0<strong><span style=\"color: #3333ff\"><span style=\"color: #660099\"><u>DI\u00c1RIO DA REP\u00daBLICA\u00a0 II S\u00c9RIE<\/u><\/span><\/span><\/strong><a name=\"IIserie\" title=\"IIserie\"><\/a> <\/p>\n<p align=\"center\"> <a href=\"#topo\">ver I s\u00e9rie<\/a> <\/p>\n<p align=\"center\"> \u00a0 <\/p>\n<p> \u00a0 <\/p>\n<p> <a href=\"http:\/\/www.dre.pt\/util\/getpdf.asp?s=udrd&#038;serie=2&#038;iddr=248.2009&#038;iddip=2009075380\" title=\"Ac\u00f3rd\u00e3o n.\u00ba 596\/2009\">Ac\u00f3rd\u00e3o n.\u00ba 596\/2009. D.R. n.\u00ba 248, S\u00e9rie II de 2009-12-24<\/a>\u00a0 <strong><br \/> Tribunal Constituciona<\/strong>l<br \/> N\u00e3o julga inconstitucional a norma constante do artigo 12.\u00ba, n.\u00ba 1, da Lei n.\u00ba 24\/2007, de 18 de Julho, na acep\u00e7\u00e3o segundo a qual, em caso de acidente rodovi\u00e1rio em auto-estradas, em raz\u00e3o do atravessamento de animais, o \u00f3nus da prova do cumprimento das obriga\u00e7\u00f5es de seguran\u00e7a pertence \u00e0 concession\u00e1ria <\/p>\n<p> \u00a0 <\/p>\n<p> <a href=\"http:\/\/www.dre.pt\/util\/getpdf.asp?s=diad&#038;serie=2&#038;iddr=246.2009&#038;iddip=2009074957\" title=\"Despacho n.\u00ba 27445\/2009\">Despacho n.\u00ba 27445\/2009. D.R. n.\u00ba 246, S\u00e9rie II de 2009-12-22<\/a> <strong><br \/> Minist\u00e9rio P\u00fablico &#8211; Procuradoria-Geral da Rep\u00fablica<\/strong><br \/> Nomea\u00e7\u00e3o em regime de comiss\u00e3o de servi\u00e7o da especialista auxiliar Maria Jos\u00e9 Cola\u00e7o Augusto para o desempenho de fun\u00e7\u00f5es no Departamento Central de Investiga\u00e7\u00e3o e Ac\u00e7\u00e3o Penal da Procuradoria-Geral da Rep\u00fablica <\/p>\n<p> \u00a0 <\/p>\n<p> \u00a0<a href=\"http:\/\/www.dre.pt\/util\/getpdf.asp?s=diad&#038;serie=2&#038;iddr=246.2009&#038;iddip=2009074956\" title=\"Despacho n.\u00ba 27444\/2009\">Despacho n.\u00ba 27444\/2009. D.R. n.\u00ba 246, S\u00e9rie II de 2009-12-22<\/a> <strong><br \/> Minist\u00e9rio P\u00fablico &#8211; Procuradoria-Geral da Rep\u00fablica<\/strong><br \/> Renova\u00e7\u00e3o da comiss\u00e3o de servi\u00e7o da licenciada Ana Marta Rebelo Patr\u00edcio, jurista do n\u00facleo de assessoria ao conselho consultivo da Procuradoria-Geral da Rep\u00fablica <\/p>\n<p> \u00a0 <\/p>\n<p> <a href=\"http:\/\/www.dre.pt\/util\/getpdf.asp?s=diad&#038;serie=2&#038;iddr=245.2009&#038;iddip=2009074599\" title=\"Declara\u00e7\u00e3o de rectifica\u00e7\u00e3o n.\u00ba 3032\/2009\">Declara\u00e7\u00e3o de rectifica\u00e7\u00e3o n.\u00ba 3032\/2009. D.R. n.\u00ba 245, S\u00e9rie II de 2009-12-21<\/a> <strong><br \/> Conselho Superior da Magistratura<\/strong><br \/> Rectifica\u00e7\u00e3o da delibera\u00e7\u00e3o (extracto) n.\u00ba 3289\/2009 (altera\u00e7\u00f5es ao Regulamento do Processo Eleitoral para o Conselho Superior da Magistratura) <\/p>\n<p> \u00a0 <\/p>\n<p> <a href=\"http:\/\/www.dre.pt\/util\/getpdf.asp?s=diad&#038;serie=2&#038;iddr=244.2009&#038;iddip=2009074345\" title=\"Despacho (extracto) n.\u00ba 27233\/2009\">Despacho (extracto) n.\u00ba 27233\/2009. D.R. n.\u00ba 244, S\u00e9rie II de 2009-12-18<\/a> <strong><br \/> Conselho Superior da Magistratura<\/strong><br \/> Aposenta\u00e7\u00e3o\/jubila\u00e7\u00e3o do juiz conselheiro Dr. Manuel Fernando dos Santos Serra <\/p>\n<p> \u00a0 <\/p>\n<p> <a href=\"http:\/\/www.dre.pt\/util\/getpdf.asp?s=diad&#038;serie=2&#038;iddr=243.2009&#038;iddip=2009073979\" title=\"Aviso n.\u00ba 22709\/2009\">Aviso n.\u00ba 22709\/2009. D.R. n.\u00ba 243, S\u00e9rie II de 2009-12-17<\/a> <br \/> <strong>Tribunal de Contas &#8211; Direc\u00e7\u00e3o-Geral<\/strong><br \/> Publicita\u00e7\u00e3o do processo em rela\u00e7\u00e3o ao qual o Minist\u00e9rio P\u00fablico n\u00e3o requereu procedimento jurisdicional <\/p>\n<p> \u00a0 <\/p>\n<p> <a href=\"http:\/\/www.dre.pt\/util\/getpdf.asp?s=diad&#038;serie=2&#038;iddr=242.2009&#038;iddip=2009073656\" title=\"Despacho (extracto) n.\u00ba 27028\/2009\">Despacho (extracto) n.\u00ba 27028\/2009. D.R. n.\u00ba 242, S\u00e9rie II de 2009-12-16<\/a> <strong><br \/> Minist\u00e9rio da Justi\u00e7a &#8211; Centro de Estudos Judici\u00e1rios<\/strong><br \/> Nomea\u00e7\u00e3o em comiss\u00e3o de servi\u00e7o de docente do CEJ <\/p>\n<p> \u00a0 <\/p>\n<p> <a href=\"http:\/\/www.dre.pt\/util\/getpdf.asp?s=diad&#038;serie=2&#038;iddr=241.2009&#038;iddip=2009073358\" title=\"Aviso (extracto) n.\u00ba 22432\/2009\">Aviso (extracto) n.\u00ba 22432\/2009. D.R. n.\u00ba 241, S\u00e9rie II de 2009-12-15<\/a> <strong><br \/> Minist\u00e9rio da Justi\u00e7a &#8211; Direc\u00e7\u00e3o-Geral da Administra\u00e7\u00e3o da Justi\u00e7a<\/strong><br \/> Lista de antiguidade do pessoal oficial de justi\u00e7a, reportada a 31 de Dezembro de 2008  <\/p>\n<p> <a href=\"http:\/\/www.dre.pt\/util\/getpdf.asp?s=diad&#038;serie=2&#038;iddr=241.2009&#038;iddip=2009073359\" title=\"Aviso (extracto) n.\u00ba 22433\/2009\">Aviso (extracto) n.\u00ba 22433\/2009. D.R. n.\u00ba 241, S\u00e9rie II de 2009-12-15<\/a><strong><br \/> Minist\u00e9rio da Justi\u00e7a &#8211; Direc\u00e7\u00e3o-Geral da Administra\u00e7\u00e3o da Justi\u00e7a<\/strong><br \/> Listas de antiguidade dos funcion\u00e1rios das carreiras do regime geral dos tribunais de 1.\u00aa inst\u00e2ncia, reportadas a 31 de Dezembro de 2008 <\/p>\n<p> <a href=\"http:\/\/www.dre.pt\/util\/getpdf.asp?s=diad&#038;serie=2&#038;iddr=240.2009&#038;iddip=2009073138\" title=\"Declara\u00e7\u00e3o n.\u00ba 424\/2009\">Declara\u00e7\u00e3o n.\u00ba 424\/2009. D.R. n.\u00ba 240, S\u00e9rie II de 2009-12-14<\/a> <strong><br \/> Supremo Tribunal Administrativo<\/strong><br \/> Elei\u00e7\u00e3o do juiz conselheiro Dr. Francisco Ant\u00f3nio Vasconcelos Pimenta do Vale como vice-presidente do Supremo Tribunal Administrativo <\/p>\n<p> <a href=\"http:\/\/www.dre.pt\/util\/getpdf.asp?s=diad&#038;serie=2&#038;iddr=239.2009&#038;iddip=2009072886\" title=\"Delibera\u00e7\u00e3o (extracto) n.\u00ba 3289\/2009\">Delibera\u00e7\u00e3o (extracto) n.\u00ba 3289\/2009. D.R. n.\u00ba 239, S\u00e9rie II de 2009-12-11<\/a> <br \/> <strong>Conselho Superior da Magistratura<\/strong><br \/> Altera\u00e7\u00f5es ao Regulamento de Processo Eleitoral para o Conselho Superior da Magistratura <\/p>\n<p> <a href=\"http:\/\/www.dre.pt\/util\/getpdf.asp?s=diad&#038;serie=2&#038;iddr=238.2009&#038;iddip=2009072590\" title=\"Delibera\u00e7\u00e3o n.\u00ba 3275\/2009\">Delibera\u00e7\u00e3o n.\u00ba 3275\/2009. D.R. n.\u00ba 238, S\u00e9rie II de 2009-12-10<\/a>\u00a0 <strong><br \/> Ordem dos Advogados<\/strong><br \/> Delibera\u00e7\u00e3o do conselho geral da Ordem dos Advogados, aprovada em sess\u00e3o plen\u00e1ria de 31 de Agosto de 2009, que procede \u00e0 altera\u00e7\u00e3o da tabela de emolumentos e pre\u00e7os\u00a0 <\/p>\n<p> <a href=\"http:\/\/dre.pt\/util\/getpdf.asp?s=diad&#038;serie=2&#038;iddr=237.2009&#038;iddip=2009072191\" title=\"Aviso n.\u00ba 22024\/2009\">Aviso n.\u00ba 22024\/2009. D.R. n.\u00ba 237, S\u00e9rie II de 2009-12-09<\/a><strong><br \/> Minist\u00e9rio da Justi\u00e7a &#8211; Comiss\u00e3o de Aprecia\u00e7\u00e3o e Controlo da Actividade dos Administradores da Insolv\u00eancia<\/strong><br \/> Cancelamento nas listas oficiais de administradores da insolv\u00eancia de Coimbra, \u00c9vora e Porto\u00a0 <\/p>\n<p> <a href=\"http:\/\/dre.pt\/util\/getpdf.asp?s=udrd&#038;serie=2&#038;iddr=236.2009&#038;iddip=2009072083\" title=\"Delibera\u00e7\u00e3o (extracto) n.\u00ba 3261\/2009\">Delibera\u00e7\u00e3o (extracto) n.\u00ba 3261\/2009. D.R. n.\u00ba 236, S\u00e9rie II de 2009-12-07<\/a> <strong><br \/> Conselho Superior da Magistratura<\/strong><br \/> Nomea\u00e7\u00e3o para o Supremo Tribunal de Justi\u00e7a &#8211; Dr. Orlando Viegas Martins Afonso <\/p>\n<p> <a href=\"http:\/\/dre.pt\/util\/getpdf.asp?s=udrd&#038;serie=2&#038;iddr=236.2009&#038;iddip=2009072041\" title=\"Ac\u00f3rd\u00e3o n.\u00ba 490-A\/2009\">Ac\u00f3rd\u00e3o n.\u00ba 490-A\/2009. D.R. n.\u00ba 236, S\u00e9rie II de 2009-12-07<\/a> <strong><br \/> Tribunal Constitucional<\/strong><br \/> Nova publica\u00e7\u00e3o integral do Ac\u00f3rd\u00e3o n.\u00ba 490\/2009 (publicado no Di\u00e1rio da Rep\u00fablica, 2.\u00aa s\u00e9rie, n.\u00ba 215, de 5 de Novembro de 2009), com a redac\u00e7\u00e3o, na parte decis\u00f3ria, que resulta do Ac\u00f3rd\u00e3o n.\u00ba 601\/2009, de 18 de Novembro <\/p>\n<p> \u00a0 <\/p>\n<p> <a href=\"http:\/\/www.dre.pt\/util\/getpdf.asp?s=diad&#038;serie=2&#038;iddr=235.2009&#038;iddip=2009071848\" title=\"Delibera\u00e7\u00e3o (extracto) n.\u00ba 3241\/2009\">Delibera\u00e7\u00e3o (extracto) n.\u00ba 3241\/2009. D.R. n.\u00ba 235, S\u00e9rie II de 2009-12-04<\/a> <br \/> <strong>Conselho Superior da Magistratura<\/strong><br \/> Nomea\u00e7\u00f5es para o STJ &#8211; Dr. Jos\u00e9 Botelho, Dr. M\u00e1rio Gomes e Dr. Jos\u00e9 Nunes <\/p>\n<p> \u00a0 <\/p>\n<p> <a href=\"http:\/\/www.dre.pt\/util\/getpdf.asp?s=diad&#038;serie=2&#038;iddr=234.2009&#038;iddip=2009071532\" title=\"Ac\u00f3rd\u00e3o n.\u00ba 554\/2009\">Ac\u00f3rd\u00e3o n.\u00ba 554\/2009. D.R. n.\u00ba 234, S\u00e9rie II de 2009-12-03<\/a> <strong><br \/> Tribunal Constitucional<\/strong><br \/> N\u00e3o julga inconstitucional a norma do n.\u00ba 7 do artigo 89.\u00ba-A da lei geral tribut\u00e1ria (redac\u00e7\u00e3o da Lei n.\u00ba 55-B\/2004, de 30 de Dezembro) quando interpretada no sentido de que a forma processual urgente, a\u00ed prevista, constitui a \u00fanica via de impugna\u00e7\u00e3o judicial da decis\u00e3o de avalia\u00e7\u00e3o da mat\u00e9ria colect\u00e1vel pelo m\u00e9todo indirecto <\/p>\n<p> \u00a0 <\/p>\n<p> <a href=\"http:\/\/www.dre.pt\/util\/getpdf.asp?s=diad&#038;serie=2&#038;iddr=234.2009&#038;iddip=2009071531\" title=\"Ac\u00f3rd\u00e3o n.\u00ba 555\/2009\">Ac\u00f3rd\u00e3o n.\u00ba 555\/2009. D.R. n.\u00ba 234, S\u00e9rie II de 2009-12-03<\/a> <strong><br \/> Tribunal Constitucional<\/strong><br \/> N\u00e3o julga inconstitucional a norma do artigo 177.\u00ba do C\u00f3digo de Procedimento e de Processo Tribut\u00e1rio (aprovado pelo Decreto-Lei n.\u00ba 433\/99, de 26 de Outubro, com as altera\u00e7\u00f5es posteriores), quando interpretado no sentido de que o prazo nele fixado tem natureza ordenadora e disciplinar e a sua ultrapassagem n\u00e3o implica, s\u00f3 por si, a extin\u00e7\u00e3o do processo de execu\u00e7\u00e3o fiscal <\/p>\n<p align=\"justify\"> <\/p>\n","protected":false},"excerpt":{"rendered":"<div class=\"pvc_clear\"><\/div>\n<p id=\"pvc_stats_29655\" class=\"pvc_stats all  \" data-element-id=\"29655\" style=\"\"><i class=\"pvc-stats-icon small\" aria-hidden=\"true\"><svg aria-hidden=\"true\" focusable=\"false\" data-prefix=\"far\" data-icon=\"chart-bar\" role=\"img\" xmlns=\"http:\/\/www.w3.org\/2000\/svg\" viewBox=\"0 0 512 512\" class=\"svg-inline--fa fa-chart-bar fa-w-16 fa-2x\"><path fill=\"currentColor\" d=\"M396.8 352h22.4c6.4 0 12.8-6.4 12.8-12.8V108.8c0-6.4-6.4-12.8-12.8-12.8h-22.4c-6.4 0-12.8 6.4-12.8 12.8v230.4c0 6.4 6.4 12.8 12.8 12.8zm-192 0h22.4c6.4 0 12.8-6.4 12.8-12.8V140.8c0-6.4-6.4-12.8-12.8-12.8h-22.4c-6.4 0-12.8 6.4-12.8 12.8v198.4c0 6.4 6.4 12.8 12.8 12.8zm96 0h22.4c6.4 0 12.8-6.4 12.8-12.8V204.8c0-6.4-6.4-12.8-12.8-12.8h-22.4c-6.4 0-12.8 6.4-12.8 12.8v134.4c0 6.4 6.4 12.8 12.8 12.8zM496 400H48V80c0-8.84-7.16-16-16-16H16C7.16 64 0 71.16 0 80v336c0 17.67 14.33 32 32 32h464c8.84 0 16-7.16 16-16v-16c0-8.84-7.16-16-16-16zm-387.2-48h22.4c6.4 0 12.8-6.4 12.8-12.8v-70.4c0-6.4-6.4-12.8-12.8-12.8h-22.4c-6.4 0-12.8 6.4-12.8 12.8v70.4c0 6.4 6.4 12.8 12.8 12.8z\" class=\"\"><\/path><\/svg><\/i> <img src=\"https:\/\/trc.pt\/2020\/wp-content\/plugins\/page-views-count\/ajax-loader.gif\" border=0 \/><\/p>\n<div class=\"pvc_clear\"><\/div>\n<p>\u00a0 \u00a0 DI\u00c1RIO DA REP\u00daBLICA\u00a0 I S\u00c9RIE \u00a0 Dezembro 2009 \u00a0 ver II s\u00e9rie \u00a0 \u00a0 Decreto Legislativo Regional n.\u00ba<\/p>\n","protected":false},"author":1,"featured_media":0,"comment_status":"open","ping_status":"open","sticky":false,"template":"","format":"standard","meta":[],"categories":[243],"tags":[],"_links":{"self":[{"href":"https:\/\/trc.pt\/2020\/wp-json\/wp\/v2\/posts\/29655"}],"collection":[{"href":"https:\/\/trc.pt\/2020\/wp-json\/wp\/v2\/posts"}],"about":[{"href":"https:\/\/trc.pt\/2020\/wp-json\/wp\/v2\/types\/post"}],"author":[{"embeddable":true,"href":"https:\/\/trc.pt\/2020\/wp-json\/wp\/v2\/users\/1"}],"replies":[{"embeddable":true,"href":"https:\/\/trc.pt\/2020\/wp-json\/wp\/v2\/comments?post=29655"}],"version-history":[{"count":0,"href":"https:\/\/trc.pt\/2020\/wp-json\/wp\/v2\/posts\/29655\/revisions"}],"wp:attachment":[{"href":"https:\/\/trc.pt\/2020\/wp-json\/wp\/v2\/media?parent=29655"}],"wp:term":[{"taxonomy":"category","embeddable":true,"href":"https:\/\/trc.pt\/2020\/wp-json\/wp\/v2\/categories?post=29655"},{"taxonomy":"post_tag","embeddable":true,"href":"https:\/\/trc.pt\/2020\/wp-json\/wp\/v2\/tags?post=29655"}],"curies":[{"name":"wp","href":"https:\/\/api.w.org\/{rel}","templated":true}]}}