{"id":29386,"date":"2003-12-02T19:00:00","date_gmt":"2003-12-02T19:00:00","guid":{"rendered":"https:\/\/trc.pt\/\/2003\/12\/02\/movimento-judicial-ordinario-julho-2008-sp-8421\/"},"modified":"2003-12-02T19:00:00","modified_gmt":"2003-12-02T19:00:00","slug":"movimento-judicial-ordinario-julho-2008-sp-8421","status":"publish","type":"post","link":"https:\/\/trc.pt\/2020\/movimento-judicial-ordinario-julho-2008-sp-8421\/","title":{"rendered":"Identifica\u00e7\u00e3o do arguido. Rejei\u00e7\u00e3o da acusa\u00e7\u00e3o"},"content":{"rendered":"<div class=\"pvc_clear\"><\/div>\n<p id=\"pvc_stats_29386\" class=\"pvc_stats all  \" data-element-id=\"29386\" style=\"\"><i class=\"pvc-stats-icon small\" aria-hidden=\"true\"><svg aria-hidden=\"true\" focusable=\"false\" data-prefix=\"far\" data-icon=\"chart-bar\" role=\"img\" xmlns=\"http:\/\/www.w3.org\/2000\/svg\" viewBox=\"0 0 512 512\" class=\"svg-inline--fa fa-chart-bar fa-w-16 fa-2x\"><path fill=\"currentColor\" d=\"M396.8 352h22.4c6.4 0 12.8-6.4 12.8-12.8V108.8c0-6.4-6.4-12.8-12.8-12.8h-22.4c-6.4 0-12.8 6.4-12.8 12.8v230.4c0 6.4 6.4 12.8 12.8 12.8zm-192 0h22.4c6.4 0 12.8-6.4 12.8-12.8V140.8c0-6.4-6.4-12.8-12.8-12.8h-22.4c-6.4 0-12.8 6.4-12.8 12.8v198.4c0 6.4 6.4 12.8 12.8 12.8zm96 0h22.4c6.4 0 12.8-6.4 12.8-12.8V204.8c0-6.4-6.4-12.8-12.8-12.8h-22.4c-6.4 0-12.8 6.4-12.8 12.8v134.4c0 6.4 6.4 12.8 12.8 12.8zM496 400H48V80c0-8.84-7.16-16-16-16H16C7.16 64 0 71.16 0 80v336c0 17.67 14.33 32 32 32h464c8.84 0 16-7.16 16-16v-16c0-8.84-7.16-16-16-16zm-387.2-48h22.4c6.4 0 12.8-6.4 12.8-12.8v-70.4c0-6.4-6.4-12.8-12.8-12.8h-22.4c-6.4 0-12.8 6.4-12.8 12.8v70.4c0 6.4 6.4 12.8 12.8 12.8z\" class=\"\"><\/path><\/svg><\/i> <img src=\"https:\/\/trc.pt\/2020\/wp-content\/plugins\/page-views-count\/ajax-loader.gif\" border=0 \/><\/p>\n<div class=\"pvc_clear\"><\/div>\n<p align=\"justify\"> <strong>IDENTIDADE DO ARGUIDO E REJEI\u00c7\u00c3O DA ACUSA\u00c7\u00c3O <br \/> RECURSO PENAL N\u00ba<\/strong> 3444\/03<br \/> <strong>Relator<\/strong>: DR. JORGE DIAS<br \/> <strong>Data do Acord\u00e3o<\/strong>: 03-12-2003 <br \/> <strong>Processo no Tribunal Recurso<\/strong>: LEIRIA\u00a0 <br \/> <strong>Legisla\u00e7\u00e3o Nacional<\/strong>: ART.\u00ba S 283 N\u00b0 3 AL. A) E 311 DO C\u00d3DIGO DE PROCESSO PENAL <br \/> <strong>Sum\u00e1rio<\/strong>: <\/p>\n<ol>\n<li>\n<div align=\"justify\"> \t\u00a0Constando da acusa\u00e7\u00e3o e como identifica\u00e7\u00e3o do arguido, unicamente o seu nome, verifica-se uma insufici\u00eancia das indica\u00e7\u00f5es tendentes \u00e0 identifica\u00e7\u00e3o do arguido, que deve ser suprida, nomeadamente atrav\u00e9s de consulta de outros elementos dos autos.  \t<\/div>\n<\/li>\n<li>\n<div align=\"justify\"> \tPelo que n\u00e3o \u00e9 motivo de rejei\u00e7\u00e3o da acusa\u00e7\u00e3o, por falta de identifica\u00e7\u00e3o do arguido. \t<\/div>\n<\/li>\n<li>\n<div align=\"justify\"> \tApenas se deve rejeitar a acusa\u00e7\u00e3o, quando n\u00e3o h\u00e1 arguido, ou seja, a omiss\u00e3o completa da sua identifica\u00e7\u00e3o. \t<\/div>\n<\/li>\n<\/ol>\n<p align=\"justify\"> \t<a href=\"http:\/\/www.dgsi.pt\/jtrc.nsf\/c3fb530030ea1c61802568d9005cd5bb\/7a132b9fb160cf2b80256e010056a7df?OpenDocument\" target=\"\u02cdblank\" rel=\"noopener noreferrer\">Consultar texto integral<\/a>\u00a0 \t<\/p>\n","protected":false},"excerpt":{"rendered":"<div class=\"pvc_clear\"><\/div>\n<p id=\"pvc_stats_29386\" class=\"pvc_stats all  \" data-element-id=\"29386\" style=\"\"><i class=\"pvc-stats-icon small\" aria-hidden=\"true\"><svg aria-hidden=\"true\" focusable=\"false\" data-prefix=\"far\" data-icon=\"chart-bar\" role=\"img\" xmlns=\"http:\/\/www.w3.org\/2000\/svg\" viewBox=\"0 0 512 512\" class=\"svg-inline--fa fa-chart-bar fa-w-16 fa-2x\"><path fill=\"currentColor\" d=\"M396.8 352h22.4c6.4 0 12.8-6.4 12.8-12.8V108.8c0-6.4-6.4-12.8-12.8-12.8h-22.4c-6.4 0-12.8 6.4-12.8 12.8v230.4c0 6.4 6.4 12.8 12.8 12.8zm-192 0h22.4c6.4 0 12.8-6.4 12.8-12.8V140.8c0-6.4-6.4-12.8-12.8-12.8h-22.4c-6.4 0-12.8 6.4-12.8 12.8v198.4c0 6.4 6.4 12.8 12.8 12.8zm96 0h22.4c6.4 0 12.8-6.4 12.8-12.8V204.8c0-6.4-6.4-12.8-12.8-12.8h-22.4c-6.4 0-12.8 6.4-12.8 12.8v134.4c0 6.4 6.4 12.8 12.8 12.8zM496 400H48V80c0-8.84-7.16-16-16-16H16C7.16 64 0 71.16 0 80v336c0 17.67 14.33 32 32 32h464c8.84 0 16-7.16 16-16v-16c0-8.84-7.16-16-16-16zm-387.2-48h22.4c6.4 0 12.8-6.4 12.8-12.8v-70.4c0-6.4-6.4-12.8-12.8-12.8h-22.4c-6.4 0-12.8 6.4-12.8 12.8v70.4c0 6.4 6.4 12.8 12.8 12.8z\" class=\"\"><\/path><\/svg><\/i> <img src=\"https:\/\/trc.pt\/2020\/wp-content\/plugins\/page-views-count\/ajax-loader.gif\" border=0 \/><\/p>\n<div class=\"pvc_clear\"><\/div>\n<p>IDENTIDADE DO ARGUIDO E REJEI\u00c7\u00c3O DA ACUSA\u00c7\u00c3O RECURSO PENAL N\u00ba 3444\/03 Relator: DR. JORGE DIAS Data do Acord\u00e3o: 03-12-2003 Processo<\/p>\n","protected":false},"author":1,"featured_media":0,"comment_status":"open","ping_status":"open","sticky":false,"template":"","format":"standard","meta":[],"categories":[232],"tags":[],"_links":{"self":[{"href":"https:\/\/trc.pt\/2020\/wp-json\/wp\/v2\/posts\/29386"}],"collection":[{"href":"https:\/\/trc.pt\/2020\/wp-json\/wp\/v2\/posts"}],"about":[{"href":"https:\/\/trc.pt\/2020\/wp-json\/wp\/v2\/types\/post"}],"author":[{"embeddable":true,"href":"https:\/\/trc.pt\/2020\/wp-json\/wp\/v2\/users\/1"}],"replies":[{"embeddable":true,"href":"https:\/\/trc.pt\/2020\/wp-json\/wp\/v2\/comments?post=29386"}],"version-history":[{"count":0,"href":"https:\/\/trc.pt\/2020\/wp-json\/wp\/v2\/posts\/29386\/revisions"}],"wp:attachment":[{"href":"https:\/\/trc.pt\/2020\/wp-json\/wp\/v2\/media?parent=29386"}],"wp:term":[{"taxonomy":"category","embeddable":true,"href":"https:\/\/trc.pt\/2020\/wp-json\/wp\/v2\/categories?post=29386"},{"taxonomy":"post_tag","embeddable":true,"href":"https:\/\/trc.pt\/2020\/wp-json\/wp\/v2\/tags?post=29386"}],"curies":[{"name":"wp","href":"https:\/\/api.w.org\/{rel}","templated":true}]}}