{"id":28873,"date":"2011-04-12T10:09:15","date_gmt":"2011-04-12T10:09:15","guid":{"rendered":"https:\/\/trc.pt\/\/2011\/04\/12\/recpen-493088tacbrc1\/"},"modified":"2011-04-12T10:09:15","modified_gmt":"2011-04-12T10:09:15","slug":"recpen-493088tacbrc1","status":"publish","type":"post","link":"https:\/\/trc.pt\/2020\/recpen-493088tacbrc1\/","title":{"rendered":"Audi\u00eancia de julgamento. Interrup\u00e7\u00e3o. Prova pericial. Dano biol\u00f3gico. Danos patrimoniais"},"content":{"rendered":"<div class=\"pvc_clear\"><\/div>\n<p id=\"pvc_stats_28873\" class=\"pvc_stats all  \" data-element-id=\"28873\" style=\"\"><i class=\"pvc-stats-icon small\" aria-hidden=\"true\"><svg aria-hidden=\"true\" focusable=\"false\" data-prefix=\"far\" data-icon=\"chart-bar\" role=\"img\" xmlns=\"http:\/\/www.w3.org\/2000\/svg\" viewBox=\"0 0 512 512\" class=\"svg-inline--fa fa-chart-bar fa-w-16 fa-2x\"><path fill=\"currentColor\" d=\"M396.8 352h22.4c6.4 0 12.8-6.4 12.8-12.8V108.8c0-6.4-6.4-12.8-12.8-12.8h-22.4c-6.4 0-12.8 6.4-12.8 12.8v230.4c0 6.4 6.4 12.8 12.8 12.8zm-192 0h22.4c6.4 0 12.8-6.4 12.8-12.8V140.8c0-6.4-6.4-12.8-12.8-12.8h-22.4c-6.4 0-12.8 6.4-12.8 12.8v198.4c0 6.4 6.4 12.8 12.8 12.8zm96 0h22.4c6.4 0 12.8-6.4 12.8-12.8V204.8c0-6.4-6.4-12.8-12.8-12.8h-22.4c-6.4 0-12.8 6.4-12.8 12.8v134.4c0 6.4 6.4 12.8 12.8 12.8zM496 400H48V80c0-8.84-7.16-16-16-16H16C7.16 64 0 71.16 0 80v336c0 17.67 14.33 32 32 32h464c8.84 0 16-7.16 16-16v-16c0-8.84-7.16-16-16-16zm-387.2-48h22.4c6.4 0 12.8-6.4 12.8-12.8v-70.4c0-6.4-6.4-12.8-12.8-12.8h-22.4c-6.4 0-12.8 6.4-12.8 12.8v70.4c0 6.4 6.4 12.8 12.8 12.8z\" class=\"\"><\/path><\/svg><\/i> <img src=\"https:\/\/trc.pt\/2020\/wp-content\/plugins\/page-views-count\/ajax-loader.gif\" border=0 \/><\/p>\n<div class=\"pvc_clear\"><\/div>\n<p style=\"text-align: justify\"><strong>AUDI\u00caNCIA DE JULGAMENTO. INTERRUP\u00c7\u00c3O. PROVA PERICIAL. DANO BIOL\u00d3GICO. DANOS PATRIMONIAIS&nbsp;<br \/> RECURSO PENAL N&ordm;<\/strong> 493\/08.8TACBR.C1 <br \/> <strong>Relator: <\/strong>BELMIRO ANDRADE&nbsp; <br \/> <strong>Data do Acord\u00e3o:<\/strong> 12-04-2011 <br \/> <strong>Tribunal: <\/strong>VARA DE COMPET\u00caNCIA MISTA E JU\u00cdZOS CRIMINAIS DE COIMBRA &ndash; 3&ordm; JU\u00cdZO CRIMINAL&nbsp;<br \/> <strong>Legisla\u00e7\u00e3o:<\/strong> ARTIGOS 328&ordm; E 163&ordm; CPP; 563&ordm; E 564&ordm; CC <br \/> <strong>Sum\u00e1rio: <\/strong><\/p>\n<ol>\n<li style=\"text-align: justify\">O disposto no n&ordm; 6 do art&ordm; 328&ordm; CPP n\u00e3o tem aplica\u00e7\u00e3o no caso da leitura da senten\u00e7a ocorrer depois de ultrapassados trinta dias sobre o encerramento da audi\u00eancia.<\/li>\n<li style=\"text-align: justify\">O ju\u00edzo cient\u00edfico inerente \u00e0 prova pericial est\u00e1 subtra\u00eddo \u00e0 livre aprecia\u00e7\u00e3o do julgador relativamente ao ju\u00edzo cient\u00edfico inerente \u00e0 descri\u00e7\u00e3o daquilo que foi objecto de an\u00e1lise pelo perito e ao ju\u00edzo t\u00e9cnico desenvolvido a partir dessa an\u00e1lise cient\u00edfica, que o juiz n\u00e3o tem.<\/li>\n<li style=\"text-align: justify\">A afecta\u00e7\u00e3o da pessoa do ponto de vista funcional, designado por dano biol\u00f3gico\/ funcional, determina consequ\u00eancias negativas a n\u00edvel da sua actividade geral, justificando a indemniza\u00e7\u00e3o no \u00e2mbito do dano patrimonial, para al\u00e9m da valora\u00e7\u00e3o que se imponha a t\u00edtulo de dano n\u00e3o patrimonial.\n<p>     <a target=\"_blank\" href=\"http:\/\/www.dgsi.pt\/jtrc.nsf\/8fe0e606d8f56b22802576c0005637dc\/efdc34bf2af54b9980257884003999e2?OpenDocument\" rel=\"noopener noreferrer\">Consultar texto integral<\/a><\/li>\n<p style=\"text-align: justify\">&nbsp;<\/p>\n<\/ol>\n","protected":false},"excerpt":{"rendered":"<div class=\"pvc_clear\"><\/div>\n<p id=\"pvc_stats_28873\" class=\"pvc_stats all  \" data-element-id=\"28873\" style=\"\"><i class=\"pvc-stats-icon small\" aria-hidden=\"true\"><svg aria-hidden=\"true\" focusable=\"false\" data-prefix=\"far\" data-icon=\"chart-bar\" role=\"img\" xmlns=\"http:\/\/www.w3.org\/2000\/svg\" viewBox=\"0 0 512 512\" class=\"svg-inline--fa fa-chart-bar fa-w-16 fa-2x\"><path fill=\"currentColor\" d=\"M396.8 352h22.4c6.4 0 12.8-6.4 12.8-12.8V108.8c0-6.4-6.4-12.8-12.8-12.8h-22.4c-6.4 0-12.8 6.4-12.8 12.8v230.4c0 6.4 6.4 12.8 12.8 12.8zm-192 0h22.4c6.4 0 12.8-6.4 12.8-12.8V140.8c0-6.4-6.4-12.8-12.8-12.8h-22.4c-6.4 0-12.8 6.4-12.8 12.8v198.4c0 6.4 6.4 12.8 12.8 12.8zm96 0h22.4c6.4 0 12.8-6.4 12.8-12.8V204.8c0-6.4-6.4-12.8-12.8-12.8h-22.4c-6.4 0-12.8 6.4-12.8 12.8v134.4c0 6.4 6.4 12.8 12.8 12.8zM496 400H48V80c0-8.84-7.16-16-16-16H16C7.16 64 0 71.16 0 80v336c0 17.67 14.33 32 32 32h464c8.84 0 16-7.16 16-16v-16c0-8.84-7.16-16-16-16zm-387.2-48h22.4c6.4 0 12.8-6.4 12.8-12.8v-70.4c0-6.4-6.4-12.8-12.8-12.8h-22.4c-6.4 0-12.8 6.4-12.8 12.8v70.4c0 6.4 6.4 12.8 12.8 12.8z\" class=\"\"><\/path><\/svg><\/i> <img src=\"https:\/\/trc.pt\/2020\/wp-content\/plugins\/page-views-count\/ajax-loader.gif\" border=0 \/><\/p>\n<div class=\"pvc_clear\"><\/div>\n<p>AUDI\u00caNCIA DE JULGAMENTO. INTERRUP\u00c7\u00c3O. PROVA PERICIAL. DANO BIOL\u00d3GICO. DANOS PATRIMONIAIS&nbsp; RECURSO PENAL N&ordm; 493\/08.8TACBR.C1 Relator: BELMIRO ANDRADE&nbsp; Data do Acord\u00e3o:<\/p>\n","protected":false},"author":1,"featured_media":0,"comment_status":"open","ping_status":"open","sticky":false,"template":"","format":"standard","meta":[],"categories":[232],"tags":[],"_links":{"self":[{"href":"https:\/\/trc.pt\/2020\/wp-json\/wp\/v2\/posts\/28873"}],"collection":[{"href":"https:\/\/trc.pt\/2020\/wp-json\/wp\/v2\/posts"}],"about":[{"href":"https:\/\/trc.pt\/2020\/wp-json\/wp\/v2\/types\/post"}],"author":[{"embeddable":true,"href":"https:\/\/trc.pt\/2020\/wp-json\/wp\/v2\/users\/1"}],"replies":[{"embeddable":true,"href":"https:\/\/trc.pt\/2020\/wp-json\/wp\/v2\/comments?post=28873"}],"version-history":[{"count":0,"href":"https:\/\/trc.pt\/2020\/wp-json\/wp\/v2\/posts\/28873\/revisions"}],"wp:attachment":[{"href":"https:\/\/trc.pt\/2020\/wp-json\/wp\/v2\/media?parent=28873"}],"wp:term":[{"taxonomy":"category","embeddable":true,"href":"https:\/\/trc.pt\/2020\/wp-json\/wp\/v2\/categories?post=28873"},{"taxonomy":"post_tag","embeddable":true,"href":"https:\/\/trc.pt\/2020\/wp-json\/wp\/v2\/tags?post=28873"}],"curies":[{"name":"wp","href":"https:\/\/api.w.org\/{rel}","templated":true}]}}