{"id":28871,"date":"2011-04-12T10:22:03","date_gmt":"2011-04-12T10:22:03","guid":{"rendered":"https:\/\/trc.pt\/\/2011\/04\/12\/recpen1488087gbagdc1\/"},"modified":"2011-04-12T10:22:03","modified_gmt":"2011-04-12T10:22:03","slug":"recpen1488087gbagdc1","status":"publish","type":"post","link":"https:\/\/trc.pt\/2020\/recpen1488087gbagdc1\/","title":{"rendered":"Perda a favor do estado. Instrumento do crime"},"content":{"rendered":"<div class=\"pvc_clear\"><\/div>\n<p id=\"pvc_stats_28871\" class=\"pvc_stats all  \" data-element-id=\"28871\" style=\"\"><i class=\"pvc-stats-icon small\" aria-hidden=\"true\"><svg aria-hidden=\"true\" focusable=\"false\" data-prefix=\"far\" data-icon=\"chart-bar\" role=\"img\" xmlns=\"http:\/\/www.w3.org\/2000\/svg\" viewBox=\"0 0 512 512\" class=\"svg-inline--fa fa-chart-bar fa-w-16 fa-2x\"><path fill=\"currentColor\" d=\"M396.8 352h22.4c6.4 0 12.8-6.4 12.8-12.8V108.8c0-6.4-6.4-12.8-12.8-12.8h-22.4c-6.4 0-12.8 6.4-12.8 12.8v230.4c0 6.4 6.4 12.8 12.8 12.8zm-192 0h22.4c6.4 0 12.8-6.4 12.8-12.8V140.8c0-6.4-6.4-12.8-12.8-12.8h-22.4c-6.4 0-12.8 6.4-12.8 12.8v198.4c0 6.4 6.4 12.8 12.8 12.8zm96 0h22.4c6.4 0 12.8-6.4 12.8-12.8V204.8c0-6.4-6.4-12.8-12.8-12.8h-22.4c-6.4 0-12.8 6.4-12.8 12.8v134.4c0 6.4 6.4 12.8 12.8 12.8zM496 400H48V80c0-8.84-7.16-16-16-16H16C7.16 64 0 71.16 0 80v336c0 17.67 14.33 32 32 32h464c8.84 0 16-7.16 16-16v-16c0-8.84-7.16-16-16-16zm-387.2-48h22.4c6.4 0 12.8-6.4 12.8-12.8v-70.4c0-6.4-6.4-12.8-12.8-12.8h-22.4c-6.4 0-12.8 6.4-12.8 12.8v70.4c0 6.4 6.4 12.8 12.8 12.8z\" class=\"\"><\/path><\/svg><\/i> <img src=\"https:\/\/trc.pt\/2020\/wp-content\/plugins\/page-views-count\/ajax-loader.gif\" border=0 \/><\/p>\n<div class=\"pvc_clear\"><\/div>\n<p style=\"text-align: justify\"><strong>PERDA A FAVOR DO ESTADO. INSTRUMENTO DO CRIME&nbsp;&nbsp;<\/strong><\/p>\n<p style=\"text-align: justify\"><strong> RECURSO CRIMINAL N&ordm;<\/strong> 1488\/08.7GBAGD.C1 <br \/> <strong>Relator:<\/strong> JORGE JACOB <br \/> <strong>Data do Acord\u00e3o: <\/strong>12-04-2011 <br \/> <strong>Tribunal: <\/strong>COMARCA DO BAIXO VOUGA, JU\u00cdZO DE INST\u00c2NCIA CRIMINAL, JUIZ 2&nbsp;<br \/> <strong>Legisla\u00e7\u00e3o: <\/strong>ART.&ordm; 109&ordm;, N.&ordm; 1, DO C. PENAL <br \/> <strong>Sum\u00e1rio: <\/strong><\/p>\n<p style=\"text-align: justify\">A norma em apre\u00e7o (art.&ordm; 109&ordm;, n.&ordm; 1, do C. Penal) n\u00e3o exige como condi\u00e7\u00e3o do seu funcionamento que os objectos apreendidos tenham uma rela\u00e7\u00e3o directa com o crime imputado ao arguido.<\/p>\n<p style=\"text-align: justify\">A rela\u00e7\u00e3o pode ser meramente indirecta, como sucede no caso do agente que \u00e9 propriet\u00e1rio de arma de fogo e que amea\u00e7a dar um tiro em algu\u00e9m, desde que essa amea\u00e7a seja cred\u00edvel ao ponto de, pelo menos, causar inquieta\u00e7\u00e3o ao destinat\u00e1rio da amea\u00e7a (e portanto, constituindo crime), arrastando para o dom\u00ednio de hip\u00f3tese que deve ser acautelada a efectiva utiliza\u00e7\u00e3o de arma de fogo contra o visado.<\/p>\n<p style=\"text-align: justify\">O facto de o agente ter na sua disponibilidade uma ou mais armas de fogo confere maior gravidade \u00e0 amea\u00e7a, por a sua consuma\u00e7\u00e3o se oferecer como plaus\u00edvel, refor\u00e7ando as exig\u00eancias cautelares tendentes a evit\u00e1-la, sendo essa circunst\u00e2ncia suficiente, s\u00f3 por si, para justificar tanto a apreens\u00e3o das armas como a sua ulterior perda, visto as armas de fogo constitu\u00edrem por natureza objectos dotados de grande perigosidade e a sua perda n\u00e3o poder considerar-se desproporcionada \u00e0 gravidade do il\u00edcito cometido.<\/p>\n<p> <a target=\"_blank\" href=\"http:\/\/www.dgsi.pt\/jtrc.nsf\/8fe0e606d8f56b22802576c0005637dc\/93906779303dab6780257884003add72?OpenDocument\" rel=\"noopener noreferrer\">Consultar texto integral<\/a><\/p>\n","protected":false},"excerpt":{"rendered":"<div class=\"pvc_clear\"><\/div>\n<p id=\"pvc_stats_28871\" class=\"pvc_stats all  \" data-element-id=\"28871\" style=\"\"><i class=\"pvc-stats-icon small\" aria-hidden=\"true\"><svg aria-hidden=\"true\" focusable=\"false\" data-prefix=\"far\" data-icon=\"chart-bar\" role=\"img\" xmlns=\"http:\/\/www.w3.org\/2000\/svg\" viewBox=\"0 0 512 512\" class=\"svg-inline--fa fa-chart-bar fa-w-16 fa-2x\"><path fill=\"currentColor\" d=\"M396.8 352h22.4c6.4 0 12.8-6.4 12.8-12.8V108.8c0-6.4-6.4-12.8-12.8-12.8h-22.4c-6.4 0-12.8 6.4-12.8 12.8v230.4c0 6.4 6.4 12.8 12.8 12.8zm-192 0h22.4c6.4 0 12.8-6.4 12.8-12.8V140.8c0-6.4-6.4-12.8-12.8-12.8h-22.4c-6.4 0-12.8 6.4-12.8 12.8v198.4c0 6.4 6.4 12.8 12.8 12.8zm96 0h22.4c6.4 0 12.8-6.4 12.8-12.8V204.8c0-6.4-6.4-12.8-12.8-12.8h-22.4c-6.4 0-12.8 6.4-12.8 12.8v134.4c0 6.4 6.4 12.8 12.8 12.8zM496 400H48V80c0-8.84-7.16-16-16-16H16C7.16 64 0 71.16 0 80v336c0 17.67 14.33 32 32 32h464c8.84 0 16-7.16 16-16v-16c0-8.84-7.16-16-16-16zm-387.2-48h22.4c6.4 0 12.8-6.4 12.8-12.8v-70.4c0-6.4-6.4-12.8-12.8-12.8h-22.4c-6.4 0-12.8 6.4-12.8 12.8v70.4c0 6.4 6.4 12.8 12.8 12.8z\" class=\"\"><\/path><\/svg><\/i> <img src=\"https:\/\/trc.pt\/2020\/wp-content\/plugins\/page-views-count\/ajax-loader.gif\" border=0 \/><\/p>\n<div class=\"pvc_clear\"><\/div>\n<p>PERDA A FAVOR DO ESTADO. INSTRUMENTO DO CRIME&nbsp;&nbsp; RECURSO CRIMINAL N&ordm; 1488\/08.7GBAGD.C1 Relator: JORGE JACOB Data do Acord\u00e3o: 12-04-2011 Tribunal:<\/p>\n","protected":false},"author":1,"featured_media":0,"comment_status":"open","ping_status":"open","sticky":false,"template":"","format":"standard","meta":[],"categories":[232],"tags":[],"_links":{"self":[{"href":"https:\/\/trc.pt\/2020\/wp-json\/wp\/v2\/posts\/28871"}],"collection":[{"href":"https:\/\/trc.pt\/2020\/wp-json\/wp\/v2\/posts"}],"about":[{"href":"https:\/\/trc.pt\/2020\/wp-json\/wp\/v2\/types\/post"}],"author":[{"embeddable":true,"href":"https:\/\/trc.pt\/2020\/wp-json\/wp\/v2\/users\/1"}],"replies":[{"embeddable":true,"href":"https:\/\/trc.pt\/2020\/wp-json\/wp\/v2\/comments?post=28871"}],"version-history":[{"count":0,"href":"https:\/\/trc.pt\/2020\/wp-json\/wp\/v2\/posts\/28871\/revisions"}],"wp:attachment":[{"href":"https:\/\/trc.pt\/2020\/wp-json\/wp\/v2\/media?parent=28871"}],"wp:term":[{"taxonomy":"category","embeddable":true,"href":"https:\/\/trc.pt\/2020\/wp-json\/wp\/v2\/categories?post=28871"},{"taxonomy":"post_tag","embeddable":true,"href":"https:\/\/trc.pt\/2020\/wp-json\/wp\/v2\/tags?post=28871"}],"curies":[{"name":"wp","href":"https:\/\/api.w.org\/{rel}","templated":true}]}}