{"id":27835,"date":"2003-12-09T19:00:00","date_gmt":"2003-12-09T19:00:00","guid":{"rendered":"https:\/\/trc.pt\/\/2003\/12\/09\/movimento-judicial-ordinario-julho-2008-sp-9573\/"},"modified":"2003-12-09T19:00:00","modified_gmt":"2003-12-09T19:00:00","slug":"movimento-judicial-ordinario-julho-2008-sp-9573","status":"publish","type":"post","link":"https:\/\/trc.pt\/2020\/movimento-judicial-ordinario-julho-2008-sp-9573\/","title":{"rendered":"Direito de queixa. Ren\u00fancia"},"content":{"rendered":"<div class=\"pvc_clear\"><\/div>\n<p id=\"pvc_stats_27835\" class=\"pvc_stats all  \" data-element-id=\"27835\" style=\"\"><i class=\"pvc-stats-icon small\" aria-hidden=\"true\"><svg aria-hidden=\"true\" focusable=\"false\" data-prefix=\"far\" data-icon=\"chart-bar\" role=\"img\" xmlns=\"http:\/\/www.w3.org\/2000\/svg\" viewBox=\"0 0 512 512\" class=\"svg-inline--fa fa-chart-bar fa-w-16 fa-2x\"><path fill=\"currentColor\" d=\"M396.8 352h22.4c6.4 0 12.8-6.4 12.8-12.8V108.8c0-6.4-6.4-12.8-12.8-12.8h-22.4c-6.4 0-12.8 6.4-12.8 12.8v230.4c0 6.4 6.4 12.8 12.8 12.8zm-192 0h22.4c6.4 0 12.8-6.4 12.8-12.8V140.8c0-6.4-6.4-12.8-12.8-12.8h-22.4c-6.4 0-12.8 6.4-12.8 12.8v198.4c0 6.4 6.4 12.8 12.8 12.8zm96 0h22.4c6.4 0 12.8-6.4 12.8-12.8V204.8c0-6.4-6.4-12.8-12.8-12.8h-22.4c-6.4 0-12.8 6.4-12.8 12.8v134.4c0 6.4 6.4 12.8 12.8 12.8zM496 400H48V80c0-8.84-7.16-16-16-16H16C7.16 64 0 71.16 0 80v336c0 17.67 14.33 32 32 32h464c8.84 0 16-7.16 16-16v-16c0-8.84-7.16-16-16-16zm-387.2-48h22.4c6.4 0 12.8-6.4 12.8-12.8v-70.4c0-6.4-6.4-12.8-12.8-12.8h-22.4c-6.4 0-12.8 6.4-12.8 12.8v70.4c0 6.4 6.4 12.8 12.8 12.8z\" class=\"\"><\/path><\/svg><\/i> <img src=\"https:\/\/trc.pt\/2020\/wp-content\/plugins\/page-views-count\/ajax-loader.gif\" border=0 \/><\/p>\n<div class=\"pvc_clear\"><\/div>\n<p align=\"justify\"> <strong>DIREITO DE QUEIXA. REN\u00daNCIA <br \/> RECURSO CRIME N\u00ba<\/strong> 2764\/03 <br \/> <strong>Relator<\/strong>: DR. OLIVEIRA MENDES\u00a0 <br \/> <strong>Data do Acord\u00e3o<\/strong>: 10-12-2003 <br \/> <strong>Tribunal Recurso<\/strong>: ANSI\u00c3O\u00a0\u00a0 <br \/> <strong>Legisla\u00e7\u00e3o Nacional<\/strong>: ART.\u00ba 116\u00ba N.\u00ba 1 DO C.P. <br \/> <strong>Sum\u00e1ri<\/strong>o:  <\/p>\n<blockquote>\n<p align=\"justify\"> \tN\u00e3o pode ser entendido como facto revelador de ren\u00fancia ao direito de queixa para efeitos da parte final do art. 116.\u00ba, n.\u00ba 1, do C\u00f3digo Penal, a elabora\u00e7\u00e3o e redac\u00e7\u00e3o de um texto \u2013 na presen\u00e7a da arguida e da ofendida \u2013 para publica\u00e7\u00e3o em Jornal, no qual a ofendida declara aceitar pedido de desculpas da arguida, designadamente se o texto em quest\u00e3o n\u00e3o chegar a ser publicado por a arguida haver impedido a respectiva publica\u00e7\u00e3o.  \t<\/p>\n<\/blockquote>\n<p align=\"justify\"> <a href=\"http:\/\/www.dgsi.pt\/jtrc.nsf\/c3fb530030ea1c61802568d9005cd5bb\/1fe12a21a148ac1080256e47003aed93?OpenDocument\" target=\"\u02cdblank\" rel=\"noopener noreferrer\">Consultar texto integral<\/a> <\/p>\n","protected":false},"excerpt":{"rendered":"<div class=\"pvc_clear\"><\/div>\n<p id=\"pvc_stats_27835\" class=\"pvc_stats all  \" data-element-id=\"27835\" style=\"\"><i class=\"pvc-stats-icon small\" aria-hidden=\"true\"><svg aria-hidden=\"true\" focusable=\"false\" data-prefix=\"far\" data-icon=\"chart-bar\" role=\"img\" xmlns=\"http:\/\/www.w3.org\/2000\/svg\" viewBox=\"0 0 512 512\" class=\"svg-inline--fa fa-chart-bar fa-w-16 fa-2x\"><path fill=\"currentColor\" d=\"M396.8 352h22.4c6.4 0 12.8-6.4 12.8-12.8V108.8c0-6.4-6.4-12.8-12.8-12.8h-22.4c-6.4 0-12.8 6.4-12.8 12.8v230.4c0 6.4 6.4 12.8 12.8 12.8zm-192 0h22.4c6.4 0 12.8-6.4 12.8-12.8V140.8c0-6.4-6.4-12.8-12.8-12.8h-22.4c-6.4 0-12.8 6.4-12.8 12.8v198.4c0 6.4 6.4 12.8 12.8 12.8zm96 0h22.4c6.4 0 12.8-6.4 12.8-12.8V204.8c0-6.4-6.4-12.8-12.8-12.8h-22.4c-6.4 0-12.8 6.4-12.8 12.8v134.4c0 6.4 6.4 12.8 12.8 12.8zM496 400H48V80c0-8.84-7.16-16-16-16H16C7.16 64 0 71.16 0 80v336c0 17.67 14.33 32 32 32h464c8.84 0 16-7.16 16-16v-16c0-8.84-7.16-16-16-16zm-387.2-48h22.4c6.4 0 12.8-6.4 12.8-12.8v-70.4c0-6.4-6.4-12.8-12.8-12.8h-22.4c-6.4 0-12.8 6.4-12.8 12.8v70.4c0 6.4 6.4 12.8 12.8 12.8z\" class=\"\"><\/path><\/svg><\/i> <img src=\"https:\/\/trc.pt\/2020\/wp-content\/plugins\/page-views-count\/ajax-loader.gif\" border=0 \/><\/p>\n<div class=\"pvc_clear\"><\/div>\n<p>DIREITO DE QUEIXA. REN\u00daNCIA RECURSO CRIME N\u00ba 2764\/03 Relator: DR. OLIVEIRA MENDES\u00a0 Data do Acord\u00e3o: 10-12-2003 Tribunal Recurso: ANSI\u00c3O\u00a0\u00a0 Legisla\u00e7\u00e3o<\/p>\n","protected":false},"author":1,"featured_media":0,"comment_status":"open","ping_status":"open","sticky":false,"template":"","format":"standard","meta":[],"categories":[231],"tags":[],"_links":{"self":[{"href":"https:\/\/trc.pt\/2020\/wp-json\/wp\/v2\/posts\/27835"}],"collection":[{"href":"https:\/\/trc.pt\/2020\/wp-json\/wp\/v2\/posts"}],"about":[{"href":"https:\/\/trc.pt\/2020\/wp-json\/wp\/v2\/types\/post"}],"author":[{"embeddable":true,"href":"https:\/\/trc.pt\/2020\/wp-json\/wp\/v2\/users\/1"}],"replies":[{"embeddable":true,"href":"https:\/\/trc.pt\/2020\/wp-json\/wp\/v2\/comments?post=27835"}],"version-history":[{"count":0,"href":"https:\/\/trc.pt\/2020\/wp-json\/wp\/v2\/posts\/27835\/revisions"}],"wp:attachment":[{"href":"https:\/\/trc.pt\/2020\/wp-json\/wp\/v2\/media?parent=27835"}],"wp:term":[{"taxonomy":"category","embeddable":true,"href":"https:\/\/trc.pt\/2020\/wp-json\/wp\/v2\/categories?post=27835"},{"taxonomy":"post_tag","embeddable":true,"href":"https:\/\/trc.pt\/2020\/wp-json\/wp\/v2\/tags?post=27835"}],"curies":[{"name":"wp","href":"https:\/\/api.w.org\/{rel}","templated":true}]}}