{"id":27752,"date":"2009-12-08T19:00:00","date_gmt":"2009-12-08T19:00:00","guid":{"rendered":"https:\/\/trc.pt\/\/2009\/12\/08\/movimento-judicial-ordinario-julho-2008-sp-8353\/"},"modified":"2009-12-08T19:00:00","modified_gmt":"2009-12-08T19:00:00","slug":"movimento-judicial-ordinario-julho-2008-sp-8353","status":"publish","type":"post","link":"https:\/\/trc.pt\/2020\/movimento-judicial-ordinario-julho-2008-sp-8353\/","title":{"rendered":"Crime de abuso de confian\u00e7a contra a Seguran\u00e7a Social"},"content":{"rendered":"<div class=\"pvc_clear\"><\/div>\n<p id=\"pvc_stats_27752\" class=\"pvc_stats all  \" data-element-id=\"27752\" style=\"\"><i class=\"pvc-stats-icon small\" aria-hidden=\"true\"><svg aria-hidden=\"true\" focusable=\"false\" data-prefix=\"far\" data-icon=\"chart-bar\" role=\"img\" xmlns=\"http:\/\/www.w3.org\/2000\/svg\" viewBox=\"0 0 512 512\" class=\"svg-inline--fa fa-chart-bar fa-w-16 fa-2x\"><path fill=\"currentColor\" d=\"M396.8 352h22.4c6.4 0 12.8-6.4 12.8-12.8V108.8c0-6.4-6.4-12.8-12.8-12.8h-22.4c-6.4 0-12.8 6.4-12.8 12.8v230.4c0 6.4 6.4 12.8 12.8 12.8zm-192 0h22.4c6.4 0 12.8-6.4 12.8-12.8V140.8c0-6.4-6.4-12.8-12.8-12.8h-22.4c-6.4 0-12.8 6.4-12.8 12.8v198.4c0 6.4 6.4 12.8 12.8 12.8zm96 0h22.4c6.4 0 12.8-6.4 12.8-12.8V204.8c0-6.4-6.4-12.8-12.8-12.8h-22.4c-6.4 0-12.8 6.4-12.8 12.8v134.4c0 6.4 6.4 12.8 12.8 12.8zM496 400H48V80c0-8.84-7.16-16-16-16H16C7.16 64 0 71.16 0 80v336c0 17.67 14.33 32 32 32h464c8.84 0 16-7.16 16-16v-16c0-8.84-7.16-16-16-16zm-387.2-48h22.4c6.4 0 12.8-6.4 12.8-12.8v-70.4c0-6.4-6.4-12.8-12.8-12.8h-22.4c-6.4 0-12.8 6.4-12.8 12.8v70.4c0 6.4 6.4 12.8 12.8 12.8z\" class=\"\"><\/path><\/svg><\/i> <img src=\"https:\/\/trc.pt\/2020\/wp-content\/plugins\/page-views-count\/ajax-loader.gif\" border=0 \/><\/p>\n<div class=\"pvc_clear\"><\/div>\n<p align=\"justify\"> <strong>CRIME DE ABUSO DE CONFIAN\u00c7A CONTRA SEGURAN\u00c7A SOCIAL. DESCRIMINALIZA\u00c7\u00c3O. CRIME CONTINUADO. PRESCRI\u00c7\u00c3O<br \/> RECURSO PENAL N\u00ba<\/strong> 1497\/03.2TACBR.C1 <br \/> <strong>Relator:<\/strong> DR. CALV\u00c1RIO ANTUNES<br \/> <strong>Data do Acord\u00e3o:<\/strong> 09-12-2009 <br \/> <strong>Tribunal:<\/strong> COIMBRA\u00a0<br \/> <strong>Legisla\u00e7\u00e3o:<\/strong> 30\u00ba,N\u00ba2 DO CP; 24\u00baE 27\u00ba-B DO DL20\/90 DE 15\/01 105\u00ba,107\u00ba DO RGIFNA E ARTIGO 113\u00ba DA LEI N\u00ba64-A \/2008 DE 29\/12 <br \/> <strong>Sum\u00e1rio:<\/strong> <\/p>\n<ol>\n<li>\n<div align=\"justify\"> \tO tipo de crime abuso de confian\u00e7a contra a seguran\u00e7a social \u00e9 aut\u00f3nomo, independente do do crime de abuso de confian\u00e7a fiscal e um outro destes crimes tutelam bens jur\u00eddicos distintos.  \t<\/div>\n<\/li>\n<li>\n<div align=\"justify\"> \tUma vez que a remiss\u00e3o para o crime de abuso de confian\u00e7a fiscal apenas respeita \u00e0s penas, n\u00e3o pode de modo algum entender-se que o n\u00ba 1 do art. 105\u00ba do RGIT se aplicava na totalidade, por for\u00e7a do disposto no art. 107\u00ba, aos crimes de abuso de confian\u00e7a contra a seguran\u00e7a social. Ali\u00e1s se assim se entendesse, tal consistiria numa quase total despenaliza\u00e7\u00e3o dos factos integradores do crime de abuso de confian\u00e7a contra a seguran\u00e7a social, pois que com a revoga\u00e7\u00e3o do n\u00ba 6 do referido art. 105\u00ba, ficaria totalmente despenalizado (nem contra-ordena\u00e7\u00e3o) o abuso contra a seguran\u00e7a social em que a d\u00edvida fosse inferior ou igual a 7500\u20ac.  \t<\/div>\n<\/li>\n<li>\n<div align=\"justify\"> \tA altera\u00e7\u00e3o introduzida pelo art.113.\u00ba da Lei n.\u00ba 64-A\/2008, de 31 de Dezembro, ao art.105.\u00ba, n.\u00ba1 do RGIT, n\u00e3o descriminalizou a n\u00e3o entrega total ou parcial, \u00e0 seguran\u00e7a social de presta\u00e7\u00e3o igual ou inferior a \u20ac 7500. \t<\/div>\n<\/li>\n<li>\n<div align=\"justify\"> \tO crime continuado, integra uma unidade jur\u00eddica, constru\u00edda por sobre uma pluralidade efectiva de crimes. Ou seja, perante uma repeti\u00e7\u00e3o de factos e de resolu\u00e7\u00f5es criminosas de significado penal equivalente, com um nexo de continuidade, a ordem jur\u00eddica estipula a considera\u00e7\u00e3o dessa continua\u00e7\u00e3o de delitos como um \u00fanico facto, no sentido jur\u00eddico-penal.  \t<\/div>\n<\/li>\n<li>\n<div align=\"justify\"> \tA\u00a0factualidade provada nos presentes autos apresenta-nos uma perfeita homogeneidade de condutas (omiss\u00e3o de entrega do montante de descontos para a Seguran\u00e7a Social, efectuados aos trabalhadores por conta de outr\u00e9m) com renova\u00e7\u00e3o da resolu\u00e7\u00e3o criminosa sempre que a ocasi\u00e3o se proporcionou, tendo como motiva\u00e7\u00e3o subjacente sempre as mesmas dificuldades financeiras da empresa. Nessas circunst\u00e2ncias, admite-se que o esfor\u00e7o de manter a solvabilidade da empresa, e em \u00faltima inst\u00e2ncia a sua sobreviv\u00eancia, tenha arrastado os agentes para a conduta desviante, em termos de tornar sucessivamente mais dif\u00edcil e menos exig\u00edvel contrariar o recurso a esse expediente, diminuindo consideravelmente a culpa.  \t<\/div>\n<\/li>\n<li>\n<div align=\"justify\"> \tEstamos assim face a um \u00fanico crime \u2013 um crime continuado. E sendo o crime continuado, o mesmo conumou-se com a n\u00e3o entrega da ultima das presta\u00e7\u00f5es devidas, no prazo de 90 dias ap\u00f3s a sua dedu\u00e7\u00e3o. Face a tal, d\u00favidas n\u00e3o existem que a prescri\u00e7\u00e3o ainda n\u00e3o ocorreu.  \t<\/div>\n<\/li>\n<\/ol>\n<p align=\"justify\"> \t<a href=\"http:\/\/www.dgsi.pt\/jtrc.nsf\/c3fb530030ea1c61802568d9005cd5bb\/d73da883e2925653802576a100558d3b?OpenDocument\" target=\"\u02cdblank\" rel=\"noopener noreferrer\">Consultar texto integral<\/a> \t<\/p>\n","protected":false},"excerpt":{"rendered":"<div class=\"pvc_clear\"><\/div>\n<p id=\"pvc_stats_27752\" class=\"pvc_stats all  \" data-element-id=\"27752\" style=\"\"><i class=\"pvc-stats-icon small\" aria-hidden=\"true\"><svg aria-hidden=\"true\" focusable=\"false\" data-prefix=\"far\" data-icon=\"chart-bar\" role=\"img\" xmlns=\"http:\/\/www.w3.org\/2000\/svg\" viewBox=\"0 0 512 512\" class=\"svg-inline--fa fa-chart-bar fa-w-16 fa-2x\"><path fill=\"currentColor\" d=\"M396.8 352h22.4c6.4 0 12.8-6.4 12.8-12.8V108.8c0-6.4-6.4-12.8-12.8-12.8h-22.4c-6.4 0-12.8 6.4-12.8 12.8v230.4c0 6.4 6.4 12.8 12.8 12.8zm-192 0h22.4c6.4 0 12.8-6.4 12.8-12.8V140.8c0-6.4-6.4-12.8-12.8-12.8h-22.4c-6.4 0-12.8 6.4-12.8 12.8v198.4c0 6.4 6.4 12.8 12.8 12.8zm96 0h22.4c6.4 0 12.8-6.4 12.8-12.8V204.8c0-6.4-6.4-12.8-12.8-12.8h-22.4c-6.4 0-12.8 6.4-12.8 12.8v134.4c0 6.4 6.4 12.8 12.8 12.8zM496 400H48V80c0-8.84-7.16-16-16-16H16C7.16 64 0 71.16 0 80v336c0 17.67 14.33 32 32 32h464c8.84 0 16-7.16 16-16v-16c0-8.84-7.16-16-16-16zm-387.2-48h22.4c6.4 0 12.8-6.4 12.8-12.8v-70.4c0-6.4-6.4-12.8-12.8-12.8h-22.4c-6.4 0-12.8 6.4-12.8 12.8v70.4c0 6.4 6.4 12.8 12.8 12.8z\" class=\"\"><\/path><\/svg><\/i> <img src=\"https:\/\/trc.pt\/2020\/wp-content\/plugins\/page-views-count\/ajax-loader.gif\" border=0 \/><\/p>\n<div class=\"pvc_clear\"><\/div>\n<p>CRIME DE ABUSO DE CONFIAN\u00c7A CONTRA SEGURAN\u00c7A SOCIAL. DESCRIMINALIZA\u00c7\u00c3O. CRIME CONTINUADO. PRESCRI\u00c7\u00c3O RECURSO PENAL N\u00ba 1497\/03.2TACBR.C1 Relator: DR. CALV\u00c1RIO ANTUNES<\/p>\n","protected":false},"author":1,"featured_media":0,"comment_status":"open","ping_status":"open","sticky":false,"template":"","format":"standard","meta":[],"categories":[231],"tags":[],"_links":{"self":[{"href":"https:\/\/trc.pt\/2020\/wp-json\/wp\/v2\/posts\/27752"}],"collection":[{"href":"https:\/\/trc.pt\/2020\/wp-json\/wp\/v2\/posts"}],"about":[{"href":"https:\/\/trc.pt\/2020\/wp-json\/wp\/v2\/types\/post"}],"author":[{"embeddable":true,"href":"https:\/\/trc.pt\/2020\/wp-json\/wp\/v2\/users\/1"}],"replies":[{"embeddable":true,"href":"https:\/\/trc.pt\/2020\/wp-json\/wp\/v2\/comments?post=27752"}],"version-history":[{"count":0,"href":"https:\/\/trc.pt\/2020\/wp-json\/wp\/v2\/posts\/27752\/revisions"}],"wp:attachment":[{"href":"https:\/\/trc.pt\/2020\/wp-json\/wp\/v2\/media?parent=27752"}],"wp:term":[{"taxonomy":"category","embeddable":true,"href":"https:\/\/trc.pt\/2020\/wp-json\/wp\/v2\/categories?post=27752"},{"taxonomy":"post_tag","embeddable":true,"href":"https:\/\/trc.pt\/2020\/wp-json\/wp\/v2\/tags?post=27752"}],"curies":[{"name":"wp","href":"https:\/\/api.w.org\/{rel}","templated":true}]}}