{"id":27651,"date":"2010-01-27T19:00:00","date_gmt":"2010-01-27T19:00:00","guid":{"rendered":"https:\/\/trc.pt\/\/2010\/01\/27\/movimento-judicial-ordinario-julho-2008-sp-11361\/"},"modified":"2010-01-27T19:00:00","modified_gmt":"2010-01-27T19:00:00","slug":"movimento-judicial-ordinario-julho-2008-sp-11361","status":"publish","type":"post","link":"https:\/\/trc.pt\/2020\/movimento-judicial-ordinario-julho-2008-sp-11361\/","title":{"rendered":"Condu\u00e7\u00e3o autom\u00f3vel sem habilita\u00e7\u00e3o legal"},"content":{"rendered":"<div class=\"pvc_clear\"><\/div>\n<p id=\"pvc_stats_27651\" class=\"pvc_stats all  \" data-element-id=\"27651\" style=\"\"><i class=\"pvc-stats-icon small\" aria-hidden=\"true\"><svg aria-hidden=\"true\" focusable=\"false\" data-prefix=\"far\" data-icon=\"chart-bar\" role=\"img\" xmlns=\"http:\/\/www.w3.org\/2000\/svg\" viewBox=\"0 0 512 512\" class=\"svg-inline--fa fa-chart-bar fa-w-16 fa-2x\"><path fill=\"currentColor\" d=\"M396.8 352h22.4c6.4 0 12.8-6.4 12.8-12.8V108.8c0-6.4-6.4-12.8-12.8-12.8h-22.4c-6.4 0-12.8 6.4-12.8 12.8v230.4c0 6.4 6.4 12.8 12.8 12.8zm-192 0h22.4c6.4 0 12.8-6.4 12.8-12.8V140.8c0-6.4-6.4-12.8-12.8-12.8h-22.4c-6.4 0-12.8 6.4-12.8 12.8v198.4c0 6.4 6.4 12.8 12.8 12.8zm96 0h22.4c6.4 0 12.8-6.4 12.8-12.8V204.8c0-6.4-6.4-12.8-12.8-12.8h-22.4c-6.4 0-12.8 6.4-12.8 12.8v134.4c0 6.4 6.4 12.8 12.8 12.8zM496 400H48V80c0-8.84-7.16-16-16-16H16C7.16 64 0 71.16 0 80v336c0 17.67 14.33 32 32 32h464c8.84 0 16-7.16 16-16v-16c0-8.84-7.16-16-16-16zm-387.2-48h22.4c6.4 0 12.8-6.4 12.8-12.8v-70.4c0-6.4-6.4-12.8-12.8-12.8h-22.4c-6.4 0-12.8 6.4-12.8 12.8v70.4c0 6.4 6.4 12.8 12.8 12.8z\" class=\"\"><\/path><\/svg><\/i> <img src=\"https:\/\/trc.pt\/2020\/wp-content\/plugins\/page-views-count\/ajax-loader.gif\" border=0 \/><\/p>\n<div class=\"pvc_clear\"><\/div>\n<p align=\"justify\"> <strong>CONDU\u00c7\u00c3O AUTOM\u00d3VEL SEM HABILITA\u00c7\u00c3O LEGAL. ESCOLHA E MEDIDA DA PENA<br \/> RECURSO PENAL N\u00ba<\/strong> 17\/09.0GACNT.C1 <br \/> <strong>Relator:<\/strong> ORLANDO GON\u00c7ALVES<br \/> <strong>Data do Acord\u00e3o:<\/strong> 28-01-2010<br \/> <strong>Tribunal:<\/strong> COIMBRA\u00a0<br \/> <strong>Legisla\u00e7\u00e3o:<\/strong> ARTIGO 3.\u00ba N.\u00ba 1 E 2 DO DL N.\u00ba 2\/98, DE 3 DE JANEIRO 40\u00ba 70\u00ba E 71\u00ba DO CP <br \/> <strong>Sum\u00e1rio:<\/strong>  <\/p>\n<ol>\n<li>\n<div align=\"justify\"> \tAs finalidades de puni\u00e7\u00e3o reconduzem-se, nos termos do artigo 40.\u00ba do C\u00f3digo Penal, \u00e0 protec\u00e7\u00e3o de bens jur\u00eddicos (preven\u00e7\u00e3o geral) e \u00e0 reintegra\u00e7\u00e3o do agente da sociedade (preven\u00e7\u00e3o especial). A escolha entre a pena de pris\u00e3o e a alternativa ou de substitui\u00e7\u00e3o depende unicamente de considera\u00e7\u00f5es de preven\u00e7\u00e3o geral e especial.  \t<\/div>\n<\/li>\n<li>\n<div align=\"justify\"> \tConsiderando as circunst\u00e2ncias pessoais e socio-econ\u00f3micas da arguida e que a pena tem de representar uma censura suficiente do facto e , simultaneamente , uma garantia para a comunidade da validade e vig\u00eancia da norma violada , o Tribunal da Rela\u00e7\u00e3o conclui que a pena de 12 meses de pris\u00e3o &#8211; numa pena de pris\u00e3o de 1 m\u00eas a 2 anos &#8211; fixada pelo Tribunal recorrido respeita em concreto a medida da culpa da arguida e as exig\u00eancias de preven\u00e7\u00e3o.  \t<\/div>\n<\/li>\n<li>\n<div align=\"justify\"> \tPerante os antecedentes criminais e tendo ficado assente nos factos provados que a arguida CZ n\u00e3o tem critica nem arrependimento em face aos factos em causa, o Tribunal da Rela\u00e7\u00e3o n\u00e3o pode fazer uma prognose favoravel ao comportamento futuro da arguida, ou seja, de que a mesma em liberdade n\u00e3o continuar\u00e1 a conduzir ve\u00edculos autom\u00f3veis na via p\u00fablica, sem habilita\u00e7\u00e3o legal, como desde h\u00e1 muito vem fazendo. \t<\/div>\n<\/li>\n<li>\n<div align=\"justify\"> \tA condena\u00e7\u00e3o da arguida em anteriores penas de multa e suspens\u00e3o de execu\u00e7\u00e3o da pris\u00e3o , pela pr\u00e1tica de crimes de condu\u00e7\u00e3o sem habilita\u00e7\u00e3o legal, n\u00e3o afastaram a mesma da criminalidade.  \t<\/div>\n<\/li>\n<li>\n<div align=\"justify\"> \tAfastada a ressocializa\u00e7\u00e3o da arguida CZ em liberdade, mesmo em tempo parcial, em face desta nova condena\u00e7\u00e3o, entendemos ainda que o regime de perman\u00eancia na habita\u00e7\u00e3o n\u00e3o \u00e9 uma pena ou forma de cumprimento adequada \u00e0 realiza\u00e7\u00e3o das exig\u00eancias de preven\u00e7\u00e3o especial e geral pois, por um lado, a arguida teve j\u00e1 contactos com a institui\u00e7\u00e3o prisional e nem a priva\u00e7\u00e3o da liberdade em meio prisional a fez parar na repeti\u00e7\u00e3o de comportamentos delituosos e, por outro lado, a comunidade n\u00e3o compreenderia que nestas circunst\u00e2ncias a arguida n\u00e3o cumprisse pena de pris\u00e3o institucionalizada. \t<\/div>\n<\/li>\n<\/ol>\n<p align=\"justify\"> \t<a href=\"http:\/\/www.dgsi.pt\/jtrc.nsf\/8fe0e606d8f56b22802576c0005637dc\/e464bb3656febc2b802576c700511b73?OpenDocument\" target=\"\u02cdblank\" rel=\"noopener noreferrer\">Consultar texto integral<\/a> \t<\/p>\n","protected":false},"excerpt":{"rendered":"<div class=\"pvc_clear\"><\/div>\n<p id=\"pvc_stats_27651\" class=\"pvc_stats all  \" data-element-id=\"27651\" style=\"\"><i class=\"pvc-stats-icon small\" aria-hidden=\"true\"><svg aria-hidden=\"true\" focusable=\"false\" data-prefix=\"far\" data-icon=\"chart-bar\" role=\"img\" xmlns=\"http:\/\/www.w3.org\/2000\/svg\" viewBox=\"0 0 512 512\" class=\"svg-inline--fa fa-chart-bar fa-w-16 fa-2x\"><path fill=\"currentColor\" d=\"M396.8 352h22.4c6.4 0 12.8-6.4 12.8-12.8V108.8c0-6.4-6.4-12.8-12.8-12.8h-22.4c-6.4 0-12.8 6.4-12.8 12.8v230.4c0 6.4 6.4 12.8 12.8 12.8zm-192 0h22.4c6.4 0 12.8-6.4 12.8-12.8V140.8c0-6.4-6.4-12.8-12.8-12.8h-22.4c-6.4 0-12.8 6.4-12.8 12.8v198.4c0 6.4 6.4 12.8 12.8 12.8zm96 0h22.4c6.4 0 12.8-6.4 12.8-12.8V204.8c0-6.4-6.4-12.8-12.8-12.8h-22.4c-6.4 0-12.8 6.4-12.8 12.8v134.4c0 6.4 6.4 12.8 12.8 12.8zM496 400H48V80c0-8.84-7.16-16-16-16H16C7.16 64 0 71.16 0 80v336c0 17.67 14.33 32 32 32h464c8.84 0 16-7.16 16-16v-16c0-8.84-7.16-16-16-16zm-387.2-48h22.4c6.4 0 12.8-6.4 12.8-12.8v-70.4c0-6.4-6.4-12.8-12.8-12.8h-22.4c-6.4 0-12.8 6.4-12.8 12.8v70.4c0 6.4 6.4 12.8 12.8 12.8z\" class=\"\"><\/path><\/svg><\/i> <img src=\"https:\/\/trc.pt\/2020\/wp-content\/plugins\/page-views-count\/ajax-loader.gif\" border=0 \/><\/p>\n<div class=\"pvc_clear\"><\/div>\n<p>CONDU\u00c7\u00c3O AUTOM\u00d3VEL SEM HABILITA\u00c7\u00c3O LEGAL. ESCOLHA E MEDIDA DA PENA RECURSO PENAL N\u00ba 17\/09.0GACNT.C1 Relator: ORLANDO GON\u00c7ALVES Data do Acord\u00e3o:<\/p>\n","protected":false},"author":1,"featured_media":0,"comment_status":"open","ping_status":"open","sticky":false,"template":"","format":"standard","meta":[],"categories":[231],"tags":[],"_links":{"self":[{"href":"https:\/\/trc.pt\/2020\/wp-json\/wp\/v2\/posts\/27651"}],"collection":[{"href":"https:\/\/trc.pt\/2020\/wp-json\/wp\/v2\/posts"}],"about":[{"href":"https:\/\/trc.pt\/2020\/wp-json\/wp\/v2\/types\/post"}],"author":[{"embeddable":true,"href":"https:\/\/trc.pt\/2020\/wp-json\/wp\/v2\/users\/1"}],"replies":[{"embeddable":true,"href":"https:\/\/trc.pt\/2020\/wp-json\/wp\/v2\/comments?post=27651"}],"version-history":[{"count":0,"href":"https:\/\/trc.pt\/2020\/wp-json\/wp\/v2\/posts\/27651\/revisions"}],"wp:attachment":[{"href":"https:\/\/trc.pt\/2020\/wp-json\/wp\/v2\/media?parent=27651"}],"wp:term":[{"taxonomy":"category","embeddable":true,"href":"https:\/\/trc.pt\/2020\/wp-json\/wp\/v2\/categories?post=27651"},{"taxonomy":"post_tag","embeddable":true,"href":"https:\/\/trc.pt\/2020\/wp-json\/wp\/v2\/tags?post=27651"}],"curies":[{"name":"wp","href":"https:\/\/api.w.org\/{rel}","templated":true}]}}