{"id":27492,"date":"2013-04-23T11:50:34","date_gmt":"2013-04-23T11:50:34","guid":{"rendered":"https:\/\/trc.pt\/\/2013\/04\/23\/ap195118tbgva-ac1\/"},"modified":"2013-04-23T11:50:34","modified_gmt":"2013-04-23T11:50:34","slug":"ap195118tbgva-ac1","status":"publish","type":"post","link":"https:\/\/trc.pt\/2020\/ap195118tbgva-ac1\/","title":{"rendered":"T\u00edtulo executivo. Documento particular. Contrato de abertura de cr\u00e9dito. Conta corrente. Despacho saneador. M\u00e9rito"},"content":{"rendered":"<div class=\"pvc_clear\"><\/div>\n<p id=\"pvc_stats_27492\" class=\"pvc_stats all  \" data-element-id=\"27492\" style=\"\"><i class=\"pvc-stats-icon small\" aria-hidden=\"true\"><svg aria-hidden=\"true\" focusable=\"false\" data-prefix=\"far\" data-icon=\"chart-bar\" role=\"img\" xmlns=\"http:\/\/www.w3.org\/2000\/svg\" viewBox=\"0 0 512 512\" class=\"svg-inline--fa fa-chart-bar fa-w-16 fa-2x\"><path fill=\"currentColor\" d=\"M396.8 352h22.4c6.4 0 12.8-6.4 12.8-12.8V108.8c0-6.4-6.4-12.8-12.8-12.8h-22.4c-6.4 0-12.8 6.4-12.8 12.8v230.4c0 6.4 6.4 12.8 12.8 12.8zm-192 0h22.4c6.4 0 12.8-6.4 12.8-12.8V140.8c0-6.4-6.4-12.8-12.8-12.8h-22.4c-6.4 0-12.8 6.4-12.8 12.8v198.4c0 6.4 6.4 12.8 12.8 12.8zm96 0h22.4c6.4 0 12.8-6.4 12.8-12.8V204.8c0-6.4-6.4-12.8-12.8-12.8h-22.4c-6.4 0-12.8 6.4-12.8 12.8v134.4c0 6.4 6.4 12.8 12.8 12.8zM496 400H48V80c0-8.84-7.16-16-16-16H16C7.16 64 0 71.16 0 80v336c0 17.67 14.33 32 32 32h464c8.84 0 16-7.16 16-16v-16c0-8.84-7.16-16-16-16zm-387.2-48h22.4c6.4 0 12.8-6.4 12.8-12.8v-70.4c0-6.4-6.4-12.8-12.8-12.8h-22.4c-6.4 0-12.8 6.4-12.8 12.8v70.4c0 6.4 6.4 12.8 12.8 12.8z\" class=\"\"><\/path><\/svg><\/i> <img src=\"https:\/\/trc.pt\/2020\/wp-content\/plugins\/page-views-count\/ajax-loader.gif\" border=0 \/><\/p>\n<div class=\"pvc_clear\"><\/div>\n<p style=\"text-align: justify\"><strong>T\u00cdTULO EXECUTIVO. DOCUMENTO PARTICULAR. CONTRATO DE ABERTURA DE CR\u00c9DITO. CONTA CORRENTE. DESPACHO SANEADOR. M\u00c9RITO <\/strong><\/p>\n<p style=\"text-align: justify\"><strong>APELA\u00c7\u00c3O N&ordm; <\/strong>195\/11.8TBGVA-A.C1 <br \/> <strong>Relator:<\/strong> JOS\u00c9 AVELINO GON\u00c7ALVES&nbsp; <br \/> <strong>Data do Acord\u00e3o:<\/strong> 21-03-2013 <br \/> <strong>Tribunal:<\/strong> TRIBUNAL JUDICIAL DE GOUVEIA <br \/> <strong>Legisla\u00e7\u00e3o:<\/strong> ART&ordm;S 46&ordm; E 510&ordm;, N&ordm; 1, AL. B) DO CPC. <br \/> <strong>Sum\u00e1rio: <\/strong><\/p>\n<ol>\n<li style=\"text-align: justify\">O artigo 510.&deg;, n.&deg; 1, al\u00ednea b), do C\u00f3digo do Processo Civil pretende evitar o arrastamento de ac\u00e7\u00f5es que logo nesta fase contenham j\u00e1 todos os elementos necess\u00e1rios \u00e0 sua boa decis\u00e3o.<\/li>\n<li style=\"text-align: justify\">Os t\u00edtulos executivos s\u00e3o os indicados na lei como tal &#8211; art.&ordm; 46&ordm; -, estando a sua enumera\u00e7\u00e3o legal submetida a uma regra de tipicidade &ndash; nullus titulus sine lege &ndash; sem possibilidade de quaisquer excep\u00e7\u00f5es criadas &ldquo;ex voluntate&rdquo;, estando, assim, vedado \u00e0s partes n\u00e3o s\u00f3 a atribui\u00e7\u00e3o de for\u00e7a executiva a um documento a que a lei n\u00e3o reconhe\u00e7a efic\u00e1cia de t\u00edtulo executivo, como ainda a recusa de um t\u00edtulo legalmente qualificado como executivo.<\/li>\n<li style=\"text-align: justify\">O documento particular, para valer como t\u00edtulo executivo, tem que nos indicar n\u00e3o s\u00f3 que a quantia definida \u00e9 &ldquo;x&rdquo; mas tamb\u00e9m que \u00e9 devida, e dever\u00e1 faz\u00ea-lo em termos auto-subsistentes, ou seja, que dispensem demonstra\u00e7\u00e3o complementar n\u00e3o coincidente com meras opera\u00e7\u00f5es de liquida\u00e7\u00e3o.<\/li>\n<li style=\"text-align: justify\">Os contratos de abertura de cr\u00e9dito em conta-corrente de utiliza\u00e7\u00e3o simples n\u00e3o representam qualquer constitui\u00e7\u00e3o ou reconhecimento de d\u00edvida dos executados, mas apenas representam os termos e condi\u00e7\u00f5es em que estes podem utilizar o dinheiro que a exequente lan\u00e7a na conta de dep\u00f3sitos \u00e0 ordem a\u00ed identificada, a d\u00e9bito e a cr\u00e9dito, e para utiliza\u00e7\u00e3o no desenvolvimento da actividade empresarial do executado e sempre a pedido deste.<\/li>\n<li style=\"text-align: justify\">S\u00f3 surgindo a obriga\u00e7\u00e3o deste &ndash; o creditado &#8211; no momento em que o cr\u00e9dito \u00e9 concedido, nascendo, consequentemente, a d\u00edvida quando levanta o dinheiro ou recebe os bens a consumir.<\/li>\n<li style=\"text-align: justify\">Assim sendo necess\u00e1ria a prova complementar a fazer ao abrigo do disposto na norma do artigo 50&ordm; do C\u00f3digo do Processo Civil.<\/li>\n<li style=\"text-align: justify\">Se a tese, de quem defendia estender a letra da norma aos documentos particulares, j\u00e1 era dif\u00edcil de aceitar na altura, diante da expressa restri\u00e7\u00e3o a &ldquo;escrituras p\u00fablicas&rdquo; com que o preceito abria &#8211; justamente, alguma jurisprud\u00eancia enunciava que &ldquo;o art.&ordm; 50&ordm; do CPC n\u00e3o \u00e9 aplic\u00e1vel, por interpreta\u00e7\u00e3o extensiva, dos documentos particulares&rdquo;- Ac\u00f3rd\u00e3o do STJ 21.2.2002, in www.dgsi.pt -, depois da reforma, com v\u00e1rias altera\u00e7\u00f5es ao artigo 50&ordm; em que o legislador veio alargar o \u00e2mbito formal do preceito a qualquer documento aut\u00eantico ou documento autenticado, tornou-se patente que n\u00e3o estava na sua vontade admitir os documentos particulares simples.\n<p>     <a target=\"_blank\" href=\"http:\/\/www.dgsi.pt\/jtrc.nsf\/8fe0e606d8f56b22802576c0005637dc\/7f6e0bed505f3db980257b56003bdf14?OpenDocument\" rel=\"noopener noreferrer\">Consultar texto integral<\/a><\/li>\n<\/ol>\n","protected":false},"excerpt":{"rendered":"<div class=\"pvc_clear\"><\/div>\n<p id=\"pvc_stats_27492\" class=\"pvc_stats all  \" data-element-id=\"27492\" style=\"\"><i class=\"pvc-stats-icon small\" aria-hidden=\"true\"><svg aria-hidden=\"true\" focusable=\"false\" data-prefix=\"far\" data-icon=\"chart-bar\" role=\"img\" xmlns=\"http:\/\/www.w3.org\/2000\/svg\" viewBox=\"0 0 512 512\" class=\"svg-inline--fa fa-chart-bar fa-w-16 fa-2x\"><path fill=\"currentColor\" d=\"M396.8 352h22.4c6.4 0 12.8-6.4 12.8-12.8V108.8c0-6.4-6.4-12.8-12.8-12.8h-22.4c-6.4 0-12.8 6.4-12.8 12.8v230.4c0 6.4 6.4 12.8 12.8 12.8zm-192 0h22.4c6.4 0 12.8-6.4 12.8-12.8V140.8c0-6.4-6.4-12.8-12.8-12.8h-22.4c-6.4 0-12.8 6.4-12.8 12.8v198.4c0 6.4 6.4 12.8 12.8 12.8zm96 0h22.4c6.4 0 12.8-6.4 12.8-12.8V204.8c0-6.4-6.4-12.8-12.8-12.8h-22.4c-6.4 0-12.8 6.4-12.8 12.8v134.4c0 6.4 6.4 12.8 12.8 12.8zM496 400H48V80c0-8.84-7.16-16-16-16H16C7.16 64 0 71.16 0 80v336c0 17.67 14.33 32 32 32h464c8.84 0 16-7.16 16-16v-16c0-8.84-7.16-16-16-16zm-387.2-48h22.4c6.4 0 12.8-6.4 12.8-12.8v-70.4c0-6.4-6.4-12.8-12.8-12.8h-22.4c-6.4 0-12.8 6.4-12.8 12.8v70.4c0 6.4 6.4 12.8 12.8 12.8z\" class=\"\"><\/path><\/svg><\/i> <img src=\"https:\/\/trc.pt\/2020\/wp-content\/plugins\/page-views-count\/ajax-loader.gif\" border=0 \/><\/p>\n<div class=\"pvc_clear\"><\/div>\n<p>T\u00cdTULO EXECUTIVO. DOCUMENTO PARTICULAR. CONTRATO DE ABERTURA DE CR\u00c9DITO. CONTA CORRENTE. DESPACHO SANEADOR. M\u00c9RITO APELA\u00c7\u00c3O N&ordm; 195\/11.8TBGVA-A.C1 Relator: JOS\u00c9 AVELINO<\/p>\n","protected":false},"author":37,"featured_media":0,"comment_status":"open","ping_status":"open","sticky":false,"template":"","format":"standard","meta":[],"categories":[230],"tags":[],"_links":{"self":[{"href":"https:\/\/trc.pt\/2020\/wp-json\/wp\/v2\/posts\/27492"}],"collection":[{"href":"https:\/\/trc.pt\/2020\/wp-json\/wp\/v2\/posts"}],"about":[{"href":"https:\/\/trc.pt\/2020\/wp-json\/wp\/v2\/types\/post"}],"author":[{"embeddable":true,"href":"https:\/\/trc.pt\/2020\/wp-json\/wp\/v2\/users\/37"}],"replies":[{"embeddable":true,"href":"https:\/\/trc.pt\/2020\/wp-json\/wp\/v2\/comments?post=27492"}],"version-history":[{"count":0,"href":"https:\/\/trc.pt\/2020\/wp-json\/wp\/v2\/posts\/27492\/revisions"}],"wp:attachment":[{"href":"https:\/\/trc.pt\/2020\/wp-json\/wp\/v2\/media?parent=27492"}],"wp:term":[{"taxonomy":"category","embeddable":true,"href":"https:\/\/trc.pt\/2020\/wp-json\/wp\/v2\/categories?post=27492"},{"taxonomy":"post_tag","embeddable":true,"href":"https:\/\/trc.pt\/2020\/wp-json\/wp\/v2\/tags?post=27492"}],"curies":[{"name":"wp","href":"https:\/\/api.w.org\/{rel}","templated":true}]}}