{"id":27451,"date":"2012-03-15T11:50:32","date_gmt":"2012-03-15T11:50:32","guid":{"rendered":"https:\/\/trc.pt\/\/2012\/03\/15\/ap1469113t2avrc1\/"},"modified":"2012-03-15T11:50:32","modified_gmt":"2012-03-15T11:50:32","slug":"ap1469113t2avrc1","status":"publish","type":"post","link":"https:\/\/trc.pt\/2020\/ap1469113t2avrc1\/","title":{"rendered":"Uni\u00e3o de facto. Presta\u00e7\u00e3o social. Seguran\u00e7a social. Interesse em agir"},"content":{"rendered":"<div class=\"pvc_clear\"><\/div>\n<p id=\"pvc_stats_27451\" class=\"pvc_stats all  \" data-element-id=\"27451\" style=\"\"><i class=\"pvc-stats-icon small\" aria-hidden=\"true\"><svg aria-hidden=\"true\" focusable=\"false\" data-prefix=\"far\" data-icon=\"chart-bar\" role=\"img\" xmlns=\"http:\/\/www.w3.org\/2000\/svg\" viewBox=\"0 0 512 512\" class=\"svg-inline--fa fa-chart-bar fa-w-16 fa-2x\"><path fill=\"currentColor\" d=\"M396.8 352h22.4c6.4 0 12.8-6.4 12.8-12.8V108.8c0-6.4-6.4-12.8-12.8-12.8h-22.4c-6.4 0-12.8 6.4-12.8 12.8v230.4c0 6.4 6.4 12.8 12.8 12.8zm-192 0h22.4c6.4 0 12.8-6.4 12.8-12.8V140.8c0-6.4-6.4-12.8-12.8-12.8h-22.4c-6.4 0-12.8 6.4-12.8 12.8v198.4c0 6.4 6.4 12.8 12.8 12.8zm96 0h22.4c6.4 0 12.8-6.4 12.8-12.8V204.8c0-6.4-6.4-12.8-12.8-12.8h-22.4c-6.4 0-12.8 6.4-12.8 12.8v134.4c0 6.4 6.4 12.8 12.8 12.8zM496 400H48V80c0-8.84-7.16-16-16-16H16C7.16 64 0 71.16 0 80v336c0 17.67 14.33 32 32 32h464c8.84 0 16-7.16 16-16v-16c0-8.84-7.16-16-16-16zm-387.2-48h22.4c6.4 0 12.8-6.4 12.8-12.8v-70.4c0-6.4-6.4-12.8-12.8-12.8h-22.4c-6.4 0-12.8 6.4-12.8 12.8v70.4c0 6.4 6.4 12.8 12.8 12.8z\" class=\"\"><\/path><\/svg><\/i> <img src=\"https:\/\/trc.pt\/2020\/wp-content\/plugins\/page-views-count\/ajax-loader.gif\" border=0 \/><\/p>\n<div class=\"pvc_clear\"><\/div>\n<p style=\"text-align: justify\"><strong>UNI\u00c3O DE FACTO. PRESTA\u00c7\u00c3O SOCIAL. SEGURAN\u00c7A SOCIAL. INTERESSE EM AGIR&nbsp;<br \/> APELA\u00c7\u00c3O N&ordm;<\/strong> 1469\/11.3T2AVR.C1 <br \/> <strong>Relator: <\/strong>ARTUR DIAS <br \/> <strong>Data do Acord\u00e3o:<\/strong> 06-03-2012 <br \/> <strong>Tribunal:<\/strong> COMARCA DO BAIXO VOUGA &ndash; JU\u00cdZO DE GR. INST. C\u00cdVEL DE AVEIRO&nbsp;<br \/> <strong>Legisla\u00e7\u00e3o: <\/strong>LEIS N&ordm;S 7\/2001, DE 11\/05 E 23\/2010, DE 30\/08 <br \/> <strong>Sum\u00e1rio: <\/strong><\/p>\n<p style=\"margin-left: 40px; text-align: justify\">Na vig\u00eancia do regime resultante das altera\u00e7\u00f5es introduzidas na Lei n&ordm; 7\/2001, de 11\/05, pela Lei n&ordm; 23\/2010, de 30\/08, carece de interesse em agir &ndash; com a consequente absolvi\u00e7\u00e3o do R. da inst\u00e2ncia &ndash; o unido de facto sobrevivo que intenta contra o Instituto da Seguran\u00e7a Social, I. P., ac\u00e7\u00e3o destinada \u00e0 declara\u00e7\u00e3o de que \u00e9 titular das presta\u00e7\u00f5es por morte do unido de facto benefici\u00e1rio da seguran\u00e7a social n\u00e3o casado ou separado judicialmente de pessoas e bens. <br \/> &nbsp;<\/p>\n<p style=\"margin-left: 40px; text-align: justify\"><a target=\"_blank\" href=\"http:\/\/www.dgsi.pt\/jtrc.nsf\/8fe0e606d8f56b22802576c0005637dc\/b762c1070f507bd9802579c2004084ce?OpenDocument\" rel=\"noopener noreferrer\">Consultar texto integral<\/a><\/p>\n","protected":false},"excerpt":{"rendered":"<div class=\"pvc_clear\"><\/div>\n<p id=\"pvc_stats_27451\" class=\"pvc_stats all  \" data-element-id=\"27451\" style=\"\"><i class=\"pvc-stats-icon small\" aria-hidden=\"true\"><svg aria-hidden=\"true\" focusable=\"false\" data-prefix=\"far\" data-icon=\"chart-bar\" role=\"img\" xmlns=\"http:\/\/www.w3.org\/2000\/svg\" viewBox=\"0 0 512 512\" class=\"svg-inline--fa fa-chart-bar fa-w-16 fa-2x\"><path fill=\"currentColor\" d=\"M396.8 352h22.4c6.4 0 12.8-6.4 12.8-12.8V108.8c0-6.4-6.4-12.8-12.8-12.8h-22.4c-6.4 0-12.8 6.4-12.8 12.8v230.4c0 6.4 6.4 12.8 12.8 12.8zm-192 0h22.4c6.4 0 12.8-6.4 12.8-12.8V140.8c0-6.4-6.4-12.8-12.8-12.8h-22.4c-6.4 0-12.8 6.4-12.8 12.8v198.4c0 6.4 6.4 12.8 12.8 12.8zm96 0h22.4c6.4 0 12.8-6.4 12.8-12.8V204.8c0-6.4-6.4-12.8-12.8-12.8h-22.4c-6.4 0-12.8 6.4-12.8 12.8v134.4c0 6.4 6.4 12.8 12.8 12.8zM496 400H48V80c0-8.84-7.16-16-16-16H16C7.16 64 0 71.16 0 80v336c0 17.67 14.33 32 32 32h464c8.84 0 16-7.16 16-16v-16c0-8.84-7.16-16-16-16zm-387.2-48h22.4c6.4 0 12.8-6.4 12.8-12.8v-70.4c0-6.4-6.4-12.8-12.8-12.8h-22.4c-6.4 0-12.8 6.4-12.8 12.8v70.4c0 6.4 6.4 12.8 12.8 12.8z\" class=\"\"><\/path><\/svg><\/i> <img src=\"https:\/\/trc.pt\/2020\/wp-content\/plugins\/page-views-count\/ajax-loader.gif\" border=0 \/><\/p>\n<div class=\"pvc_clear\"><\/div>\n<p>UNI\u00c3O DE FACTO. PRESTA\u00c7\u00c3O SOCIAL. SEGURAN\u00c7A SOCIAL. INTERESSE EM AGIR&nbsp; APELA\u00c7\u00c3O N&ordm; 1469\/11.3T2AVR.C1 Relator: ARTUR DIAS Data do Acord\u00e3o: 06-03-2012<\/p>\n","protected":false},"author":1,"featured_media":0,"comment_status":"open","ping_status":"open","sticky":false,"template":"","format":"standard","meta":[],"categories":[230],"tags":[],"_links":{"self":[{"href":"https:\/\/trc.pt\/2020\/wp-json\/wp\/v2\/posts\/27451"}],"collection":[{"href":"https:\/\/trc.pt\/2020\/wp-json\/wp\/v2\/posts"}],"about":[{"href":"https:\/\/trc.pt\/2020\/wp-json\/wp\/v2\/types\/post"}],"author":[{"embeddable":true,"href":"https:\/\/trc.pt\/2020\/wp-json\/wp\/v2\/users\/1"}],"replies":[{"embeddable":true,"href":"https:\/\/trc.pt\/2020\/wp-json\/wp\/v2\/comments?post=27451"}],"version-history":[{"count":0,"href":"https:\/\/trc.pt\/2020\/wp-json\/wp\/v2\/posts\/27451\/revisions"}],"wp:attachment":[{"href":"https:\/\/trc.pt\/2020\/wp-json\/wp\/v2\/media?parent=27451"}],"wp:term":[{"taxonomy":"category","embeddable":true,"href":"https:\/\/trc.pt\/2020\/wp-json\/wp\/v2\/categories?post=27451"},{"taxonomy":"post_tag","embeddable":true,"href":"https:\/\/trc.pt\/2020\/wp-json\/wp\/v2\/tags?post=27451"}],"curies":[{"name":"wp","href":"https:\/\/api.w.org\/{rel}","templated":true}]}}