{"id":27335,"date":"2010-04-20T14:25:02","date_gmt":"2010-04-20T14:25:02","guid":{"rendered":"https:\/\/trc.pt\/\/2010\/04\/20\/ap-3107tbppsc1\/"},"modified":"2010-04-20T14:25:02","modified_gmt":"2010-04-20T14:25:02","slug":"ap-3107tbppsc1","status":"publish","type":"post","link":"https:\/\/trc.pt\/2020\/ap-3107tbppsc1\/","title":{"rendered":"Provid\u00eancia cautelar. Indeferimento liminar. Ac\u00e7\u00e3o"},"content":{"rendered":"<div class=\"pvc_clear\"><\/div>\n<p id=\"pvc_stats_27335\" class=\"pvc_stats all  \" data-element-id=\"27335\" style=\"\"><i class=\"pvc-stats-icon small\" aria-hidden=\"true\"><svg aria-hidden=\"true\" focusable=\"false\" data-prefix=\"far\" data-icon=\"chart-bar\" role=\"img\" xmlns=\"http:\/\/www.w3.org\/2000\/svg\" viewBox=\"0 0 512 512\" class=\"svg-inline--fa fa-chart-bar fa-w-16 fa-2x\"><path fill=\"currentColor\" d=\"M396.8 352h22.4c6.4 0 12.8-6.4 12.8-12.8V108.8c0-6.4-6.4-12.8-12.8-12.8h-22.4c-6.4 0-12.8 6.4-12.8 12.8v230.4c0 6.4 6.4 12.8 12.8 12.8zm-192 0h22.4c6.4 0 12.8-6.4 12.8-12.8V140.8c0-6.4-6.4-12.8-12.8-12.8h-22.4c-6.4 0-12.8 6.4-12.8 12.8v198.4c0 6.4 6.4 12.8 12.8 12.8zm96 0h22.4c6.4 0 12.8-6.4 12.8-12.8V204.8c0-6.4-6.4-12.8-12.8-12.8h-22.4c-6.4 0-12.8 6.4-12.8 12.8v134.4c0 6.4 6.4 12.8 12.8 12.8zM496 400H48V80c0-8.84-7.16-16-16-16H16C7.16 64 0 71.16 0 80v336c0 17.67 14.33 32 32 32h464c8.84 0 16-7.16 16-16v-16c0-8.84-7.16-16-16-16zm-387.2-48h22.4c6.4 0 12.8-6.4 12.8-12.8v-70.4c0-6.4-6.4-12.8-12.8-12.8h-22.4c-6.4 0-12.8 6.4-12.8 12.8v70.4c0 6.4 6.4 12.8 12.8 12.8z\" class=\"\"><\/path><\/svg><\/i> <img src=\"https:\/\/trc.pt\/2020\/wp-content\/plugins\/page-views-count\/ajax-loader.gif\" border=0 \/><\/p>\n<div class=\"pvc_clear\"><\/div>\n<p style=\"text-align: justify\"><strong>PROVID\u00caNCIA CAUTELAR. INDEFERIMENTO LIMINAR. AC\u00c7\u00c3O <br \/> APELA\u00c7\u00c3O n&ordm;<\/strong> 3\/10.7TBPPS.C1 <br \/> <strong>Relator: <\/strong>CARLOS QUERIDO <br \/> <strong>Data do Acord\u00e3o: <\/strong>20-04-2010 <br \/> <strong>Tribunal: <\/strong>PAMPILHOSA DA SERRA&nbsp;<br \/> <strong>Legisla\u00e7\u00e3o: <\/strong>ART.383 CPC <br \/> <strong>Sum\u00e1rio:<\/strong><\/p>\n<ol>\n<li style=\"text-align: justify\">&nbsp;Tendo o requerente da provid\u00eancia instaurado previamente a ac\u00e7\u00e3o declarativa, no \u00e2mbito da qual, ap\u00f3s realiza\u00e7\u00e3o do contradit\u00f3rio e produ\u00e7\u00e3o de prova, o tribunal concluiu que n\u00e3o logrou provar os fundamentos de facto e de direito da sua pretens\u00e3o, encontrando-se em recurso a decis\u00e3o ali proferida, face \u00e0 natureza instrumental da provid\u00eancia e \u00e0 necessidade de um ju\u00edzo de favorabilidade para o seu deferimento (pressuposi\u00e7\u00e3o de que ser\u00e1 favor\u00e1vel ao requerente a decis\u00e3o a proferir na respectiva ac\u00e7\u00e3o principal), revela-se correcta a decis\u00e3o de indeferimento da provid\u00eancia sem produ\u00e7\u00e3o de prova.<\/li>\n<li style=\"text-align: justify\">Com efeito, sob pena de total subvers\u00e3o da natureza instrumental da provid\u00eancia cautelar, n\u00e3o se vislumbra a possibilidade de opor \u00e0 prova produzida com contradit\u00f3rio e com toda a solenidade, na ac\u00e7\u00e3o declarativa com processo ordin\u00e1rio, a prova a produzir na provid\u00eancia, meramente indici\u00e1ria e sem audi\u00e7\u00e3o da parte contr\u00e1ria.<br \/>     &nbsp;<\/li>\n<\/ol>\n<p style=\"text-align: justify\"><a target=\"_blank\" href=\"http:\/\/www.dgsi.pt\/jtrc.nsf\/c3fb530030ea1c61802568d9005cd5bb\/98922e8ca9fd3c198025772600403d11?OpenDocument\" rel=\"noopener noreferrer\">Consultar texto integral<\/a><\/p>\n","protected":false},"excerpt":{"rendered":"<div class=\"pvc_clear\"><\/div>\n<p id=\"pvc_stats_27335\" class=\"pvc_stats all  \" data-element-id=\"27335\" style=\"\"><i class=\"pvc-stats-icon small\" aria-hidden=\"true\"><svg aria-hidden=\"true\" focusable=\"false\" data-prefix=\"far\" data-icon=\"chart-bar\" role=\"img\" xmlns=\"http:\/\/www.w3.org\/2000\/svg\" viewBox=\"0 0 512 512\" class=\"svg-inline--fa fa-chart-bar fa-w-16 fa-2x\"><path fill=\"currentColor\" d=\"M396.8 352h22.4c6.4 0 12.8-6.4 12.8-12.8V108.8c0-6.4-6.4-12.8-12.8-12.8h-22.4c-6.4 0-12.8 6.4-12.8 12.8v230.4c0 6.4 6.4 12.8 12.8 12.8zm-192 0h22.4c6.4 0 12.8-6.4 12.8-12.8V140.8c0-6.4-6.4-12.8-12.8-12.8h-22.4c-6.4 0-12.8 6.4-12.8 12.8v198.4c0 6.4 6.4 12.8 12.8 12.8zm96 0h22.4c6.4 0 12.8-6.4 12.8-12.8V204.8c0-6.4-6.4-12.8-12.8-12.8h-22.4c-6.4 0-12.8 6.4-12.8 12.8v134.4c0 6.4 6.4 12.8 12.8 12.8zM496 400H48V80c0-8.84-7.16-16-16-16H16C7.16 64 0 71.16 0 80v336c0 17.67 14.33 32 32 32h464c8.84 0 16-7.16 16-16v-16c0-8.84-7.16-16-16-16zm-387.2-48h22.4c6.4 0 12.8-6.4 12.8-12.8v-70.4c0-6.4-6.4-12.8-12.8-12.8h-22.4c-6.4 0-12.8 6.4-12.8 12.8v70.4c0 6.4 6.4 12.8 12.8 12.8z\" class=\"\"><\/path><\/svg><\/i> <img src=\"https:\/\/trc.pt\/2020\/wp-content\/plugins\/page-views-count\/ajax-loader.gif\" border=0 \/><\/p>\n<div class=\"pvc_clear\"><\/div>\n<p>PROVID\u00caNCIA CAUTELAR. INDEFERIMENTO LIMINAR. AC\u00c7\u00c3O APELA\u00c7\u00c3O n&ordm; 3\/10.7TBPPS.C1 Relator: CARLOS QUERIDO Data do Acord\u00e3o: 20-04-2010 Tribunal: PAMPILHOSA DA SERRA&nbsp; Legisla\u00e7\u00e3o:<\/p>\n","protected":false},"author":1,"featured_media":0,"comment_status":"open","ping_status":"open","sticky":false,"template":"","format":"standard","meta":[],"categories":[230],"tags":[],"_links":{"self":[{"href":"https:\/\/trc.pt\/2020\/wp-json\/wp\/v2\/posts\/27335"}],"collection":[{"href":"https:\/\/trc.pt\/2020\/wp-json\/wp\/v2\/posts"}],"about":[{"href":"https:\/\/trc.pt\/2020\/wp-json\/wp\/v2\/types\/post"}],"author":[{"embeddable":true,"href":"https:\/\/trc.pt\/2020\/wp-json\/wp\/v2\/users\/1"}],"replies":[{"embeddable":true,"href":"https:\/\/trc.pt\/2020\/wp-json\/wp\/v2\/comments?post=27335"}],"version-history":[{"count":0,"href":"https:\/\/trc.pt\/2020\/wp-json\/wp\/v2\/posts\/27335\/revisions"}],"wp:attachment":[{"href":"https:\/\/trc.pt\/2020\/wp-json\/wp\/v2\/media?parent=27335"}],"wp:term":[{"taxonomy":"category","embeddable":true,"href":"https:\/\/trc.pt\/2020\/wp-json\/wp\/v2\/categories?post=27335"},{"taxonomy":"post_tag","embeddable":true,"href":"https:\/\/trc.pt\/2020\/wp-json\/wp\/v2\/tags?post=27335"}],"curies":[{"name":"wp","href":"https:\/\/api.w.org\/{rel}","templated":true}]}}