{"id":27322,"date":"2009-12-06T19:00:00","date_gmt":"2009-12-06T19:00:00","guid":{"rendered":"https:\/\/trc.pt\/\/2009\/12\/06\/movimento-judicial-ordinario-julho-2008-sp-29975\/"},"modified":"2009-12-06T19:00:00","modified_gmt":"2009-12-06T19:00:00","slug":"movimento-judicial-ordinario-julho-2008-sp-29975","status":"publish","type":"post","link":"https:\/\/trc.pt\/2020\/movimento-judicial-ordinario-julho-2008-sp-29975\/","title":{"rendered":"Provid\u00eancia cautelar n\u00e3o especificada. Servid\u00e3o de presa. Requisitos"},"content":{"rendered":"<div class=\"pvc_clear\"><\/div>\n<p id=\"pvc_stats_27322\" class=\"pvc_stats all  \" data-element-id=\"27322\" style=\"\"><i class=\"pvc-stats-icon small\" aria-hidden=\"true\"><svg aria-hidden=\"true\" focusable=\"false\" data-prefix=\"far\" data-icon=\"chart-bar\" role=\"img\" xmlns=\"http:\/\/www.w3.org\/2000\/svg\" viewBox=\"0 0 512 512\" class=\"svg-inline--fa fa-chart-bar fa-w-16 fa-2x\"><path fill=\"currentColor\" d=\"M396.8 352h22.4c6.4 0 12.8-6.4 12.8-12.8V108.8c0-6.4-6.4-12.8-12.8-12.8h-22.4c-6.4 0-12.8 6.4-12.8 12.8v230.4c0 6.4 6.4 12.8 12.8 12.8zm-192 0h22.4c6.4 0 12.8-6.4 12.8-12.8V140.8c0-6.4-6.4-12.8-12.8-12.8h-22.4c-6.4 0-12.8 6.4-12.8 12.8v198.4c0 6.4 6.4 12.8 12.8 12.8zm96 0h22.4c6.4 0 12.8-6.4 12.8-12.8V204.8c0-6.4-6.4-12.8-12.8-12.8h-22.4c-6.4 0-12.8 6.4-12.8 12.8v134.4c0 6.4 6.4 12.8 12.8 12.8zM496 400H48V80c0-8.84-7.16-16-16-16H16C7.16 64 0 71.16 0 80v336c0 17.67 14.33 32 32 32h464c8.84 0 16-7.16 16-16v-16c0-8.84-7.16-16-16-16zm-387.2-48h22.4c6.4 0 12.8-6.4 12.8-12.8v-70.4c0-6.4-6.4-12.8-12.8-12.8h-22.4c-6.4 0-12.8 6.4-12.8 12.8v70.4c0 6.4 6.4 12.8 12.8 12.8z\" class=\"\"><\/path><\/svg><\/i> <img src=\"https:\/\/trc.pt\/2020\/wp-content\/plugins\/page-views-count\/ajax-loader.gif\" border=0 \/><\/p>\n<div class=\"pvc_clear\"><\/div>\n<p align=\"justify\"> <strong>PROVID\u00caNCIA CAUTELAR N\u00c3O ESPECIFICADA. SERVID\u00c3O DE PRESA. REQUISITOS <br \/> APELA\u00c7\u00c3O N\u00ba<\/strong> 151\/09.6T2VGS.C1<br \/> <strong>Relator:<\/strong> DR. FRANCISCO CAETANO<br \/> <strong>Data do Acord\u00e3o:<\/strong> 07-12-2009\u00a0<br \/> <strong>Tribunal:<\/strong> BAIXO VOUGA &#8211; VAGOS &#8211; J M\u00c9DIA E PEQ INST C\u00cdVEL<br \/> <strong>Legisla\u00e7\u00e3o:<\/strong> ART.\u00baS 381.\u00ba E 387.\u00ba, N.\u00baS 1 E 2, DO CPC E ART.\u00ba 1549.\u00ba DO CC <br \/> <strong>Sum\u00e1rio:<\/strong>  <\/p>\n<ol>\n<li>\n<div align=\"justify\"> \tRequisito essencial do procedimento cautelar comum \u00e9 a probabilidade s\u00e9ria da exist\u00eancia do direito invocado, mormente, no caso, do direito de servid\u00e3o de presa e deriva\u00e7\u00e3o de \u00e1gua de um po\u00e7o artesiano por tubos ou canos do pr\u00e9dio serviente para o dominante, constitu\u00edda por destina\u00e7\u00e3o do pai de fam\u00edlia;  \t<\/div>\n<\/li>\n<li>\n<div align=\"justify\"> \t\u00c9 pressuposto deste direito a perten\u00e7a de 2 pr\u00e9dios ou 2 frac\u00e7\u00f5es de um mesmo pr\u00e9dio ao mesmo dono, a exist\u00eancia de sinais vis\u00edveis e permanentes reveladores inequ\u00edvocos de uma rela\u00e7\u00e3o ou situa\u00e7\u00e3o est\u00e1vel da serventia entre os pr\u00e9dios ou as frac\u00e7\u00f5es que deixaram de ter o mesmo dono, v. g., por doa\u00e7\u00e3o, e \u00e0 data em que tal ocorreu, e n\u00e3o conste do documento de transfer\u00eancia de dom\u00ednio nenhuma declara\u00e7\u00e3o que ponha em causa a constitui\u00e7\u00e3o do encargo;  \t<\/div>\n<\/li>\n<li>\n<div align=\"justify\"> \tO conte\u00fado da servid\u00e3o e a extens\u00e3o e medida do seu exerc\u00edcio determinam-se pela situa\u00e7\u00e3o de facto estabelecida ou deixada pelo propriet\u00e1rio comum dos pr\u00e9dios ou frac\u00e7\u00f5es, dominante e serviente;  \t<\/div>\n<\/li>\n<li>\n<div align=\"justify\"> \tN\u00e3o resultando provado, ainda que summaria cognitio, tais pressupostos, mormente atenta a natureza m\u00f3vel da mangueira utilizada para irriga\u00e7\u00e3o de ambos os pr\u00e9dios e que era arrumada a cada utiliza\u00e7\u00e3o, so\u00e7obram as conclus\u00f5es do recurso.  \t<\/div>\n<\/li>\n<\/ol>\n<p align=\"justify\"> \t<a href=\"http:\/\/www.dgsi.pt\/jtrc.nsf\/c3fb530030ea1c61802568d9005cd5bb\/b90be25263f303e3802576a40038fa9a?OpenDocument\" target=\"\u02cdblank\" rel=\"noopener noreferrer\">Consultar texto integral<\/a> \t<\/p>\n","protected":false},"excerpt":{"rendered":"<div class=\"pvc_clear\"><\/div>\n<p id=\"pvc_stats_27322\" class=\"pvc_stats all  \" data-element-id=\"27322\" style=\"\"><i class=\"pvc-stats-icon small\" aria-hidden=\"true\"><svg aria-hidden=\"true\" focusable=\"false\" data-prefix=\"far\" data-icon=\"chart-bar\" role=\"img\" xmlns=\"http:\/\/www.w3.org\/2000\/svg\" viewBox=\"0 0 512 512\" class=\"svg-inline--fa fa-chart-bar fa-w-16 fa-2x\"><path fill=\"currentColor\" d=\"M396.8 352h22.4c6.4 0 12.8-6.4 12.8-12.8V108.8c0-6.4-6.4-12.8-12.8-12.8h-22.4c-6.4 0-12.8 6.4-12.8 12.8v230.4c0 6.4 6.4 12.8 12.8 12.8zm-192 0h22.4c6.4 0 12.8-6.4 12.8-12.8V140.8c0-6.4-6.4-12.8-12.8-12.8h-22.4c-6.4 0-12.8 6.4-12.8 12.8v198.4c0 6.4 6.4 12.8 12.8 12.8zm96 0h22.4c6.4 0 12.8-6.4 12.8-12.8V204.8c0-6.4-6.4-12.8-12.8-12.8h-22.4c-6.4 0-12.8 6.4-12.8 12.8v134.4c0 6.4 6.4 12.8 12.8 12.8zM496 400H48V80c0-8.84-7.16-16-16-16H16C7.16 64 0 71.16 0 80v336c0 17.67 14.33 32 32 32h464c8.84 0 16-7.16 16-16v-16c0-8.84-7.16-16-16-16zm-387.2-48h22.4c6.4 0 12.8-6.4 12.8-12.8v-70.4c0-6.4-6.4-12.8-12.8-12.8h-22.4c-6.4 0-12.8 6.4-12.8 12.8v70.4c0 6.4 6.4 12.8 12.8 12.8z\" class=\"\"><\/path><\/svg><\/i> <img src=\"https:\/\/trc.pt\/2020\/wp-content\/plugins\/page-views-count\/ajax-loader.gif\" border=0 \/><\/p>\n<div class=\"pvc_clear\"><\/div>\n<p>PROVID\u00caNCIA CAUTELAR N\u00c3O ESPECIFICADA. SERVID\u00c3O DE PRESA. REQUISITOS APELA\u00c7\u00c3O N\u00ba 151\/09.6T2VGS.C1 Relator: DR. FRANCISCO CAETANO Data do Acord\u00e3o: 07-12-2009\u00a0 Tribunal:<\/p>\n","protected":false},"author":1,"featured_media":0,"comment_status":"open","ping_status":"open","sticky":false,"template":"","format":"standard","meta":[],"categories":[230],"tags":[],"_links":{"self":[{"href":"https:\/\/trc.pt\/2020\/wp-json\/wp\/v2\/posts\/27322"}],"collection":[{"href":"https:\/\/trc.pt\/2020\/wp-json\/wp\/v2\/posts"}],"about":[{"href":"https:\/\/trc.pt\/2020\/wp-json\/wp\/v2\/types\/post"}],"author":[{"embeddable":true,"href":"https:\/\/trc.pt\/2020\/wp-json\/wp\/v2\/users\/1"}],"replies":[{"embeddable":true,"href":"https:\/\/trc.pt\/2020\/wp-json\/wp\/v2\/comments?post=27322"}],"version-history":[{"count":0,"href":"https:\/\/trc.pt\/2020\/wp-json\/wp\/v2\/posts\/27322\/revisions"}],"wp:attachment":[{"href":"https:\/\/trc.pt\/2020\/wp-json\/wp\/v2\/media?parent=27322"}],"wp:term":[{"taxonomy":"category","embeddable":true,"href":"https:\/\/trc.pt\/2020\/wp-json\/wp\/v2\/categories?post=27322"},{"taxonomy":"post_tag","embeddable":true,"href":"https:\/\/trc.pt\/2020\/wp-json\/wp\/v2\/tags?post=27322"}],"curies":[{"name":"wp","href":"https:\/\/api.w.org\/{rel}","templated":true}]}}