{"id":27079,"date":"2010-04-20T09:13:03","date_gmt":"2010-04-20T09:13:03","guid":{"rendered":"https:\/\/trc.pt\/\/2010\/04\/20\/ag795070tbtnvc2\/"},"modified":"2010-04-20T09:13:03","modified_gmt":"2010-04-20T09:13:03","slug":"ag795070tbtnvc2","status":"publish","type":"post","link":"https:\/\/trc.pt\/2020\/ag795070tbtnvc2\/","title":{"rendered":"Litig\u00e2ncia de m\u00e1 f\u00e9- Indemniza\u00e7\u00e3o"},"content":{"rendered":"<div class=\"pvc_clear\"><\/div>\n<p id=\"pvc_stats_27079\" class=\"pvc_stats all  \" data-element-id=\"27079\" style=\"\"><i class=\"pvc-stats-icon small\" aria-hidden=\"true\"><svg aria-hidden=\"true\" focusable=\"false\" data-prefix=\"far\" data-icon=\"chart-bar\" role=\"img\" xmlns=\"http:\/\/www.w3.org\/2000\/svg\" viewBox=\"0 0 512 512\" class=\"svg-inline--fa fa-chart-bar fa-w-16 fa-2x\"><path fill=\"currentColor\" d=\"M396.8 352h22.4c6.4 0 12.8-6.4 12.8-12.8V108.8c0-6.4-6.4-12.8-12.8-12.8h-22.4c-6.4 0-12.8 6.4-12.8 12.8v230.4c0 6.4 6.4 12.8 12.8 12.8zm-192 0h22.4c6.4 0 12.8-6.4 12.8-12.8V140.8c0-6.4-6.4-12.8-12.8-12.8h-22.4c-6.4 0-12.8 6.4-12.8 12.8v198.4c0 6.4 6.4 12.8 12.8 12.8zm96 0h22.4c6.4 0 12.8-6.4 12.8-12.8V204.8c0-6.4-6.4-12.8-12.8-12.8h-22.4c-6.4 0-12.8 6.4-12.8 12.8v134.4c0 6.4 6.4 12.8 12.8 12.8zM496 400H48V80c0-8.84-7.16-16-16-16H16C7.16 64 0 71.16 0 80v336c0 17.67 14.33 32 32 32h464c8.84 0 16-7.16 16-16v-16c0-8.84-7.16-16-16-16zm-387.2-48h22.4c6.4 0 12.8-6.4 12.8-12.8v-70.4c0-6.4-6.4-12.8-12.8-12.8h-22.4c-6.4 0-12.8 6.4-12.8 12.8v70.4c0 6.4 6.4 12.8 12.8 12.8z\" class=\"\"><\/path><\/svg><\/i> <img src=\"https:\/\/trc.pt\/2020\/wp-content\/plugins\/page-views-count\/ajax-loader.gif\" border=0 \/><\/p>\n<div class=\"pvc_clear\"><\/div>\n<p style=\"text-align: justify\"><strong>LITIG\u00c2NCIA DE M\u00c1 F\u00c9. INDEMNIZA\u00c7\u00c3O <\/strong><\/p>\n<p style=\"text-align: justify\"><strong>AGRAVO N&ordm; <\/strong>795\/07.0TBTNV.C2 <br \/> <strong>Relator:<\/strong> GON\u00c7ALVES FERREIRA&nbsp;<br \/> <strong>Data do Acord\u00e3o: <\/strong>20-04-2010 <br \/> <strong>Tribunal: <\/strong>TORRES NOVAS <br \/> <strong>Legisla\u00e7\u00e3o: <\/strong>ARTS.457&ordm; CPC, 100&ordm; EOA <br \/> <strong>Sum\u00e1rio:<\/strong><\/p>\n<ol>\n<li style=\"text-align: justify\">O artigo 457.&ordm; do C\u00f3digo de Processo Civil prev\u00ea duas modalidades de indemniza\u00e7\u00e3o relativamente \u00e0 litig\u00e2ncia de m\u00e1 f\u00e9: uma simples ou limitada, contemplando os danos directamente emergentes do procedimento doloso, outra plena ou agravada, abrangendo tanto os danos directos como os indirectos.<\/li>\n<li style=\"text-align: justify\">Por regra, a indemniza\u00e7\u00e3o ao abrigo daquele preceito n\u00e3o pode exceder o \u00e2mbito processual em que a m\u00e1 f\u00e9 operou.<\/li>\n<li style=\"text-align: justify\">A senten\u00e7a final que condena no pagamento de indemniza\u00e7\u00e3o por litig\u00e2ncia de m\u00e1 f\u00e9, mas relega para momento ulterior a fixa\u00e7\u00e3o do respectivo valor, faz caso julgado quanto ao conte\u00fado da indemniza\u00e7\u00e3o, mas n\u00e3o quanto ao seu montante.<\/li>\n<li style=\"text-align: justify\">A quantia paga a t\u00edtulo de honor\u00e1rios pela parte com direito a indemniza\u00e7\u00e3o pode sempre ser reduzida, ao abrigo do prudente arb\u00edtrio do juiz.<\/li>\n<li style=\"text-align: justify\">Os honor\u00e1rios de advogado devem ser fixados com modera\u00e7\u00e3o, sendo o tempo gasto e a complexidade do assunto os factores mais relevantes.\n<p>     <a target=\"_blank\" href=\"http:\/\/www.dgsi.pt\/jtrc.nsf\/8fe0e606d8f56b22802576c0005637dc\/668bfc50924be2b68025772d00315b7c?OpenDocument\" rel=\"noopener noreferrer\">Consultar texto integral<\/a><\/li>\n<\/ol>\n","protected":false},"excerpt":{"rendered":"<div class=\"pvc_clear\"><\/div>\n<p id=\"pvc_stats_27079\" class=\"pvc_stats all  \" data-element-id=\"27079\" style=\"\"><i class=\"pvc-stats-icon small\" aria-hidden=\"true\"><svg aria-hidden=\"true\" focusable=\"false\" data-prefix=\"far\" data-icon=\"chart-bar\" role=\"img\" xmlns=\"http:\/\/www.w3.org\/2000\/svg\" viewBox=\"0 0 512 512\" class=\"svg-inline--fa fa-chart-bar fa-w-16 fa-2x\"><path fill=\"currentColor\" d=\"M396.8 352h22.4c6.4 0 12.8-6.4 12.8-12.8V108.8c0-6.4-6.4-12.8-12.8-12.8h-22.4c-6.4 0-12.8 6.4-12.8 12.8v230.4c0 6.4 6.4 12.8 12.8 12.8zm-192 0h22.4c6.4 0 12.8-6.4 12.8-12.8V140.8c0-6.4-6.4-12.8-12.8-12.8h-22.4c-6.4 0-12.8 6.4-12.8 12.8v198.4c0 6.4 6.4 12.8 12.8 12.8zm96 0h22.4c6.4 0 12.8-6.4 12.8-12.8V204.8c0-6.4-6.4-12.8-12.8-12.8h-22.4c-6.4 0-12.8 6.4-12.8 12.8v134.4c0 6.4 6.4 12.8 12.8 12.8zM496 400H48V80c0-8.84-7.16-16-16-16H16C7.16 64 0 71.16 0 80v336c0 17.67 14.33 32 32 32h464c8.84 0 16-7.16 16-16v-16c0-8.84-7.16-16-16-16zm-387.2-48h22.4c6.4 0 12.8-6.4 12.8-12.8v-70.4c0-6.4-6.4-12.8-12.8-12.8h-22.4c-6.4 0-12.8 6.4-12.8 12.8v70.4c0 6.4 6.4 12.8 12.8 12.8z\" class=\"\"><\/path><\/svg><\/i> <img src=\"https:\/\/trc.pt\/2020\/wp-content\/plugins\/page-views-count\/ajax-loader.gif\" border=0 \/><\/p>\n<div class=\"pvc_clear\"><\/div>\n<p>LITIG\u00c2NCIA DE M\u00c1 F\u00c9. INDEMNIZA\u00c7\u00c3O AGRAVO N&ordm; 795\/07.0TBTNV.C2 Relator: GON\u00c7ALVES FERREIRA&nbsp; Data do Acord\u00e3o: 20-04-2010 Tribunal: TORRES NOVAS Legisla\u00e7\u00e3o: ARTS.457&ordm;<\/p>\n","protected":false},"author":1,"featured_media":0,"comment_status":"open","ping_status":"open","sticky":false,"template":"","format":"standard","meta":[],"categories":[230],"tags":[],"_links":{"self":[{"href":"https:\/\/trc.pt\/2020\/wp-json\/wp\/v2\/posts\/27079"}],"collection":[{"href":"https:\/\/trc.pt\/2020\/wp-json\/wp\/v2\/posts"}],"about":[{"href":"https:\/\/trc.pt\/2020\/wp-json\/wp\/v2\/types\/post"}],"author":[{"embeddable":true,"href":"https:\/\/trc.pt\/2020\/wp-json\/wp\/v2\/users\/1"}],"replies":[{"embeddable":true,"href":"https:\/\/trc.pt\/2020\/wp-json\/wp\/v2\/comments?post=27079"}],"version-history":[{"count":0,"href":"https:\/\/trc.pt\/2020\/wp-json\/wp\/v2\/posts\/27079\/revisions"}],"wp:attachment":[{"href":"https:\/\/trc.pt\/2020\/wp-json\/wp\/v2\/media?parent=27079"}],"wp:term":[{"taxonomy":"category","embeddable":true,"href":"https:\/\/trc.pt\/2020\/wp-json\/wp\/v2\/categories?post=27079"},{"taxonomy":"post_tag","embeddable":true,"href":"https:\/\/trc.pt\/2020\/wp-json\/wp\/v2\/tags?post=27079"}],"curies":[{"name":"wp","href":"https:\/\/api.w.org\/{rel}","templated":true}]}}