{"id":27065,"date":"2012-02-22T15:10:21","date_gmt":"2012-02-22T15:10:21","guid":{"rendered":"https:\/\/trc.pt\/\/2012\/02\/22\/ap-24080tbsrt-bc1\/"},"modified":"2012-02-22T15:10:21","modified_gmt":"2012-02-22T15:10:21","slug":"ap-24080tbsrt-bc1","status":"publish","type":"post","link":"https:\/\/trc.pt\/2020\/ap-24080tbsrt-bc1\/","title":{"rendered":"Legitimidade do minist\u00e9rio p\u00fablico. Maioridade. Direitos. Menoridade"},"content":{"rendered":"<div class=\"pvc_clear\"><\/div>\n<p id=\"pvc_stats_27065\" class=\"pvc_stats all  \" data-element-id=\"27065\" style=\"\"><i class=\"pvc-stats-icon small\" aria-hidden=\"true\"><svg aria-hidden=\"true\" focusable=\"false\" data-prefix=\"far\" data-icon=\"chart-bar\" role=\"img\" xmlns=\"http:\/\/www.w3.org\/2000\/svg\" viewBox=\"0 0 512 512\" class=\"svg-inline--fa fa-chart-bar fa-w-16 fa-2x\"><path fill=\"currentColor\" d=\"M396.8 352h22.4c6.4 0 12.8-6.4 12.8-12.8V108.8c0-6.4-6.4-12.8-12.8-12.8h-22.4c-6.4 0-12.8 6.4-12.8 12.8v230.4c0 6.4 6.4 12.8 12.8 12.8zm-192 0h22.4c6.4 0 12.8-6.4 12.8-12.8V140.8c0-6.4-6.4-12.8-12.8-12.8h-22.4c-6.4 0-12.8 6.4-12.8 12.8v198.4c0 6.4 6.4 12.8 12.8 12.8zm96 0h22.4c6.4 0 12.8-6.4 12.8-12.8V204.8c0-6.4-6.4-12.8-12.8-12.8h-22.4c-6.4 0-12.8 6.4-12.8 12.8v134.4c0 6.4 6.4 12.8 12.8 12.8zM496 400H48V80c0-8.84-7.16-16-16-16H16C7.16 64 0 71.16 0 80v336c0 17.67 14.33 32 32 32h464c8.84 0 16-7.16 16-16v-16c0-8.84-7.16-16-16-16zm-387.2-48h22.4c6.4 0 12.8-6.4 12.8-12.8v-70.4c0-6.4-6.4-12.8-12.8-12.8h-22.4c-6.4 0-12.8 6.4-12.8 12.8v70.4c0 6.4 6.4 12.8 12.8 12.8z\" class=\"\"><\/path><\/svg><\/i> <img src=\"https:\/\/trc.pt\/2020\/wp-content\/plugins\/page-views-count\/ajax-loader.gif\" border=0 \/><\/p>\n<div class=\"pvc_clear\"><\/div>\n<p style=\"text-align: justify\"><strong>LEGITIMIDADE DO MINIST\u00c9RIO P\u00daBLICO. MAIORIDADE. DIREITOS. MENORIDADE <\/strong><\/p>\n<p style=\"text-align: justify\"><strong> APELA\u00c7\u00c3O N&ordm;<\/strong> 24\/08.0TBSRT-B.C1 <br \/> <strong>Relator:<\/strong> ARTUR DIAS <br \/> <strong>Data do Acord\u00e3o: <\/strong>07-02-2012 <br \/> <strong>Tribunal: <\/strong>TRIBUNAL JUDICIAL DA SERT\u00c3&nbsp;<br \/> <strong>Legisla\u00e7\u00e3o: <\/strong>ART&ordm;S 3&ordm;, N&ordm; 1, AL. A) E 5&ordm;, N&ordm; 1, AL. C) DO ESTATUTO DO MINIST\u00c9RIO P\u00daBLICO <br \/> <strong>Sum\u00e1rio: <\/strong><\/p>\n<ol>\n<li style=\"text-align: justify\">N\u00e3o integra a compet\u00eancia do Minist\u00e9rio P\u00fablico, nos termos dos art&ordm;s 3&ordm;, n&ordm; 1, al. a) e 5&ordm;, n&ordm; 1, al. c) do respectivo Estatuto, representar rec\u00e9m-maiores, ainda que para exerc\u00edcio de direitos entrados na sua titularidade durante a menoridade.<\/li>\n<li style=\"text-align: justify\">Carece, portanto, o Minist\u00e9rio P\u00fablico de legitimidade para, em representa\u00e7\u00e3o de pessoa que j\u00e1 completou dezoito anos de idade, instaurar incidente de incumprimento da regula\u00e7\u00e3o das responsabilidades parentais, mesmo que tenha em vista t\u00e3o somente a declara\u00e7\u00e3o do incumprimento &ndash; falta de pagamento da presta\u00e7\u00e3o aliment\u00edcia &ndash; relativamente a per\u00edodo de tempo em que tal pessoa era ainda menor.\n<p>     <a target=\"_blank\" href=\"http:\/\/www.dgsi.pt\/jtrc.nsf\/8fe0e606d8f56b22802576c0005637dc\/43bb6cae96045688802579ac0038c813?OpenDocument\" rel=\"noopener noreferrer\">Consultar texto integral<\/a><\/li>\n<p style=\"text-align: justify\">&nbsp;<\/p>\n<\/ol>\n","protected":false},"excerpt":{"rendered":"<div class=\"pvc_clear\"><\/div>\n<p id=\"pvc_stats_27065\" class=\"pvc_stats all  \" data-element-id=\"27065\" style=\"\"><i class=\"pvc-stats-icon small\" aria-hidden=\"true\"><svg aria-hidden=\"true\" focusable=\"false\" data-prefix=\"far\" data-icon=\"chart-bar\" role=\"img\" xmlns=\"http:\/\/www.w3.org\/2000\/svg\" viewBox=\"0 0 512 512\" class=\"svg-inline--fa fa-chart-bar fa-w-16 fa-2x\"><path fill=\"currentColor\" d=\"M396.8 352h22.4c6.4 0 12.8-6.4 12.8-12.8V108.8c0-6.4-6.4-12.8-12.8-12.8h-22.4c-6.4 0-12.8 6.4-12.8 12.8v230.4c0 6.4 6.4 12.8 12.8 12.8zm-192 0h22.4c6.4 0 12.8-6.4 12.8-12.8V140.8c0-6.4-6.4-12.8-12.8-12.8h-22.4c-6.4 0-12.8 6.4-12.8 12.8v198.4c0 6.4 6.4 12.8 12.8 12.8zm96 0h22.4c6.4 0 12.8-6.4 12.8-12.8V204.8c0-6.4-6.4-12.8-12.8-12.8h-22.4c-6.4 0-12.8 6.4-12.8 12.8v134.4c0 6.4 6.4 12.8 12.8 12.8zM496 400H48V80c0-8.84-7.16-16-16-16H16C7.16 64 0 71.16 0 80v336c0 17.67 14.33 32 32 32h464c8.84 0 16-7.16 16-16v-16c0-8.84-7.16-16-16-16zm-387.2-48h22.4c6.4 0 12.8-6.4 12.8-12.8v-70.4c0-6.4-6.4-12.8-12.8-12.8h-22.4c-6.4 0-12.8 6.4-12.8 12.8v70.4c0 6.4 6.4 12.8 12.8 12.8z\" class=\"\"><\/path><\/svg><\/i> <img src=\"https:\/\/trc.pt\/2020\/wp-content\/plugins\/page-views-count\/ajax-loader.gif\" border=0 \/><\/p>\n<div class=\"pvc_clear\"><\/div>\n<p>LEGITIMIDADE DO MINIST\u00c9RIO P\u00daBLICO. MAIORIDADE. DIREITOS. MENORIDADE APELA\u00c7\u00c3O N&ordm; 24\/08.0TBSRT-B.C1 Relator: ARTUR DIAS Data do Acord\u00e3o: 07-02-2012 Tribunal: TRIBUNAL JUDICIAL<\/p>\n","protected":false},"author":1,"featured_media":0,"comment_status":"open","ping_status":"open","sticky":false,"template":"","format":"standard","meta":[],"categories":[230],"tags":[],"_links":{"self":[{"href":"https:\/\/trc.pt\/2020\/wp-json\/wp\/v2\/posts\/27065"}],"collection":[{"href":"https:\/\/trc.pt\/2020\/wp-json\/wp\/v2\/posts"}],"about":[{"href":"https:\/\/trc.pt\/2020\/wp-json\/wp\/v2\/types\/post"}],"author":[{"embeddable":true,"href":"https:\/\/trc.pt\/2020\/wp-json\/wp\/v2\/users\/1"}],"replies":[{"embeddable":true,"href":"https:\/\/trc.pt\/2020\/wp-json\/wp\/v2\/comments?post=27065"}],"version-history":[{"count":0,"href":"https:\/\/trc.pt\/2020\/wp-json\/wp\/v2\/posts\/27065\/revisions"}],"wp:attachment":[{"href":"https:\/\/trc.pt\/2020\/wp-json\/wp\/v2\/media?parent=27065"}],"wp:term":[{"taxonomy":"category","embeddable":true,"href":"https:\/\/trc.pt\/2020\/wp-json\/wp\/v2\/categories?post=27065"},{"taxonomy":"post_tag","embeddable":true,"href":"https:\/\/trc.pt\/2020\/wp-json\/wp\/v2\/tags?post=27065"}],"curies":[{"name":"wp","href":"https:\/\/api.w.org\/{rel}","templated":true}]}}