{"id":26797,"date":"2004-06-07T19:00:00","date_gmt":"2004-06-07T19:00:00","guid":{"rendered":"https:\/\/trc.pt\/\/2004\/06\/07\/movimento-judicial-ordinario-julho-2008-sp-2660\/"},"modified":"2004-06-07T19:00:00","modified_gmt":"2004-06-07T19:00:00","slug":"movimento-judicial-ordinario-julho-2008-sp-2660","status":"publish","type":"post","link":"https:\/\/trc.pt\/2020\/movimento-judicial-ordinario-julho-2008-sp-2660\/","title":{"rendered":"Expropria\u00e7\u00e3o. Conflito de compet\u00eancia"},"content":{"rendered":"<div class=\"pvc_clear\"><\/div>\n<p id=\"pvc_stats_26797\" class=\"pvc_stats all  \" data-element-id=\"26797\" style=\"\"><i class=\"pvc-stats-icon small\" aria-hidden=\"true\"><svg aria-hidden=\"true\" focusable=\"false\" data-prefix=\"far\" data-icon=\"chart-bar\" role=\"img\" xmlns=\"http:\/\/www.w3.org\/2000\/svg\" viewBox=\"0 0 512 512\" class=\"svg-inline--fa fa-chart-bar fa-w-16 fa-2x\"><path fill=\"currentColor\" d=\"M396.8 352h22.4c6.4 0 12.8-6.4 12.8-12.8V108.8c0-6.4-6.4-12.8-12.8-12.8h-22.4c-6.4 0-12.8 6.4-12.8 12.8v230.4c0 6.4 6.4 12.8 12.8 12.8zm-192 0h22.4c6.4 0 12.8-6.4 12.8-12.8V140.8c0-6.4-6.4-12.8-12.8-12.8h-22.4c-6.4 0-12.8 6.4-12.8 12.8v198.4c0 6.4 6.4 12.8 12.8 12.8zm96 0h22.4c6.4 0 12.8-6.4 12.8-12.8V204.8c0-6.4-6.4-12.8-12.8-12.8h-22.4c-6.4 0-12.8 6.4-12.8 12.8v134.4c0 6.4 6.4 12.8 12.8 12.8zM496 400H48V80c0-8.84-7.16-16-16-16H16C7.16 64 0 71.16 0 80v336c0 17.67 14.33 32 32 32h464c8.84 0 16-7.16 16-16v-16c0-8.84-7.16-16-16-16zm-387.2-48h22.4c6.4 0 12.8-6.4 12.8-12.8v-70.4c0-6.4-6.4-12.8-12.8-12.8h-22.4c-6.4 0-12.8 6.4-12.8 12.8v70.4c0 6.4 6.4 12.8 12.8 12.8z\" class=\"\"><\/path><\/svg><\/i> <img src=\"https:\/\/trc.pt\/2020\/wp-content\/plugins\/page-views-count\/ajax-loader.gif\" border=0 \/><\/p>\n<div class=\"pvc_clear\"><\/div>\n<p align=\"justify\"> <strong>EXPROPRIA\u00c7\u00c3O. CONFLITO DE COMPET\u00caNCIA<br \/> CONFLITO NEGATIVO DE COMPET\u00caNCIA N\u00ba<\/strong> 475\/04 <br \/> <strong>Relator<\/strong>: DR. FERREIRA DE BARROS\u00a0<br \/> <strong>Data do Acord\u00e3o<\/strong>: 08-06-2004\u00a0<br \/> <strong>Legisla\u00e7\u00e3o<\/strong>: ARTIGOS 58\u00b0 E 60\u00b0, N.\u00ba2, DO C\u00d3DIGO DAS EXPROPRIA\u00c7\u00d5ES (DL N.O 168\/99, DE 18.09) E ARTIGOS 104\u00b0, N.\u00ba2,106\u00b0, AL\u00cdNEA B) E 108\u00b0 DA LEI N.O 3\/99 (LOFTJ) E ARTIGOS 68\u00b0, 110\u00b0, N.\u00ba4 E 111 \u00b0, N. \u00b02, DO CPC.<br \/> <strong>\u00a0Sum\u00e1rio<\/strong>:  <\/p>\n<ol>\n<li>\n<div align=\"justify\"> \tO conflito negativo de compet\u00eancia entre o tribunal singular e o tribunal colectivo configura uma incompet\u00eancia em raz\u00e3o da estrutura ou do funcionamento do tribunal de 1 a inst\u00e2ncia.  \t<\/div>\n<\/li>\n<li>\n<div align=\"justify\"> \tTal incompet\u00eancia \u00e9 de qualificar como uma incompet\u00eancia relativa at\u00edpica, implicando a remessa do processo para o tribunal competente em raz\u00e3o da estrutura.  \t<\/div>\n<\/li>\n<li>\n<div align=\"justify\"> \tA decis\u00e3o primeiramente transitada em julgado no tocante \u00e0 quest\u00e3o da compet\u00eancia relativa, resolve definitivamente a quest\u00e3o.  \t<\/div>\n<\/li>\n<\/ol>\n<p align=\"justify\"> \t<a href=\"http:\/\/www.dgsi.pt\/jtrc.nsf\/c3fb530030ea1c61802568d9005cd5bb\/68c8c036bdff1ac680256eb6004fefa4?OpenDocument\" target=\"\u02cdblank\" rel=\"noopener noreferrer\">Consultar texto integral<\/a> \t<\/p>\n","protected":false},"excerpt":{"rendered":"<div class=\"pvc_clear\"><\/div>\n<p id=\"pvc_stats_26797\" class=\"pvc_stats all  \" data-element-id=\"26797\" style=\"\"><i class=\"pvc-stats-icon small\" aria-hidden=\"true\"><svg aria-hidden=\"true\" focusable=\"false\" data-prefix=\"far\" data-icon=\"chart-bar\" role=\"img\" xmlns=\"http:\/\/www.w3.org\/2000\/svg\" viewBox=\"0 0 512 512\" class=\"svg-inline--fa fa-chart-bar fa-w-16 fa-2x\"><path fill=\"currentColor\" d=\"M396.8 352h22.4c6.4 0 12.8-6.4 12.8-12.8V108.8c0-6.4-6.4-12.8-12.8-12.8h-22.4c-6.4 0-12.8 6.4-12.8 12.8v230.4c0 6.4 6.4 12.8 12.8 12.8zm-192 0h22.4c6.4 0 12.8-6.4 12.8-12.8V140.8c0-6.4-6.4-12.8-12.8-12.8h-22.4c-6.4 0-12.8 6.4-12.8 12.8v198.4c0 6.4 6.4 12.8 12.8 12.8zm96 0h22.4c6.4 0 12.8-6.4 12.8-12.8V204.8c0-6.4-6.4-12.8-12.8-12.8h-22.4c-6.4 0-12.8 6.4-12.8 12.8v134.4c0 6.4 6.4 12.8 12.8 12.8zM496 400H48V80c0-8.84-7.16-16-16-16H16C7.16 64 0 71.16 0 80v336c0 17.67 14.33 32 32 32h464c8.84 0 16-7.16 16-16v-16c0-8.84-7.16-16-16-16zm-387.2-48h22.4c6.4 0 12.8-6.4 12.8-12.8v-70.4c0-6.4-6.4-12.8-12.8-12.8h-22.4c-6.4 0-12.8 6.4-12.8 12.8v70.4c0 6.4 6.4 12.8 12.8 12.8z\" class=\"\"><\/path><\/svg><\/i> <img src=\"https:\/\/trc.pt\/2020\/wp-content\/plugins\/page-views-count\/ajax-loader.gif\" border=0 \/><\/p>\n<div class=\"pvc_clear\"><\/div>\n<p>EXPROPRIA\u00c7\u00c3O. CONFLITO DE COMPET\u00caNCIA CONFLITO NEGATIVO DE COMPET\u00caNCIA N\u00ba 475\/04 Relator: DR. FERREIRA DE BARROS\u00a0 Data do Acord\u00e3o: 08-06-2004\u00a0 Legisla\u00e7\u00e3o:<\/p>\n","protected":false},"author":1,"featured_media":0,"comment_status":"open","ping_status":"open","sticky":false,"template":"","format":"standard","meta":[],"categories":[230],"tags":[],"_links":{"self":[{"href":"https:\/\/trc.pt\/2020\/wp-json\/wp\/v2\/posts\/26797"}],"collection":[{"href":"https:\/\/trc.pt\/2020\/wp-json\/wp\/v2\/posts"}],"about":[{"href":"https:\/\/trc.pt\/2020\/wp-json\/wp\/v2\/types\/post"}],"author":[{"embeddable":true,"href":"https:\/\/trc.pt\/2020\/wp-json\/wp\/v2\/users\/1"}],"replies":[{"embeddable":true,"href":"https:\/\/trc.pt\/2020\/wp-json\/wp\/v2\/comments?post=26797"}],"version-history":[{"count":0,"href":"https:\/\/trc.pt\/2020\/wp-json\/wp\/v2\/posts\/26797\/revisions"}],"wp:attachment":[{"href":"https:\/\/trc.pt\/2020\/wp-json\/wp\/v2\/media?parent=26797"}],"wp:term":[{"taxonomy":"category","embeddable":true,"href":"https:\/\/trc.pt\/2020\/wp-json\/wp\/v2\/categories?post=26797"},{"taxonomy":"post_tag","embeddable":true,"href":"https:\/\/trc.pt\/2020\/wp-json\/wp\/v2\/tags?post=26797"}],"curies":[{"name":"wp","href":"https:\/\/api.w.org\/{rel}","templated":true}]}}