{"id":26559,"date":"2004-05-31T19:00:00","date_gmt":"2004-05-31T19:00:00","guid":{"rendered":"https:\/\/trc.pt\/\/2004\/05\/31\/movimento-judicial-ordinario-julho-2008-sp-10592\/"},"modified":"2004-05-31T19:00:00","modified_gmt":"2004-05-31T19:00:00","slug":"movimento-judicial-ordinario-julho-2008-sp-10592","status":"publish","type":"post","link":"https:\/\/trc.pt\/2020\/movimento-judicial-ordinario-julho-2008-sp-10592\/","title":{"rendered":"Compet\u00eancia internacional dos tribunais portugueses"},"content":{"rendered":"<div class=\"pvc_clear\"><\/div>\n<p id=\"pvc_stats_26559\" class=\"pvc_stats all  \" data-element-id=\"26559\" style=\"\"><i class=\"pvc-stats-icon small\" aria-hidden=\"true\"><svg aria-hidden=\"true\" focusable=\"false\" data-prefix=\"far\" data-icon=\"chart-bar\" role=\"img\" xmlns=\"http:\/\/www.w3.org\/2000\/svg\" viewBox=\"0 0 512 512\" class=\"svg-inline--fa fa-chart-bar fa-w-16 fa-2x\"><path fill=\"currentColor\" d=\"M396.8 352h22.4c6.4 0 12.8-6.4 12.8-12.8V108.8c0-6.4-6.4-12.8-12.8-12.8h-22.4c-6.4 0-12.8 6.4-12.8 12.8v230.4c0 6.4 6.4 12.8 12.8 12.8zm-192 0h22.4c6.4 0 12.8-6.4 12.8-12.8V140.8c0-6.4-6.4-12.8-12.8-12.8h-22.4c-6.4 0-12.8 6.4-12.8 12.8v198.4c0 6.4 6.4 12.8 12.8 12.8zm96 0h22.4c6.4 0 12.8-6.4 12.8-12.8V204.8c0-6.4-6.4-12.8-12.8-12.8h-22.4c-6.4 0-12.8 6.4-12.8 12.8v134.4c0 6.4 6.4 12.8 12.8 12.8zM496 400H48V80c0-8.84-7.16-16-16-16H16C7.16 64 0 71.16 0 80v336c0 17.67 14.33 32 32 32h464c8.84 0 16-7.16 16-16v-16c0-8.84-7.16-16-16-16zm-387.2-48h22.4c6.4 0 12.8-6.4 12.8-12.8v-70.4c0-6.4-6.4-12.8-12.8-12.8h-22.4c-6.4 0-12.8 6.4-12.8 12.8v70.4c0 6.4 6.4 12.8 12.8 12.8z\" class=\"\"><\/path><\/svg><\/i> <img src=\"https:\/\/trc.pt\/2020\/wp-content\/plugins\/page-views-count\/ajax-loader.gif\" border=0 \/><\/p>\n<div class=\"pvc_clear\"><\/div>\n<p align=\"justify\"> <strong>COMPET\u00caNCIA INTERNACIONAL DOS TRIBUNAIS PORTUGUESES <br \/> AGRAVO N\u00ba<\/strong> 1481\/04 <br \/> <strong>Relator<\/strong>: DR. JAIME FERREIRA <br \/> <strong>Data do Acord\u00e3o<\/strong>: 01-06-2004 <br \/> <strong>Tribunal<\/strong>: \u00c1GUEDA <br \/> <strong>Legisla\u00e7\u00e3o<\/strong>: ART\u00baS 65\u00ba, N\u00ba 1, AL. C) ; 101\u00ba E 102\u00ba, N\u00ba 1, TODOS DO CPC ; ART\u00baS 5\u00ba, 9\u00ba E 20\u00ba DA CONVEN\u00c7\u00c3O DE BRUXELAS . ART\u00baS 9\u00ba E 10\u00ba DA CONVEN\u00c7\u00c3O DE LUGANO . REGULAMENTO (CE) N\u00ba 44\/2001, DE 22\/12\/2000 <br \/> <strong>Sum\u00e1rio<\/strong>:  <\/p>\n<ol>\n<li>\n<div align=\"justify\"> \tA incompet\u00eancia internacional dos tribunais portugueses ( absoluta ) \u00e9 de conhecimento oficioso, em qualquer estado do processo, enquanto n\u00e3o houver senten\u00e7a transitada em julgado, mormente se o demandado n\u00e3o carecer, apesar de regularmente citado. \t<\/div>\n<\/li>\n<li>\n<div align=\"justify\"> \tEm ac\u00e7\u00f5es relativas a responsabilidade extracontratual , com seguro de responsabilidade civil em vigor, \u00e9 internacionalmente competente o foro do segurador e \/ ou segurado ( do domic\u00edlio do requerido ) e\/ou o foro do lugar onde o facto danoso ocorreu , entendo-se este como o ligar do evento do qual resultaram os danos ou o lugar do sinistro causador de danos ao lesado. \t<\/div>\n<\/li>\n<li>\n<div align=\"justify\"> \tPara apreciar e julgar um acidente com um ve\u00edculo autom\u00f3vel ocorrido em Andorra , em que o sinistrado \u00e9 portugu\u00eas, o segurado e a sua seguradora t\u00eam domic\u00edlio em Fran\u00e7a, tendo-se verificado danos para aquele em Portugal, devem declarar-se os tribunais portugueses incompetentes em raz\u00e3o da nacionalidade. \t<\/div>\n<\/li>\n<li>\n<div align=\"justify\"> \tA compet\u00eancia internacional designa a frac\u00e7\u00e3o do poder jurisdicional atribu\u00edda aos tribunais de um Estado no seu conjunto e face aos tribunais estrangeiros, para o julgamento de ac\u00e7\u00f5es que tenham algum elemento de conex\u00e3o entre a ordem jur\u00eddica nacional e uma ou mais ordens jur\u00eddicas estrangeiras a esse Estado.  \t<\/div>\n<\/li>\n<\/ol>\n<p align=\"justify\"> \t<a href=\"http:\/\/www.dgsi.pt\/jtrc.nsf\/c3fb530030ea1c61802568d9005cd5bb\/30578e7751f1292a80256eac00497325?OpenDocument\" target=\"\u02cdblank\" rel=\"noopener noreferrer\">Consultar texto integral<\/a> \t<\/p>\n","protected":false},"excerpt":{"rendered":"<div class=\"pvc_clear\"><\/div>\n<p id=\"pvc_stats_26559\" class=\"pvc_stats all  \" data-element-id=\"26559\" style=\"\"><i class=\"pvc-stats-icon small\" aria-hidden=\"true\"><svg aria-hidden=\"true\" focusable=\"false\" data-prefix=\"far\" data-icon=\"chart-bar\" role=\"img\" xmlns=\"http:\/\/www.w3.org\/2000\/svg\" viewBox=\"0 0 512 512\" class=\"svg-inline--fa fa-chart-bar fa-w-16 fa-2x\"><path fill=\"currentColor\" d=\"M396.8 352h22.4c6.4 0 12.8-6.4 12.8-12.8V108.8c0-6.4-6.4-12.8-12.8-12.8h-22.4c-6.4 0-12.8 6.4-12.8 12.8v230.4c0 6.4 6.4 12.8 12.8 12.8zm-192 0h22.4c6.4 0 12.8-6.4 12.8-12.8V140.8c0-6.4-6.4-12.8-12.8-12.8h-22.4c-6.4 0-12.8 6.4-12.8 12.8v198.4c0 6.4 6.4 12.8 12.8 12.8zm96 0h22.4c6.4 0 12.8-6.4 12.8-12.8V204.8c0-6.4-6.4-12.8-12.8-12.8h-22.4c-6.4 0-12.8 6.4-12.8 12.8v134.4c0 6.4 6.4 12.8 12.8 12.8zM496 400H48V80c0-8.84-7.16-16-16-16H16C7.16 64 0 71.16 0 80v336c0 17.67 14.33 32 32 32h464c8.84 0 16-7.16 16-16v-16c0-8.84-7.16-16-16-16zm-387.2-48h22.4c6.4 0 12.8-6.4 12.8-12.8v-70.4c0-6.4-6.4-12.8-12.8-12.8h-22.4c-6.4 0-12.8 6.4-12.8 12.8v70.4c0 6.4 6.4 12.8 12.8 12.8z\" class=\"\"><\/path><\/svg><\/i> <img src=\"https:\/\/trc.pt\/2020\/wp-content\/plugins\/page-views-count\/ajax-loader.gif\" border=0 \/><\/p>\n<div class=\"pvc_clear\"><\/div>\n<p>COMPET\u00caNCIA INTERNACIONAL DOS TRIBUNAIS PORTUGUESES AGRAVO N\u00ba 1481\/04 Relator: DR. JAIME FERREIRA Data do Acord\u00e3o: 01-06-2004 Tribunal: \u00c1GUEDA Legisla\u00e7\u00e3o: ART\u00baS<\/p>\n","protected":false},"author":1,"featured_media":0,"comment_status":"open","ping_status":"open","sticky":false,"template":"","format":"standard","meta":[],"categories":[230],"tags":[],"_links":{"self":[{"href":"https:\/\/trc.pt\/2020\/wp-json\/wp\/v2\/posts\/26559"}],"collection":[{"href":"https:\/\/trc.pt\/2020\/wp-json\/wp\/v2\/posts"}],"about":[{"href":"https:\/\/trc.pt\/2020\/wp-json\/wp\/v2\/types\/post"}],"author":[{"embeddable":true,"href":"https:\/\/trc.pt\/2020\/wp-json\/wp\/v2\/users\/1"}],"replies":[{"embeddable":true,"href":"https:\/\/trc.pt\/2020\/wp-json\/wp\/v2\/comments?post=26559"}],"version-history":[{"count":0,"href":"https:\/\/trc.pt\/2020\/wp-json\/wp\/v2\/posts\/26559\/revisions"}],"wp:attachment":[{"href":"https:\/\/trc.pt\/2020\/wp-json\/wp\/v2\/media?parent=26559"}],"wp:term":[{"taxonomy":"category","embeddable":true,"href":"https:\/\/trc.pt\/2020\/wp-json\/wp\/v2\/categories?post=26559"},{"taxonomy":"post_tag","embeddable":true,"href":"https:\/\/trc.pt\/2020\/wp-json\/wp\/v2\/tags?post=26559"}],"curies":[{"name":"wp","href":"https:\/\/api.w.org\/{rel}","templated":true}]}}