{"id":26458,"date":"2012-02-27T14:21:43","date_gmt":"2012-02-27T14:21:43","guid":{"rendered":"https:\/\/trc.pt\/\/2012\/02\/27\/ap1530114tbpbl-bc1\/"},"modified":"2012-02-27T14:21:43","modified_gmt":"2012-02-27T14:21:43","slug":"ap1530114tbpbl-bc1","status":"publish","type":"post","link":"https:\/\/trc.pt\/2020\/ap1530114tbpbl-bc1\/","title":{"rendered":"Arresto. Bens comuns do casal. Justo receio"},"content":{"rendered":"<div class=\"pvc_clear\"><\/div>\n<p id=\"pvc_stats_26458\" class=\"pvc_stats all  \" data-element-id=\"26458\" style=\"\"><i class=\"pvc-stats-icon small\" aria-hidden=\"true\"><svg aria-hidden=\"true\" focusable=\"false\" data-prefix=\"far\" data-icon=\"chart-bar\" role=\"img\" xmlns=\"http:\/\/www.w3.org\/2000\/svg\" viewBox=\"0 0 512 512\" class=\"svg-inline--fa fa-chart-bar fa-w-16 fa-2x\"><path fill=\"currentColor\" d=\"M396.8 352h22.4c6.4 0 12.8-6.4 12.8-12.8V108.8c0-6.4-6.4-12.8-12.8-12.8h-22.4c-6.4 0-12.8 6.4-12.8 12.8v230.4c0 6.4 6.4 12.8 12.8 12.8zm-192 0h22.4c6.4 0 12.8-6.4 12.8-12.8V140.8c0-6.4-6.4-12.8-12.8-12.8h-22.4c-6.4 0-12.8 6.4-12.8 12.8v198.4c0 6.4 6.4 12.8 12.8 12.8zm96 0h22.4c6.4 0 12.8-6.4 12.8-12.8V204.8c0-6.4-6.4-12.8-12.8-12.8h-22.4c-6.4 0-12.8 6.4-12.8 12.8v134.4c0 6.4 6.4 12.8 12.8 12.8zM496 400H48V80c0-8.84-7.16-16-16-16H16C7.16 64 0 71.16 0 80v336c0 17.67 14.33 32 32 32h464c8.84 0 16-7.16 16-16v-16c0-8.84-7.16-16-16-16zm-387.2-48h22.4c6.4 0 12.8-6.4 12.8-12.8v-70.4c0-6.4-6.4-12.8-12.8-12.8h-22.4c-6.4 0-12.8 6.4-12.8 12.8v70.4c0 6.4 6.4 12.8 12.8 12.8z\" class=\"\"><\/path><\/svg><\/i> <img src=\"https:\/\/trc.pt\/2020\/wp-content\/plugins\/page-views-count\/ajax-loader.gif\" border=0 \/><\/p>\n<div class=\"pvc_clear\"><\/div>\n<p style=\"text-align: justify\"><strong>ARRESTO. BENS COMUNS DO CASAL. JUSTO RECEIO&nbsp;<br \/> APELA\u00c7\u00c3O N&ordm; <\/strong>1530\/11.4TBPBL-B.C1 <br \/> <strong>Relator: <\/strong>CARLOS GIL&nbsp;<br \/> <strong>Data do Acord\u00e3o:<\/strong> 31-01-2012 <br \/> <strong>Tribunal: <\/strong>POMBAL 2&ordm; J&nbsp;<br \/> <strong>Legisla\u00e7\u00e3o: <\/strong>ARTS.406, 407, 825 CPC, 601, 619, 1691 CC, 15 C COMERCIAL <br \/> <strong>Sum\u00e1rio:<\/strong><\/p>\n<ol>\n<li style=\"text-align: justify\">O artigo 825&ordm;, n&ordm; 1, do C\u00f3digo de Processo Civil \u00e9 aplic\u00e1vel ao arresto por for\u00e7a do disposto no artigo 406&ordm;, n&ordm; 2, do C\u00f3digo de Processo Civil.<\/li>\n<li style=\"text-align: justify\">A aplicabilidade do artigo 825&ordm;, n&ordm; 1, do C\u00f3digo de Processo Civil ao arresto n\u00e3o significa que este deva ser intentado contra o c\u00f4njuge do devedor sujeito ao arresto, mas apenas que este \u00faltimo deve ser citado no \u00e2mbito do procedimento do arresto, nos termos e para os efeitos previstos no n&ordm; 1, do artigo 825&ordm; do C\u00f3digo de Processo Civil.<\/li>\n<li style=\"text-align: justify\">A co-responsabiliza\u00e7\u00e3o do c\u00f4njuge do devedor por d\u00edvidas alegadamente contra\u00eddas no exerc\u00edcio do com\u00e9rcio pressup\u00f5e, necessariamente, a alega\u00e7\u00e3o de factos que permitam qualificar o devedor como comerciante.<\/li>\n<li style=\"text-align: justify\">O fundado receio de perda da garantia patrimonial \u00e9 um ju\u00edzo dirigido para o futuro, necessariamente regido por crit\u00e9rios de probabilidade, pois o futuro \u00e9 sempre uma mera possibilidade de ser.\n<p>     <a target=\"_blank\" href=\"http:\/\/www.dgsi.pt\/jtrc.nsf\/8fe0e606d8f56b22802576c0005637dc\/2c5837cda61b611d802579b1003a77cb?OpenDocument\" rel=\"noopener noreferrer\">Consultar texto integral<\/a><\/li>\n<p style=\"text-align: justify\">&nbsp;<\/p>\n<\/ol>\n","protected":false},"excerpt":{"rendered":"<div class=\"pvc_clear\"><\/div>\n<p id=\"pvc_stats_26458\" class=\"pvc_stats all  \" data-element-id=\"26458\" style=\"\"><i class=\"pvc-stats-icon small\" aria-hidden=\"true\"><svg aria-hidden=\"true\" focusable=\"false\" data-prefix=\"far\" data-icon=\"chart-bar\" role=\"img\" xmlns=\"http:\/\/www.w3.org\/2000\/svg\" viewBox=\"0 0 512 512\" class=\"svg-inline--fa fa-chart-bar fa-w-16 fa-2x\"><path fill=\"currentColor\" d=\"M396.8 352h22.4c6.4 0 12.8-6.4 12.8-12.8V108.8c0-6.4-6.4-12.8-12.8-12.8h-22.4c-6.4 0-12.8 6.4-12.8 12.8v230.4c0 6.4 6.4 12.8 12.8 12.8zm-192 0h22.4c6.4 0 12.8-6.4 12.8-12.8V140.8c0-6.4-6.4-12.8-12.8-12.8h-22.4c-6.4 0-12.8 6.4-12.8 12.8v198.4c0 6.4 6.4 12.8 12.8 12.8zm96 0h22.4c6.4 0 12.8-6.4 12.8-12.8V204.8c0-6.4-6.4-12.8-12.8-12.8h-22.4c-6.4 0-12.8 6.4-12.8 12.8v134.4c0 6.4 6.4 12.8 12.8 12.8zM496 400H48V80c0-8.84-7.16-16-16-16H16C7.16 64 0 71.16 0 80v336c0 17.67 14.33 32 32 32h464c8.84 0 16-7.16 16-16v-16c0-8.84-7.16-16-16-16zm-387.2-48h22.4c6.4 0 12.8-6.4 12.8-12.8v-70.4c0-6.4-6.4-12.8-12.8-12.8h-22.4c-6.4 0-12.8 6.4-12.8 12.8v70.4c0 6.4 6.4 12.8 12.8 12.8z\" class=\"\"><\/path><\/svg><\/i> <img src=\"https:\/\/trc.pt\/2020\/wp-content\/plugins\/page-views-count\/ajax-loader.gif\" border=0 \/><\/p>\n<div class=\"pvc_clear\"><\/div>\n<p>ARRESTO. BENS COMUNS DO CASAL. JUSTO RECEIO&nbsp; APELA\u00c7\u00c3O N&ordm; 1530\/11.4TBPBL-B.C1 Relator: CARLOS GIL&nbsp; Data do Acord\u00e3o: 31-01-2012 Tribunal: POMBAL 2&ordm;<\/p>\n","protected":false},"author":1,"featured_media":0,"comment_status":"open","ping_status":"open","sticky":false,"template":"","format":"standard","meta":[],"categories":[230],"tags":[],"_links":{"self":[{"href":"https:\/\/trc.pt\/2020\/wp-json\/wp\/v2\/posts\/26458"}],"collection":[{"href":"https:\/\/trc.pt\/2020\/wp-json\/wp\/v2\/posts"}],"about":[{"href":"https:\/\/trc.pt\/2020\/wp-json\/wp\/v2\/types\/post"}],"author":[{"embeddable":true,"href":"https:\/\/trc.pt\/2020\/wp-json\/wp\/v2\/users\/1"}],"replies":[{"embeddable":true,"href":"https:\/\/trc.pt\/2020\/wp-json\/wp\/v2\/comments?post=26458"}],"version-history":[{"count":0,"href":"https:\/\/trc.pt\/2020\/wp-json\/wp\/v2\/posts\/26458\/revisions"}],"wp:attachment":[{"href":"https:\/\/trc.pt\/2020\/wp-json\/wp\/v2\/media?parent=26458"}],"wp:term":[{"taxonomy":"category","embeddable":true,"href":"https:\/\/trc.pt\/2020\/wp-json\/wp\/v2\/categories?post=26458"},{"taxonomy":"post_tag","embeddable":true,"href":"https:\/\/trc.pt\/2020\/wp-json\/wp\/v2\/tags?post=26458"}],"curies":[{"name":"wp","href":"https:\/\/api.w.org\/{rel}","templated":true}]}}