{"id":26246,"date":"2012-02-17T12:00:24","date_gmt":"2012-02-17T12:00:24","guid":{"rendered":"https:\/\/trc.pt\/\/2012\/02\/17\/ap912055tbtmr-c1\/"},"modified":"2012-02-17T12:00:24","modified_gmt":"2012-02-17T12:00:24","slug":"ap912055tbtmr-c1","status":"publish","type":"post","link":"https:\/\/trc.pt\/2020\/ap912055tbtmr-c1\/","title":{"rendered":"Responsabilidade extracontratual. Contrato de transporte. Comiss\u00e3o"},"content":{"rendered":"<div class=\"pvc_clear\"><\/div>\n<p id=\"pvc_stats_26246\" class=\"pvc_stats all  \" data-element-id=\"26246\" style=\"\"><i class=\"pvc-stats-icon small\" aria-hidden=\"true\"><svg aria-hidden=\"true\" focusable=\"false\" data-prefix=\"far\" data-icon=\"chart-bar\" role=\"img\" xmlns=\"http:\/\/www.w3.org\/2000\/svg\" viewBox=\"0 0 512 512\" class=\"svg-inline--fa fa-chart-bar fa-w-16 fa-2x\"><path fill=\"currentColor\" d=\"M396.8 352h22.4c6.4 0 12.8-6.4 12.8-12.8V108.8c0-6.4-6.4-12.8-12.8-12.8h-22.4c-6.4 0-12.8 6.4-12.8 12.8v230.4c0 6.4 6.4 12.8 12.8 12.8zm-192 0h22.4c6.4 0 12.8-6.4 12.8-12.8V140.8c0-6.4-6.4-12.8-12.8-12.8h-22.4c-6.4 0-12.8 6.4-12.8 12.8v198.4c0 6.4 6.4 12.8 12.8 12.8zm96 0h22.4c6.4 0 12.8-6.4 12.8-12.8V204.8c0-6.4-6.4-12.8-12.8-12.8h-22.4c-6.4 0-12.8 6.4-12.8 12.8v134.4c0 6.4 6.4 12.8 12.8 12.8zM496 400H48V80c0-8.84-7.16-16-16-16H16C7.16 64 0 71.16 0 80v336c0 17.67 14.33 32 32 32h464c8.84 0 16-7.16 16-16v-16c0-8.84-7.16-16-16-16zm-387.2-48h22.4c6.4 0 12.8-6.4 12.8-12.8v-70.4c0-6.4-6.4-12.8-12.8-12.8h-22.4c-6.4 0-12.8 6.4-12.8 12.8v70.4c0 6.4 6.4 12.8 12.8 12.8z\" class=\"\"><\/path><\/svg><\/i> <img src=\"https:\/\/trc.pt\/2020\/wp-content\/plugins\/page-views-count\/ajax-loader.gif\" border=0 \/><\/p>\n<div class=\"pvc_clear\"><\/div>\n<p style=\"text-align: justify\"><strong>RESPONSABILIDADE EXTRACONTRATUAL. CONTRATO DE TRANSPORTE. COMISS\u00c3O<\/strong><\/p>\n<p style=\"text-align: justify\"><strong>APELA\u00c7\u00c3O N&ordm; <\/strong>912\/05.5TBTMR-C1 <br \/> <strong>Relator: <\/strong>ANT\u00d3NIO BE\u00c7A PEREIRA&nbsp;<br \/> <strong>Data do Acord\u00e3o:<\/strong> 24-01-2012 <br \/> <strong>Tribunal: <\/strong>TOMAR 1&ordm; J&nbsp;<br \/> <strong>Legisla\u00e7\u00e3o: <\/strong>ART. 500&ordm; DO CC <br \/> <strong>Sum\u00e1rio: <\/strong><\/p>\n<ol>\n<li style=\"text-align: justify\">A rela\u00e7\u00e3o de comiss\u00e3o caracteriza-se pela actividade levada a cabo por uma pessoa (o comiss\u00e1rio) por conta, direc\u00e7\u00e3o e interesse de outra (o comitente). E, em virtude do primeiro dar ordens ou indica\u00e7\u00f5es ao segundo e deste agir nesse contexto e no interesse daquele, justifica-se que o comitente responda pela conduta do comiss\u00e1rio.<\/li>\n<li style=\"text-align: justify\">Tendo o r\u00e9u assumido a obriga\u00e7\u00e3o de transportar para a r\u00e9 um conjunto de sapatos, que devia ser levado desde um armaz\u00e9m na P\u00f3voa de Santa Iria at\u00e9 um estabelecimento em Tomar, sem que esta tenha de alguma forma determinado o modo como a opera\u00e7\u00e3o de transporte se processaria, desde o carregamento do ve\u00edculo at\u00e9 \u00e0 descarga da mercadoria no destino, nomeadamente indicando o itiner\u00e1rio a seguir, a viatura a utilizar ou o n\u00famero de pessoas para executar as diversas tarefas que o transporte implicava, n\u00e3o existe entre eles uma rela\u00e7\u00e3o de comiss\u00e3o; estamos, sim, na presen\u00e7a de um contrato de transporte celebrado entre o r\u00e9u e a r\u00e9.\n<p>     <a target=\"_blank\" href=\"http:\/\/www.dgsi.pt\/jtrc.nsf\/8fe0e606d8f56b22802576c0005637dc\/4d571e6dc5067538802579a7003d29ea?OpenDocument\" rel=\"noopener noreferrer\">Consultar texto integral<\/a><\/li>\n<p style=\"text-align: justify\">&nbsp;<\/p>\n<\/ol>\n","protected":false},"excerpt":{"rendered":"<div class=\"pvc_clear\"><\/div>\n<p id=\"pvc_stats_26246\" class=\"pvc_stats all  \" data-element-id=\"26246\" style=\"\"><i class=\"pvc-stats-icon small\" aria-hidden=\"true\"><svg aria-hidden=\"true\" focusable=\"false\" data-prefix=\"far\" data-icon=\"chart-bar\" role=\"img\" xmlns=\"http:\/\/www.w3.org\/2000\/svg\" viewBox=\"0 0 512 512\" class=\"svg-inline--fa fa-chart-bar fa-w-16 fa-2x\"><path fill=\"currentColor\" d=\"M396.8 352h22.4c6.4 0 12.8-6.4 12.8-12.8V108.8c0-6.4-6.4-12.8-12.8-12.8h-22.4c-6.4 0-12.8 6.4-12.8 12.8v230.4c0 6.4 6.4 12.8 12.8 12.8zm-192 0h22.4c6.4 0 12.8-6.4 12.8-12.8V140.8c0-6.4-6.4-12.8-12.8-12.8h-22.4c-6.4 0-12.8 6.4-12.8 12.8v198.4c0 6.4 6.4 12.8 12.8 12.8zm96 0h22.4c6.4 0 12.8-6.4 12.8-12.8V204.8c0-6.4-6.4-12.8-12.8-12.8h-22.4c-6.4 0-12.8 6.4-12.8 12.8v134.4c0 6.4 6.4 12.8 12.8 12.8zM496 400H48V80c0-8.84-7.16-16-16-16H16C7.16 64 0 71.16 0 80v336c0 17.67 14.33 32 32 32h464c8.84 0 16-7.16 16-16v-16c0-8.84-7.16-16-16-16zm-387.2-48h22.4c6.4 0 12.8-6.4 12.8-12.8v-70.4c0-6.4-6.4-12.8-12.8-12.8h-22.4c-6.4 0-12.8 6.4-12.8 12.8v70.4c0 6.4 6.4 12.8 12.8 12.8z\" class=\"\"><\/path><\/svg><\/i> <img src=\"https:\/\/trc.pt\/2020\/wp-content\/plugins\/page-views-count\/ajax-loader.gif\" border=0 \/><\/p>\n<div class=\"pvc_clear\"><\/div>\n<p>RESPONSABILIDADE EXTRACONTRATUAL. CONTRATO DE TRANSPORTE. COMISS\u00c3O APELA\u00c7\u00c3O N&ordm; 912\/05.5TBTMR-C1 Relator: ANT\u00d3NIO BE\u00c7A PEREIRA&nbsp; Data do Acord\u00e3o: 24-01-2012 Tribunal: TOMAR 1&ordm;<\/p>\n","protected":false},"author":1,"featured_media":0,"comment_status":"open","ping_status":"open","sticky":false,"template":"","format":"standard","meta":[],"categories":[229],"tags":[],"_links":{"self":[{"href":"https:\/\/trc.pt\/2020\/wp-json\/wp\/v2\/posts\/26246"}],"collection":[{"href":"https:\/\/trc.pt\/2020\/wp-json\/wp\/v2\/posts"}],"about":[{"href":"https:\/\/trc.pt\/2020\/wp-json\/wp\/v2\/types\/post"}],"author":[{"embeddable":true,"href":"https:\/\/trc.pt\/2020\/wp-json\/wp\/v2\/users\/1"}],"replies":[{"embeddable":true,"href":"https:\/\/trc.pt\/2020\/wp-json\/wp\/v2\/comments?post=26246"}],"version-history":[{"count":0,"href":"https:\/\/trc.pt\/2020\/wp-json\/wp\/v2\/posts\/26246\/revisions"}],"wp:attachment":[{"href":"https:\/\/trc.pt\/2020\/wp-json\/wp\/v2\/media?parent=26246"}],"wp:term":[{"taxonomy":"category","embeddable":true,"href":"https:\/\/trc.pt\/2020\/wp-json\/wp\/v2\/categories?post=26246"},{"taxonomy":"post_tag","embeddable":true,"href":"https:\/\/trc.pt\/2020\/wp-json\/wp\/v2\/tags?post=26246"}],"curies":[{"name":"wp","href":"https:\/\/api.w.org\/{rel}","templated":true}]}}