{"id":26230,"date":"2009-12-03T00:00:00","date_gmt":"2009-12-03T00:00:00","guid":{"rendered":"https:\/\/trc.pt\/\/2009\/12\/03\/ap57099t2andc1\/"},"modified":"2009-12-03T00:00:00","modified_gmt":"2009-12-03T00:00:00","slug":"ap57099t2andc1","status":"publish","type":"post","link":"https:\/\/trc.pt\/2020\/ap57099t2andc1\/","title":{"rendered":"Responsabilidade civil. Pressupostos. Indemniza\u00e7\u00e3o"},"content":{"rendered":"<div class=\"pvc_clear\"><\/div>\n<p id=\"pvc_stats_26230\" class=\"pvc_stats all  \" data-element-id=\"26230\" style=\"\"><i class=\"pvc-stats-icon small\" aria-hidden=\"true\"><svg aria-hidden=\"true\" focusable=\"false\" data-prefix=\"far\" data-icon=\"chart-bar\" role=\"img\" xmlns=\"http:\/\/www.w3.org\/2000\/svg\" viewBox=\"0 0 512 512\" class=\"svg-inline--fa fa-chart-bar fa-w-16 fa-2x\"><path fill=\"currentColor\" d=\"M396.8 352h22.4c6.4 0 12.8-6.4 12.8-12.8V108.8c0-6.4-6.4-12.8-12.8-12.8h-22.4c-6.4 0-12.8 6.4-12.8 12.8v230.4c0 6.4 6.4 12.8 12.8 12.8zm-192 0h22.4c6.4 0 12.8-6.4 12.8-12.8V140.8c0-6.4-6.4-12.8-12.8-12.8h-22.4c-6.4 0-12.8 6.4-12.8 12.8v198.4c0 6.4 6.4 12.8 12.8 12.8zm96 0h22.4c6.4 0 12.8-6.4 12.8-12.8V204.8c0-6.4-6.4-12.8-12.8-12.8h-22.4c-6.4 0-12.8 6.4-12.8 12.8v134.4c0 6.4 6.4 12.8 12.8 12.8zM496 400H48V80c0-8.84-7.16-16-16-16H16C7.16 64 0 71.16 0 80v336c0 17.67 14.33 32 32 32h464c8.84 0 16-7.16 16-16v-16c0-8.84-7.16-16-16-16zm-387.2-48h22.4c6.4 0 12.8-6.4 12.8-12.8v-70.4c0-6.4-6.4-12.8-12.8-12.8h-22.4c-6.4 0-12.8 6.4-12.8 12.8v70.4c0 6.4 6.4 12.8 12.8 12.8z\" class=\"\"><\/path><\/svg><\/i> <img src=\"https:\/\/trc.pt\/2020\/wp-content\/plugins\/page-views-count\/ajax-loader.gif\" border=0 \/><\/p>\n<div class=\"pvc_clear\"><\/div>\n<p align=\"justify\"><strong>RESPONSABILIDADE CIVIL. PRESSUPOSTOS. INDEMNIZA\u00c7\u00c3O. FUNDO DE GARANTIA AUTOM\u00d3VEL<br \/> APELA\u00c7\u00c3O N&ordm;<\/strong> 57\/09.9T2AND.C1 <br \/> <strong>Relator:<\/strong> DR. T\u00c1VORA V\u00cdTOR&nbsp;<br \/> <strong>Data do Acord\u00e3o:<\/strong> 03-12-2009<br \/> <strong>Tribunal:<\/strong> COMARCA DO BAIXO VOUGA &#8211; ANADIA &#8211; JGIC &#8211; J1&nbsp;<br \/> <strong>Legisla\u00e7\u00e3o:<\/strong> ART&ordm;S 483&ordm; N&ordm; 1, 499&ordm; SS, 503&ordm; N&ordm; 1, 506&ordm; E 562&ordm;, 564&ordm; E 566&ordm; DO C\u00d3DIGO CIVIL E ARTIGOS 6&ordm;, 21&ordm; E 23&ordm; DO DECRETO-LEI N&ordm; 522\/85, DE 31\/12, DECRETO-LEI N&ordm; 18\/93, DE 23 DE JANEIRO, DECRETO-LEI N&ordm; 301\/2001, DE 23 DE NOVEMBRO <br \/> <strong>Sum\u00e1rio:<\/strong><\/p>\n<ol>\n<li>\n<div align=\"justify\">Considerando que a v\u00edtima se encontrava normalmente parada junto de um sem\u00e1foro ao volante do ciclomotor e quando foi ultrapassada por um furg\u00e3o que a precedia se constatou, acto cont\u00ednuo, que aquela ficou acidentada no ch\u00e3o com ferimentos graves e esvaindo-se sangue, at\u00e9 pelo recurso a uma presun\u00e7\u00e3o judicial ter\u00e1 de concluir-se que o acidente s\u00f3 poderia ter tido lugar entre a viatura e o veloc\u00edpede.<\/div>\n<\/li>\n<li>\n<div align=\"justify\">Mau grado n\u00e3o se tenham apurado todas as caracter\u00edsticas do furg\u00e3o de caixa aberta que interveio num acidente com o veloc\u00edpede, poderemos todavia considerar que, pela experi\u00eancia comum, tais ve\u00edculos s\u00e3o no m\u00ednimo ligeiros de grande porte; nesta conformidade \u00e9 razo\u00e1vel fixar em &frac34; e &frac14; a propor\u00e7\u00e3o de risco com que respectivamente o furg\u00e3o e o veloc\u00edpede concorreram para a produ\u00e7\u00e3o do sinistro.<\/div>\n<\/li>\n<li>\n<div align=\"justify\">N\u00e3o tendo sido apurados elementos de identifica\u00e7\u00e3o do furg\u00e3o e respectivo condutor, que n\u00e3o parou depois do acidente, abandonando o local, \u00e9 o Fundo de Garantia respons\u00e1vel pela indemniza\u00e7\u00e3o \u00e0 v\u00edtima a qual se processa tendo em linha de conta al\u00e9m do mais os limites estabelecidos para o seguro obrigat\u00f3rio que ma altura do acidente eram os estabelecidos no artigo 6&ordm; n&ordm; 1 do DL 522\/85 de 31 de Dezembro na redac\u00e7\u00e3o que lhe foi conferida pelo Decreto-Lei n&ordm; 3\/96, de 25 de Janeiro.<\/div>\n<\/li>\n<\/ol>\n<p align=\"justify\"><a target=\"\u02cdblank\" href=\"http:\/\/www.dgsi.pt\/jtrc.nsf\/c3fb530030ea1c61802568d9005cd5bb\/23389eef3da17d6d802576aa003c62db?OpenDocument\" rel=\"noopener noreferrer\">Consultar texto integral<\/a><\/p>\n","protected":false},"excerpt":{"rendered":"<div class=\"pvc_clear\"><\/div>\n<p id=\"pvc_stats_26230\" class=\"pvc_stats all  \" data-element-id=\"26230\" style=\"\"><i class=\"pvc-stats-icon small\" aria-hidden=\"true\"><svg aria-hidden=\"true\" focusable=\"false\" data-prefix=\"far\" data-icon=\"chart-bar\" role=\"img\" xmlns=\"http:\/\/www.w3.org\/2000\/svg\" viewBox=\"0 0 512 512\" class=\"svg-inline--fa fa-chart-bar fa-w-16 fa-2x\"><path fill=\"currentColor\" d=\"M396.8 352h22.4c6.4 0 12.8-6.4 12.8-12.8V108.8c0-6.4-6.4-12.8-12.8-12.8h-22.4c-6.4 0-12.8 6.4-12.8 12.8v230.4c0 6.4 6.4 12.8 12.8 12.8zm-192 0h22.4c6.4 0 12.8-6.4 12.8-12.8V140.8c0-6.4-6.4-12.8-12.8-12.8h-22.4c-6.4 0-12.8 6.4-12.8 12.8v198.4c0 6.4 6.4 12.8 12.8 12.8zm96 0h22.4c6.4 0 12.8-6.4 12.8-12.8V204.8c0-6.4-6.4-12.8-12.8-12.8h-22.4c-6.4 0-12.8 6.4-12.8 12.8v134.4c0 6.4 6.4 12.8 12.8 12.8zM496 400H48V80c0-8.84-7.16-16-16-16H16C7.16 64 0 71.16 0 80v336c0 17.67 14.33 32 32 32h464c8.84 0 16-7.16 16-16v-16c0-8.84-7.16-16-16-16zm-387.2-48h22.4c6.4 0 12.8-6.4 12.8-12.8v-70.4c0-6.4-6.4-12.8-12.8-12.8h-22.4c-6.4 0-12.8 6.4-12.8 12.8v70.4c0 6.4 6.4 12.8 12.8 12.8z\" class=\"\"><\/path><\/svg><\/i> <img src=\"https:\/\/trc.pt\/2020\/wp-content\/plugins\/page-views-count\/ajax-loader.gif\" border=0 \/><\/p>\n<div class=\"pvc_clear\"><\/div>\n<p>RESPONSABILIDADE CIVIL. PRESSUPOSTOS. INDEMNIZA\u00c7\u00c3O. FUNDO DE GARANTIA AUTOM\u00d3VEL APELA\u00c7\u00c3O N&ordm; 57\/09.9T2AND.C1 Relator: DR. T\u00c1VORA V\u00cdTOR&nbsp; Data do Acord\u00e3o: 03-12-2009 Tribunal:<\/p>\n","protected":false},"author":1,"featured_media":0,"comment_status":"open","ping_status":"open","sticky":false,"template":"","format":"standard","meta":[],"categories":[229],"tags":[],"_links":{"self":[{"href":"https:\/\/trc.pt\/2020\/wp-json\/wp\/v2\/posts\/26230"}],"collection":[{"href":"https:\/\/trc.pt\/2020\/wp-json\/wp\/v2\/posts"}],"about":[{"href":"https:\/\/trc.pt\/2020\/wp-json\/wp\/v2\/types\/post"}],"author":[{"embeddable":true,"href":"https:\/\/trc.pt\/2020\/wp-json\/wp\/v2\/users\/1"}],"replies":[{"embeddable":true,"href":"https:\/\/trc.pt\/2020\/wp-json\/wp\/v2\/comments?post=26230"}],"version-history":[{"count":0,"href":"https:\/\/trc.pt\/2020\/wp-json\/wp\/v2\/posts\/26230\/revisions"}],"wp:attachment":[{"href":"https:\/\/trc.pt\/2020\/wp-json\/wp\/v2\/media?parent=26230"}],"wp:term":[{"taxonomy":"category","embeddable":true,"href":"https:\/\/trc.pt\/2020\/wp-json\/wp\/v2\/categories?post=26230"},{"taxonomy":"post_tag","embeddable":true,"href":"https:\/\/trc.pt\/2020\/wp-json\/wp\/v2\/tags?post=26230"}],"curies":[{"name":"wp","href":"https:\/\/api.w.org\/{rel}","templated":true}]}}