{"id":26166,"date":"2005-12-06T19:00:00","date_gmt":"2005-12-06T19:00:00","guid":{"rendered":"https:\/\/trc.pt\/\/2005\/12\/06\/ap277705\/"},"modified":"2005-12-06T19:00:00","modified_gmt":"2005-12-06T19:00:00","slug":"ap277705","status":"publish","type":"post","link":"https:\/\/trc.pt\/2020\/ap277705\/","title":{"rendered":"Registo predial. Terceiros"},"content":{"rendered":"<div class=\"pvc_clear\"><\/div>\n<p id=\"pvc_stats_26166\" class=\"pvc_stats all  \" data-element-id=\"26166\" style=\"\"><i class=\"pvc-stats-icon small\" aria-hidden=\"true\"><svg aria-hidden=\"true\" focusable=\"false\" data-prefix=\"far\" data-icon=\"chart-bar\" role=\"img\" xmlns=\"http:\/\/www.w3.org\/2000\/svg\" viewBox=\"0 0 512 512\" class=\"svg-inline--fa fa-chart-bar fa-w-16 fa-2x\"><path fill=\"currentColor\" d=\"M396.8 352h22.4c6.4 0 12.8-6.4 12.8-12.8V108.8c0-6.4-6.4-12.8-12.8-12.8h-22.4c-6.4 0-12.8 6.4-12.8 12.8v230.4c0 6.4 6.4 12.8 12.8 12.8zm-192 0h22.4c6.4 0 12.8-6.4 12.8-12.8V140.8c0-6.4-6.4-12.8-12.8-12.8h-22.4c-6.4 0-12.8 6.4-12.8 12.8v198.4c0 6.4 6.4 12.8 12.8 12.8zm96 0h22.4c6.4 0 12.8-6.4 12.8-12.8V204.8c0-6.4-6.4-12.8-12.8-12.8h-22.4c-6.4 0-12.8 6.4-12.8 12.8v134.4c0 6.4 6.4 12.8 12.8 12.8zM496 400H48V80c0-8.84-7.16-16-16-16H16C7.16 64 0 71.16 0 80v336c0 17.67 14.33 32 32 32h464c8.84 0 16-7.16 16-16v-16c0-8.84-7.16-16-16-16zm-387.2-48h22.4c6.4 0 12.8-6.4 12.8-12.8v-70.4c0-6.4-6.4-12.8-12.8-12.8h-22.4c-6.4 0-12.8 6.4-12.8 12.8v70.4c0 6.4 6.4 12.8 12.8 12.8z\" class=\"\"><\/path><\/svg><\/i> <img src=\"https:\/\/trc.pt\/2020\/wp-content\/plugins\/page-views-count\/ajax-loader.gif\" border=0 \/><\/p>\n<div class=\"pvc_clear\"><\/div>\n<p align=\"justify\"><strong>REGISTO PREDIAL. TERCEIROS <br \/> APELA\u00c7\u00c3O N&ordm;<\/strong> 2777\/05 <br \/> <strong>Relator:<\/strong> DR. ANT\u00d3NIO PI\u00c7ARRA <br \/> <strong>Data do Acord\u00e3o:<\/strong> 06-12-2005 <br \/> <strong>Tribunal:<\/strong> FIGUEIRA DA FOZ &#8211; 1&ordm; JUIZO<br \/> <strong>Legisla\u00e7\u00e3o:<\/strong> ART&ordm; 5&ordm;, N&ordm;S 1 E 4, DO C. REG. PREDIAL&nbsp;<br \/> <strong>Sum\u00e1rio:<\/strong><\/p>\n<ol>\n<li>\n<div align=\"justify\">O registo predial destina-se essencialmente a dar publicidade \u00e0 situa\u00e7\u00e3o jur\u00eddica dos pr\u00e9dios, tendo em vista a seguran\u00e7a do com\u00e9rcio jur\u00eddico imobili\u00e1rio, n\u00e3o tendo natureza constitutiva.<\/div>\n<\/li>\n<li>\n<div align=\"justify\">Um comprador de um im\u00f3vel em ac\u00e7\u00e3o executiva n\u00e3o \u00e9 terceiro para efeitos de registo em rela\u00e7\u00e3o a um anterior adquirente directamente do propriet\u00e1rio desse im\u00f3vel, por escritura p\u00fablica, uma vez que o direito daquele n\u00e3o prov\u00e9m de um autor comum, segundo o conceito restrito de terceiro, que nele inclui apenas os actos negociais, com exclus\u00e3o da penhora ou venda executiva.<\/div>\n<\/li>\n<li>\n<div align=\"justify\">Flui dessa concep\u00e7\u00e3o, que parece ter sido a adoptada pelo Ac. STJ n&ordm; 3\/99, uniformizador de jurisprud\u00eancia, que ocorrendo conflito entre uma aquisi\u00e7\u00e3o por compra e venda anterior e n\u00e3o levada ao registo, e uma penhora posterior registada, aquela obsta \u00e0 efic\u00e1cia desta \u00faltima e da venda executiva subsequente, prevalecendo sobre estas &ndash; a realidade substantiva sobrep\u00f5e-se \u00e0 registral.<\/div>\n<\/li>\n<li>\n<div align=\"justify\">Independentemente da adop\u00e7\u00e3o da sobredita tese, mesmo que se entendesse que o conceito de terceiro para efeitos de registo abrange a venda executiva &ndash; concep\u00e7\u00e3o ampla &ndash; ainda assim a aquisi\u00e7\u00e3o realizada em segundo lugar sempre necessita do pressuposto da boa f\u00e9 para poder usufruir da protec\u00e7\u00e3o derivada do registo, na medida em que ao comprar o pr\u00e9dio n\u00e3o pode saber que o mesmo n\u00e3o seja propriedade da entidade executada.<\/div>\n<\/li>\n<\/ol>\n<p align=\"justify\"><a target=\"\u02cdblank\" href=\"http:\/\/www.dgsi.pt\/jtrc.nsf\/c3fb530030ea1c61802568d9005cd5bb\/7edb708ad04bf939802570d8004c4e63?OpenDocument\" rel=\"noopener noreferrer\">&nbsp;Consultar texto integral<\/a><\/p>\n<p align=\"justify\">&nbsp;<\/p>\n","protected":false},"excerpt":{"rendered":"<div class=\"pvc_clear\"><\/div>\n<p id=\"pvc_stats_26166\" class=\"pvc_stats all  \" data-element-id=\"26166\" style=\"\"><i class=\"pvc-stats-icon small\" aria-hidden=\"true\"><svg aria-hidden=\"true\" focusable=\"false\" data-prefix=\"far\" data-icon=\"chart-bar\" role=\"img\" xmlns=\"http:\/\/www.w3.org\/2000\/svg\" viewBox=\"0 0 512 512\" class=\"svg-inline--fa fa-chart-bar fa-w-16 fa-2x\"><path fill=\"currentColor\" d=\"M396.8 352h22.4c6.4 0 12.8-6.4 12.8-12.8V108.8c0-6.4-6.4-12.8-12.8-12.8h-22.4c-6.4 0-12.8 6.4-12.8 12.8v230.4c0 6.4 6.4 12.8 12.8 12.8zm-192 0h22.4c6.4 0 12.8-6.4 12.8-12.8V140.8c0-6.4-6.4-12.8-12.8-12.8h-22.4c-6.4 0-12.8 6.4-12.8 12.8v198.4c0 6.4 6.4 12.8 12.8 12.8zm96 0h22.4c6.4 0 12.8-6.4 12.8-12.8V204.8c0-6.4-6.4-12.8-12.8-12.8h-22.4c-6.4 0-12.8 6.4-12.8 12.8v134.4c0 6.4 6.4 12.8 12.8 12.8zM496 400H48V80c0-8.84-7.16-16-16-16H16C7.16 64 0 71.16 0 80v336c0 17.67 14.33 32 32 32h464c8.84 0 16-7.16 16-16v-16c0-8.84-7.16-16-16-16zm-387.2-48h22.4c6.4 0 12.8-6.4 12.8-12.8v-70.4c0-6.4-6.4-12.8-12.8-12.8h-22.4c-6.4 0-12.8 6.4-12.8 12.8v70.4c0 6.4 6.4 12.8 12.8 12.8z\" class=\"\"><\/path><\/svg><\/i> <img src=\"https:\/\/trc.pt\/2020\/wp-content\/plugins\/page-views-count\/ajax-loader.gif\" border=0 \/><\/p>\n<div class=\"pvc_clear\"><\/div>\n<p>REGISTO PREDIAL. TERCEIROS APELA\u00c7\u00c3O N&ordm; 2777\/05 Relator: DR. ANT\u00d3NIO PI\u00c7ARRA Data do Acord\u00e3o: 06-12-2005 Tribunal: FIGUEIRA DA FOZ &#8211; 1&ordm;<\/p>\n","protected":false},"author":1,"featured_media":0,"comment_status":"open","ping_status":"open","sticky":false,"template":"","format":"standard","meta":[],"categories":[229],"tags":[],"_links":{"self":[{"href":"https:\/\/trc.pt\/2020\/wp-json\/wp\/v2\/posts\/26166"}],"collection":[{"href":"https:\/\/trc.pt\/2020\/wp-json\/wp\/v2\/posts"}],"about":[{"href":"https:\/\/trc.pt\/2020\/wp-json\/wp\/v2\/types\/post"}],"author":[{"embeddable":true,"href":"https:\/\/trc.pt\/2020\/wp-json\/wp\/v2\/users\/1"}],"replies":[{"embeddable":true,"href":"https:\/\/trc.pt\/2020\/wp-json\/wp\/v2\/comments?post=26166"}],"version-history":[{"count":0,"href":"https:\/\/trc.pt\/2020\/wp-json\/wp\/v2\/posts\/26166\/revisions"}],"wp:attachment":[{"href":"https:\/\/trc.pt\/2020\/wp-json\/wp\/v2\/media?parent=26166"}],"wp:term":[{"taxonomy":"category","embeddable":true,"href":"https:\/\/trc.pt\/2020\/wp-json\/wp\/v2\/categories?post=26166"},{"taxonomy":"post_tag","embeddable":true,"href":"https:\/\/trc.pt\/2020\/wp-json\/wp\/v2\/tags?post=26166"}],"curies":[{"name":"wp","href":"https:\/\/api.w.org\/{rel}","templated":true}]}}