{"id":26164,"date":"2013-04-23T13:21:26","date_gmt":"2013-04-23T13:21:26","guid":{"rendered":"https:\/\/trc.pt\/\/2013\/04\/23\/ap223117tbnlsc1\/"},"modified":"2013-04-23T13:21:26","modified_gmt":"2013-04-23T13:21:26","slug":"ap223117tbnlsc1","status":"publish","type":"post","link":"https:\/\/trc.pt\/2020\/ap223117tbnlsc1\/","title":{"rendered":"Registo predial. Registo definitivo. Aquisi\u00e7\u00e3o. Coisa comum. Cancelamento de inscri\u00e7\u00e3o"},"content":{"rendered":"<div class=\"pvc_clear\"><\/div>\n<p id=\"pvc_stats_26164\" class=\"pvc_stats all  \" data-element-id=\"26164\" style=\"\"><i class=\"pvc-stats-icon small\" aria-hidden=\"true\"><svg aria-hidden=\"true\" focusable=\"false\" data-prefix=\"far\" data-icon=\"chart-bar\" role=\"img\" xmlns=\"http:\/\/www.w3.org\/2000\/svg\" viewBox=\"0 0 512 512\" class=\"svg-inline--fa fa-chart-bar fa-w-16 fa-2x\"><path fill=\"currentColor\" d=\"M396.8 352h22.4c6.4 0 12.8-6.4 12.8-12.8V108.8c0-6.4-6.4-12.8-12.8-12.8h-22.4c-6.4 0-12.8 6.4-12.8 12.8v230.4c0 6.4 6.4 12.8 12.8 12.8zm-192 0h22.4c6.4 0 12.8-6.4 12.8-12.8V140.8c0-6.4-6.4-12.8-12.8-12.8h-22.4c-6.4 0-12.8 6.4-12.8 12.8v198.4c0 6.4 6.4 12.8 12.8 12.8zm96 0h22.4c6.4 0 12.8-6.4 12.8-12.8V204.8c0-6.4-6.4-12.8-12.8-12.8h-22.4c-6.4 0-12.8 6.4-12.8 12.8v134.4c0 6.4 6.4 12.8 12.8 12.8zM496 400H48V80c0-8.84-7.16-16-16-16H16C7.16 64 0 71.16 0 80v336c0 17.67 14.33 32 32 32h464c8.84 0 16-7.16 16-16v-16c0-8.84-7.16-16-16-16zm-387.2-48h22.4c6.4 0 12.8-6.4 12.8-12.8v-70.4c0-6.4-6.4-12.8-12.8-12.8h-22.4c-6.4 0-12.8 6.4-12.8 12.8v70.4c0 6.4 6.4 12.8 12.8 12.8z\" class=\"\"><\/path><\/svg><\/i> <img src=\"https:\/\/trc.pt\/2020\/wp-content\/plugins\/page-views-count\/ajax-loader.gif\" border=0 \/><\/p>\n<div class=\"pvc_clear\"><\/div>\n<p style=\"text-align: justify\"><strong>REGISTO PREDIAL. REGISTO DEFINITIVO. AQUISI\u00c7\u00c3O. COISA COMUM. CANCELAMENTO DE INSCRI\u00c7\u00c3O <\/strong><\/p>\n<p style=\"text-align: justify\"><strong> APELA\u00c7\u00c3O N&ordm;<\/strong> 223\/11.7TBNLS.C1 <br \/> <strong>Relator:<\/strong> ARTUR DIAS <br \/> <strong>Data do Acord\u00e3o:<\/strong> 09-04-2013 <br \/> <strong>Tribunal: <\/strong>TRIBUNAL JUDICIAL DE NELAS&nbsp;<br \/> <strong>Legisla\u00e7\u00e3o:<\/strong> ART&ordm;S 16&ordm;, AL. B) E 121&ordm;, N&ordm; 2 DO C\u00d3DIGO DE REGISTO PREDIAL <br \/> <strong>Sum\u00e1rio: <\/strong><\/p>\n<ol>\n<li style=\"text-align: justify\">O registo de aquisi\u00e7\u00e3o em comum e sem determina\u00e7\u00e3o de parte ou direito \u00e9 feito com base em documento comprovativo da habilita\u00e7\u00e3o e, tratando-se de pr\u00e9dio n\u00e3o descrito, em declara\u00e7\u00e3o que identifique os bens.<\/li>\n<li style=\"text-align: justify\">Se o registo foi requerido como se de pr\u00e9dio n\u00e3o descrito se tratasse, conduzindo \u00e0 feitura de uma inscri\u00e7\u00e3o definitiva e posteriormente, em processo de rectifica\u00e7\u00e3o, se conclui que tal n\u00e3o corresponde \u00e0 verdade e que, face \u00e1 descri\u00e7\u00e3o existente, ocorre viola\u00e7\u00e3o do princ\u00edpio do trato sucessivo, a inscri\u00e7\u00e3o foi indevidamente lavrada como definitiva, antes devendo t\u00ea-lo sido como provis\u00f3ria por d\u00favidas.<\/li>\n<li style=\"text-align: justify\">Apurando-se no processo de rectifica\u00e7\u00e3o que a requerente daquele registo (e\/ou os demais interessados) n\u00e3o estava(m) em condi\u00e7\u00f5es de remover as d\u00favidas, por inexist\u00eancia de t\u00edtulo que permitisse a feitura das indispens\u00e1veis inscri\u00e7\u00f5es interm\u00e9dias, o registo provis\u00f3rio que fosse lavrado acabaria por caducar, com a inerente inutiliza\u00e7\u00e3o da descri\u00e7\u00e3o feita na sua depend\u00eancia.<\/li>\n<li style=\"text-align: justify\">Tal inscri\u00e7\u00e3o foi, pois, lavrada com base em t\u00edtulos insuficientes para a prova legal do facto registado, justificando-se o seu cancelamento e a consequente inutiliza\u00e7\u00e3o da correlativa descri\u00e7\u00e3o.\n<p>     <a target=\"_blank\" href=\"http:\/\/www.dgsi.pt\/jtrc.nsf\/8fe0e606d8f56b22802576c0005637dc\/56d47f3935c19e2b80257b56003c5073?OpenDocument\" rel=\"noopener noreferrer\">Consultar texto integral<\/a><\/li>\n<\/ol>\n","protected":false},"excerpt":{"rendered":"<div class=\"pvc_clear\"><\/div>\n<p id=\"pvc_stats_26164\" class=\"pvc_stats all  \" data-element-id=\"26164\" style=\"\"><i class=\"pvc-stats-icon small\" aria-hidden=\"true\"><svg aria-hidden=\"true\" focusable=\"false\" data-prefix=\"far\" data-icon=\"chart-bar\" role=\"img\" xmlns=\"http:\/\/www.w3.org\/2000\/svg\" viewBox=\"0 0 512 512\" class=\"svg-inline--fa fa-chart-bar fa-w-16 fa-2x\"><path fill=\"currentColor\" d=\"M396.8 352h22.4c6.4 0 12.8-6.4 12.8-12.8V108.8c0-6.4-6.4-12.8-12.8-12.8h-22.4c-6.4 0-12.8 6.4-12.8 12.8v230.4c0 6.4 6.4 12.8 12.8 12.8zm-192 0h22.4c6.4 0 12.8-6.4 12.8-12.8V140.8c0-6.4-6.4-12.8-12.8-12.8h-22.4c-6.4 0-12.8 6.4-12.8 12.8v198.4c0 6.4 6.4 12.8 12.8 12.8zm96 0h22.4c6.4 0 12.8-6.4 12.8-12.8V204.8c0-6.4-6.4-12.8-12.8-12.8h-22.4c-6.4 0-12.8 6.4-12.8 12.8v134.4c0 6.4 6.4 12.8 12.8 12.8zM496 400H48V80c0-8.84-7.16-16-16-16H16C7.16 64 0 71.16 0 80v336c0 17.67 14.33 32 32 32h464c8.84 0 16-7.16 16-16v-16c0-8.84-7.16-16-16-16zm-387.2-48h22.4c6.4 0 12.8-6.4 12.8-12.8v-70.4c0-6.4-6.4-12.8-12.8-12.8h-22.4c-6.4 0-12.8 6.4-12.8 12.8v70.4c0 6.4 6.4 12.8 12.8 12.8z\" class=\"\"><\/path><\/svg><\/i> <img src=\"https:\/\/trc.pt\/2020\/wp-content\/plugins\/page-views-count\/ajax-loader.gif\" border=0 \/><\/p>\n<div class=\"pvc_clear\"><\/div>\n<p>REGISTO PREDIAL. REGISTO DEFINITIVO. AQUISI\u00c7\u00c3O. COISA COMUM. CANCELAMENTO DE INSCRI\u00c7\u00c3O APELA\u00c7\u00c3O N&ordm; 223\/11.7TBNLS.C1 Relator: ARTUR DIAS Data do Acord\u00e3o: 09-04-2013<\/p>\n","protected":false},"author":37,"featured_media":0,"comment_status":"open","ping_status":"open","sticky":false,"template":"","format":"standard","meta":[],"categories":[229],"tags":[],"_links":{"self":[{"href":"https:\/\/trc.pt\/2020\/wp-json\/wp\/v2\/posts\/26164"}],"collection":[{"href":"https:\/\/trc.pt\/2020\/wp-json\/wp\/v2\/posts"}],"about":[{"href":"https:\/\/trc.pt\/2020\/wp-json\/wp\/v2\/types\/post"}],"author":[{"embeddable":true,"href":"https:\/\/trc.pt\/2020\/wp-json\/wp\/v2\/users\/37"}],"replies":[{"embeddable":true,"href":"https:\/\/trc.pt\/2020\/wp-json\/wp\/v2\/comments?post=26164"}],"version-history":[{"count":0,"href":"https:\/\/trc.pt\/2020\/wp-json\/wp\/v2\/posts\/26164\/revisions"}],"wp:attachment":[{"href":"https:\/\/trc.pt\/2020\/wp-json\/wp\/v2\/media?parent=26164"}],"wp:term":[{"taxonomy":"category","embeddable":true,"href":"https:\/\/trc.pt\/2020\/wp-json\/wp\/v2\/categories?post=26164"},{"taxonomy":"post_tag","embeddable":true,"href":"https:\/\/trc.pt\/2020\/wp-json\/wp\/v2\/tags?post=26164"}],"curies":[{"name":"wp","href":"https:\/\/api.w.org\/{rel}","templated":true}]}}