{"id":26074,"date":"2012-03-07T11:10:40","date_gmt":"2012-03-07T11:10:40","guid":{"rendered":"https:\/\/trc.pt\/\/2012\/03\/07\/ap711095tbmgrc1\/"},"modified":"2012-03-07T11:10:40","modified_gmt":"2012-03-07T11:10:40","slug":"ap711095tbmgrc1","status":"publish","type":"post","link":"https:\/\/trc.pt\/2020\/ap711095tbmgrc1\/","title":{"rendered":"Presta\u00e7\u00e3o social. Morte. Seguran\u00e7a social. Uni\u00e3o de facto. Inutilidade superveniente da lide"},"content":{"rendered":"<div class=\"pvc_clear\"><\/div>\n<p id=\"pvc_stats_26074\" class=\"pvc_stats all  \" data-element-id=\"26074\" style=\"\"><i class=\"pvc-stats-icon small\" aria-hidden=\"true\"><svg aria-hidden=\"true\" focusable=\"false\" data-prefix=\"far\" data-icon=\"chart-bar\" role=\"img\" xmlns=\"http:\/\/www.w3.org\/2000\/svg\" viewBox=\"0 0 512 512\" class=\"svg-inline--fa fa-chart-bar fa-w-16 fa-2x\"><path fill=\"currentColor\" d=\"M396.8 352h22.4c6.4 0 12.8-6.4 12.8-12.8V108.8c0-6.4-6.4-12.8-12.8-12.8h-22.4c-6.4 0-12.8 6.4-12.8 12.8v230.4c0 6.4 6.4 12.8 12.8 12.8zm-192 0h22.4c6.4 0 12.8-6.4 12.8-12.8V140.8c0-6.4-6.4-12.8-12.8-12.8h-22.4c-6.4 0-12.8 6.4-12.8 12.8v198.4c0 6.4 6.4 12.8 12.8 12.8zm96 0h22.4c6.4 0 12.8-6.4 12.8-12.8V204.8c0-6.4-6.4-12.8-12.8-12.8h-22.4c-6.4 0-12.8 6.4-12.8 12.8v134.4c0 6.4 6.4 12.8 12.8 12.8zM496 400H48V80c0-8.84-7.16-16-16-16H16C7.16 64 0 71.16 0 80v336c0 17.67 14.33 32 32 32h464c8.84 0 16-7.16 16-16v-16c0-8.84-7.16-16-16-16zm-387.2-48h22.4c6.4 0 12.8-6.4 12.8-12.8v-70.4c0-6.4-6.4-12.8-12.8-12.8h-22.4c-6.4 0-12.8 6.4-12.8 12.8v70.4c0 6.4 6.4 12.8 12.8 12.8z\" class=\"\"><\/path><\/svg><\/i> <img src=\"https:\/\/trc.pt\/2020\/wp-content\/plugins\/page-views-count\/ajax-loader.gif\" border=0 \/><\/p>\n<div class=\"pvc_clear\"><\/div>\n<p style=\"text-align: justify\"><strong>PRESTA\u00c7\u00c3O SOCIAL. MORTE. SEGURAN\u00c7A SOCIAL. UNI\u00c3O DE FACTO. INUTILIDADE SUPERVENIENTE DA LIDE <br \/> APELA\u00c7\u00c3O N&ordm; <\/strong>711\/09.5TBMGR.C1 <br \/> <strong>Relator: <\/strong>ARTUR DIAS (por vencimento)<br \/> <strong>Data do Acord\u00e3o:<\/strong> 29-02-2012 <br \/> <strong>Tribunal:<\/strong> TRIBUNAL JUDICIAL DA MARINHA GRANDE &ndash; 1&ordm; JU\u00cdZO <br \/> <strong>Legisla\u00e7\u00e3o: <\/strong>ART&ordm; 12&ordm;, N&ordm; 2 DO C. CIVIL; LEI N&ordm; 23\/2010, DE 30\/08 <br \/> <strong>Sum\u00e1rio: <\/strong><\/p>\n<ol>\n<li style=\"text-align: justify\">A altera\u00e7\u00e3o dos pressupostos legais de atribui\u00e7\u00e3o ao unido de facto sobrevivo das presta\u00e7\u00f5es por morte do benefici\u00e1rio da seguran\u00e7a social unido de facto falecido n\u00e3o casado ou separado judicialmente de pessoas e bens, operada pela Lei n&ordm; 23\/2010, de 30\/08, enquadra-se na 2&ordf; parte do n&ordm; 2 do art&ordm; 12&ordm; do C\u00f3d. Civil, aplicando-se imediatamente aos processos judiciais pendentes.<\/li>\n<li style=\"text-align: justify\">Tal aplica\u00e7\u00e3o, contudo, n\u00e3o determina a extin\u00e7\u00e3o da inst\u00e2ncia, por inutilidade superveniente da lide, nesses processos.\n<p>     &nbsp;<\/li>\n<\/ol>\n<p style=\"text-align: justify\"><a target=\"_blank\" href=\"http:\/\/www.dgsi.pt\/jtrc.nsf\/8fe0e606d8f56b22802576c0005637dc\/794ec8fe6c99124a802579b9003dc300?OpenDocument\" rel=\"noopener noreferrer\">Consultar texto integral<\/a><\/p>\n","protected":false},"excerpt":{"rendered":"<div class=\"pvc_clear\"><\/div>\n<p id=\"pvc_stats_26074\" class=\"pvc_stats all  \" data-element-id=\"26074\" style=\"\"><i class=\"pvc-stats-icon small\" aria-hidden=\"true\"><svg aria-hidden=\"true\" focusable=\"false\" data-prefix=\"far\" data-icon=\"chart-bar\" role=\"img\" xmlns=\"http:\/\/www.w3.org\/2000\/svg\" viewBox=\"0 0 512 512\" class=\"svg-inline--fa fa-chart-bar fa-w-16 fa-2x\"><path fill=\"currentColor\" d=\"M396.8 352h22.4c6.4 0 12.8-6.4 12.8-12.8V108.8c0-6.4-6.4-12.8-12.8-12.8h-22.4c-6.4 0-12.8 6.4-12.8 12.8v230.4c0 6.4 6.4 12.8 12.8 12.8zm-192 0h22.4c6.4 0 12.8-6.4 12.8-12.8V140.8c0-6.4-6.4-12.8-12.8-12.8h-22.4c-6.4 0-12.8 6.4-12.8 12.8v198.4c0 6.4 6.4 12.8 12.8 12.8zm96 0h22.4c6.4 0 12.8-6.4 12.8-12.8V204.8c0-6.4-6.4-12.8-12.8-12.8h-22.4c-6.4 0-12.8 6.4-12.8 12.8v134.4c0 6.4 6.4 12.8 12.8 12.8zM496 400H48V80c0-8.84-7.16-16-16-16H16C7.16 64 0 71.16 0 80v336c0 17.67 14.33 32 32 32h464c8.84 0 16-7.16 16-16v-16c0-8.84-7.16-16-16-16zm-387.2-48h22.4c6.4 0 12.8-6.4 12.8-12.8v-70.4c0-6.4-6.4-12.8-12.8-12.8h-22.4c-6.4 0-12.8 6.4-12.8 12.8v70.4c0 6.4 6.4 12.8 12.8 12.8z\" class=\"\"><\/path><\/svg><\/i> <img src=\"https:\/\/trc.pt\/2020\/wp-content\/plugins\/page-views-count\/ajax-loader.gif\" border=0 \/><\/p>\n<div class=\"pvc_clear\"><\/div>\n<p>PRESTA\u00c7\u00c3O SOCIAL. MORTE. SEGURAN\u00c7A SOCIAL. UNI\u00c3O DE FACTO. INUTILIDADE SUPERVENIENTE DA LIDE APELA\u00c7\u00c3O N&ordm; 711\/09.5TBMGR.C1 Relator: ARTUR DIAS (por vencimento)<\/p>\n","protected":false},"author":1,"featured_media":0,"comment_status":"open","ping_status":"open","sticky":false,"template":"","format":"standard","meta":[],"categories":[229],"tags":[],"_links":{"self":[{"href":"https:\/\/trc.pt\/2020\/wp-json\/wp\/v2\/posts\/26074"}],"collection":[{"href":"https:\/\/trc.pt\/2020\/wp-json\/wp\/v2\/posts"}],"about":[{"href":"https:\/\/trc.pt\/2020\/wp-json\/wp\/v2\/types\/post"}],"author":[{"embeddable":true,"href":"https:\/\/trc.pt\/2020\/wp-json\/wp\/v2\/users\/1"}],"replies":[{"embeddable":true,"href":"https:\/\/trc.pt\/2020\/wp-json\/wp\/v2\/comments?post=26074"}],"version-history":[{"count":0,"href":"https:\/\/trc.pt\/2020\/wp-json\/wp\/v2\/posts\/26074\/revisions"}],"wp:attachment":[{"href":"https:\/\/trc.pt\/2020\/wp-json\/wp\/v2\/media?parent=26074"}],"wp:term":[{"taxonomy":"category","embeddable":true,"href":"https:\/\/trc.pt\/2020\/wp-json\/wp\/v2\/categories?post=26074"},{"taxonomy":"post_tag","embeddable":true,"href":"https:\/\/trc.pt\/2020\/wp-json\/wp\/v2\/tags?post=26074"}],"curies":[{"name":"wp","href":"https:\/\/api.w.org\/{rel}","templated":true}]}}