{"id":26059,"date":"2011-04-12T14:18:07","date_gmt":"2011-04-12T14:18:07","guid":{"rendered":"https:\/\/trc.pt\/\/2011\/04\/12\/ap1372104t2avrc1\/"},"modified":"2011-04-12T14:18:07","modified_gmt":"2011-04-12T14:18:07","slug":"ap1372104t2avrc1","status":"publish","type":"post","link":"https:\/\/trc.pt\/2020\/ap1372104t2avrc1\/","title":{"rendered":"Prescri\u00e7\u00e3o. Ac\u00e7\u00e3o de regresso. Seguradora. Prazo"},"content":{"rendered":"<div class=\"pvc_clear\"><\/div>\n<p id=\"pvc_stats_26059\" class=\"pvc_stats all  \" data-element-id=\"26059\" style=\"\"><i class=\"pvc-stats-icon small\" aria-hidden=\"true\"><svg aria-hidden=\"true\" focusable=\"false\" data-prefix=\"far\" data-icon=\"chart-bar\" role=\"img\" xmlns=\"http:\/\/www.w3.org\/2000\/svg\" viewBox=\"0 0 512 512\" class=\"svg-inline--fa fa-chart-bar fa-w-16 fa-2x\"><path fill=\"currentColor\" d=\"M396.8 352h22.4c6.4 0 12.8-6.4 12.8-12.8V108.8c0-6.4-6.4-12.8-12.8-12.8h-22.4c-6.4 0-12.8 6.4-12.8 12.8v230.4c0 6.4 6.4 12.8 12.8 12.8zm-192 0h22.4c6.4 0 12.8-6.4 12.8-12.8V140.8c0-6.4-6.4-12.8-12.8-12.8h-22.4c-6.4 0-12.8 6.4-12.8 12.8v198.4c0 6.4 6.4 12.8 12.8 12.8zm96 0h22.4c6.4 0 12.8-6.4 12.8-12.8V204.8c0-6.4-6.4-12.8-12.8-12.8h-22.4c-6.4 0-12.8 6.4-12.8 12.8v134.4c0 6.4 6.4 12.8 12.8 12.8zM496 400H48V80c0-8.84-7.16-16-16-16H16C7.16 64 0 71.16 0 80v336c0 17.67 14.33 32 32 32h464c8.84 0 16-7.16 16-16v-16c0-8.84-7.16-16-16-16zm-387.2-48h22.4c6.4 0 12.8-6.4 12.8-12.8v-70.4c0-6.4-6.4-12.8-12.8-12.8h-22.4c-6.4 0-12.8 6.4-12.8 12.8v70.4c0 6.4 6.4 12.8 12.8 12.8z\" class=\"\"><\/path><\/svg><\/i> <img src=\"https:\/\/trc.pt\/2020\/wp-content\/plugins\/page-views-count\/ajax-loader.gif\" border=0 \/><\/p>\n<div class=\"pvc_clear\"><\/div>\n<p style=\"text-align: justify\"><strong>PRESCRI\u00c7\u00c3O. AC\u00c7\u00c3O DE REGRESSO. SEGURADORA. PRAZO<\/strong><\/p>\n<p style=\"text-align: justify\"><strong>APELA\u00c7\u00c3O N&ordm; <\/strong>1372\/10.4T2AVR.C1 <br \/> <strong>Relator: <\/strong>JAIME CARLOS FERREIRA&nbsp;<br \/> <strong>Data do Acord\u00e3o: <\/strong>12-04-2011 <br \/> <strong>Tribunal: <\/strong>COMARCA DO BAIXO VOUGA &ndash; JU\u00cdZO DE GR. INST. C\u00cdVEL DE AVEIRO&nbsp;<br \/> <strong>Legisla\u00e7\u00e3o: <\/strong>ART&ordm; 498&ordm;, N&ordm; 2 DO C.CIV. <br \/> <strong>Sum\u00e1rio: <\/strong><\/p>\n<ol>\n<li style=\"text-align: justify\">N\u00e3o se justifica o alargamento do prazo prescricional do n\u00famero 2 do artigo 498.&ordm; do C\u00f3digo Civil na ac\u00e7\u00e3o de regresso, atrav\u00e9s da qual se pretende reaver as quantias indemnizat\u00f3rias pagas aos lesados, porquanto nestas ac\u00e7\u00f5es n\u00e3o est\u00e1 em causa, em termos directos e imediatos, a responsabilidade civil extracontratual derivada do facto volunt\u00e1rio, culposo, il\u00edcito, causal e lesivo, que, em rigor, j\u00e1 estar\u00e1 definida, mas antes um segundo momento, subsequente \u00e0 defini\u00e7\u00e3o, em concreto, da dita responsabilidade, n\u00e3o se vislumbrando necessidade ou motivo, quer em termos f\u00e1cticos como jur\u00eddicos, para proceder a tal amplia\u00e7\u00e3o do prazo de 3 anos previsto para o direito de regresso.<\/li>\n<li style=\"text-align: justify\">Servindo o direito de regresso para o respons\u00e1vel prim\u00e1rio recuperar do respons\u00e1vel final o valor da indemniza\u00e7\u00e3o que teve de suportar perante terceiro, est\u00e1 suposto no surgimento do direito de regresso que a discuss\u00e3o e o apuramento da medida da responsabilidade civil est\u00e3o feitos, pelo que nenhuma raz\u00e3o existe para lhe aplicar um alargamento do prazo que pressup\u00f5e que a medida dessa responsabilidade possa ser ainda discutida em sede penal por mais tempo.<\/li>\n<li style=\"text-align: justify\">O direito de regresso surge se e na medida em que o apuramento da responsabilidade est\u00e1 feito e ocorreu o pagamento da indemniza\u00e7\u00e3o devida ao lesado, logo o prazo de 3 anos, a contar do pagamento da indemniza\u00e7\u00e3o, para o titular do direito exigir o regresso do que pagou, mostra-se absolutamente suficiente.\n<p>     <a target=\"_blank\" href=\"http:\/\/www.dgsi.pt\/jtrc.nsf\/8fe0e606d8f56b22802576c0005637dc\/b7820d826d56b79080257884004a0f2b?OpenDocument\" rel=\"noopener noreferrer\">Consultar texto integral<\/a><\/li>\n<p style=\"text-align: justify\">&nbsp;<\/p>\n<\/ol>\n","protected":false},"excerpt":{"rendered":"<div class=\"pvc_clear\"><\/div>\n<p id=\"pvc_stats_26059\" class=\"pvc_stats all  \" data-element-id=\"26059\" style=\"\"><i class=\"pvc-stats-icon small\" aria-hidden=\"true\"><svg aria-hidden=\"true\" focusable=\"false\" data-prefix=\"far\" data-icon=\"chart-bar\" role=\"img\" xmlns=\"http:\/\/www.w3.org\/2000\/svg\" viewBox=\"0 0 512 512\" class=\"svg-inline--fa fa-chart-bar fa-w-16 fa-2x\"><path fill=\"currentColor\" d=\"M396.8 352h22.4c6.4 0 12.8-6.4 12.8-12.8V108.8c0-6.4-6.4-12.8-12.8-12.8h-22.4c-6.4 0-12.8 6.4-12.8 12.8v230.4c0 6.4 6.4 12.8 12.8 12.8zm-192 0h22.4c6.4 0 12.8-6.4 12.8-12.8V140.8c0-6.4-6.4-12.8-12.8-12.8h-22.4c-6.4 0-12.8 6.4-12.8 12.8v198.4c0 6.4 6.4 12.8 12.8 12.8zm96 0h22.4c6.4 0 12.8-6.4 12.8-12.8V204.8c0-6.4-6.4-12.8-12.8-12.8h-22.4c-6.4 0-12.8 6.4-12.8 12.8v134.4c0 6.4 6.4 12.8 12.8 12.8zM496 400H48V80c0-8.84-7.16-16-16-16H16C7.16 64 0 71.16 0 80v336c0 17.67 14.33 32 32 32h464c8.84 0 16-7.16 16-16v-16c0-8.84-7.16-16-16-16zm-387.2-48h22.4c6.4 0 12.8-6.4 12.8-12.8v-70.4c0-6.4-6.4-12.8-12.8-12.8h-22.4c-6.4 0-12.8 6.4-12.8 12.8v70.4c0 6.4 6.4 12.8 12.8 12.8z\" class=\"\"><\/path><\/svg><\/i> <img src=\"https:\/\/trc.pt\/2020\/wp-content\/plugins\/page-views-count\/ajax-loader.gif\" border=0 \/><\/p>\n<div class=\"pvc_clear\"><\/div>\n<p>PRESCRI\u00c7\u00c3O. AC\u00c7\u00c3O DE REGRESSO. SEGURADORA. PRAZO APELA\u00c7\u00c3O N&ordm; 1372\/10.4T2AVR.C1 Relator: JAIME CARLOS FERREIRA&nbsp; Data do Acord\u00e3o: 12-04-2011 Tribunal: COMARCA DO<\/p>\n","protected":false},"author":1,"featured_media":0,"comment_status":"open","ping_status":"open","sticky":false,"template":"","format":"standard","meta":[],"categories":[229],"tags":[],"_links":{"self":[{"href":"https:\/\/trc.pt\/2020\/wp-json\/wp\/v2\/posts\/26059"}],"collection":[{"href":"https:\/\/trc.pt\/2020\/wp-json\/wp\/v2\/posts"}],"about":[{"href":"https:\/\/trc.pt\/2020\/wp-json\/wp\/v2\/types\/post"}],"author":[{"embeddable":true,"href":"https:\/\/trc.pt\/2020\/wp-json\/wp\/v2\/users\/1"}],"replies":[{"embeddable":true,"href":"https:\/\/trc.pt\/2020\/wp-json\/wp\/v2\/comments?post=26059"}],"version-history":[{"count":0,"href":"https:\/\/trc.pt\/2020\/wp-json\/wp\/v2\/posts\/26059\/revisions"}],"wp:attachment":[{"href":"https:\/\/trc.pt\/2020\/wp-json\/wp\/v2\/media?parent=26059"}],"wp:term":[{"taxonomy":"category","embeddable":true,"href":"https:\/\/trc.pt\/2020\/wp-json\/wp\/v2\/categories?post=26059"},{"taxonomy":"post_tag","embeddable":true,"href":"https:\/\/trc.pt\/2020\/wp-json\/wp\/v2\/tags?post=26059"}],"curies":[{"name":"wp","href":"https:\/\/api.w.org\/{rel}","templated":true}]}}