{"id":25761,"date":"2012-02-22T15:33:10","date_gmt":"2012-02-22T15:33:10","guid":{"rendered":"https:\/\/trc.pt\/\/2012\/02\/22\/ap205086tbvgs-cc1\/"},"modified":"2012-02-22T15:33:10","modified_gmt":"2012-02-22T15:33:10","slug":"ap205086tbvgs-cc1","status":"publish","type":"post","link":"https:\/\/trc.pt\/2020\/ap205086tbvgs-cc1\/","title":{"rendered":"Insolv\u00eancia culposa. Sociedade comercial. Gerente. Inquisit\u00f3rio"},"content":{"rendered":"<div class=\"pvc_clear\"><\/div>\n<p id=\"pvc_stats_25761\" class=\"pvc_stats all  \" data-element-id=\"25761\" style=\"\"><i class=\"pvc-stats-icon small\" aria-hidden=\"true\"><svg aria-hidden=\"true\" focusable=\"false\" data-prefix=\"far\" data-icon=\"chart-bar\" role=\"img\" xmlns=\"http:\/\/www.w3.org\/2000\/svg\" viewBox=\"0 0 512 512\" class=\"svg-inline--fa fa-chart-bar fa-w-16 fa-2x\"><path fill=\"currentColor\" d=\"M396.8 352h22.4c6.4 0 12.8-6.4 12.8-12.8V108.8c0-6.4-6.4-12.8-12.8-12.8h-22.4c-6.4 0-12.8 6.4-12.8 12.8v230.4c0 6.4 6.4 12.8 12.8 12.8zm-192 0h22.4c6.4 0 12.8-6.4 12.8-12.8V140.8c0-6.4-6.4-12.8-12.8-12.8h-22.4c-6.4 0-12.8 6.4-12.8 12.8v198.4c0 6.4 6.4 12.8 12.8 12.8zm96 0h22.4c6.4 0 12.8-6.4 12.8-12.8V204.8c0-6.4-6.4-12.8-12.8-12.8h-22.4c-6.4 0-12.8 6.4-12.8 12.8v134.4c0 6.4 6.4 12.8 12.8 12.8zM496 400H48V80c0-8.84-7.16-16-16-16H16C7.16 64 0 71.16 0 80v336c0 17.67 14.33 32 32 32h464c8.84 0 16-7.16 16-16v-16c0-8.84-7.16-16-16-16zm-387.2-48h22.4c6.4 0 12.8-6.4 12.8-12.8v-70.4c0-6.4-6.4-12.8-12.8-12.8h-22.4c-6.4 0-12.8 6.4-12.8 12.8v70.4c0 6.4 6.4 12.8 12.8 12.8z\" class=\"\"><\/path><\/svg><\/i> <img src=\"https:\/\/trc.pt\/2020\/wp-content\/plugins\/page-views-count\/ajax-loader.gif\" border=0 \/><\/p>\n<div class=\"pvc_clear\"><\/div>\n<p style=\"text-align: justify\"><strong>INSOLV\u00caNCIA CULPOSA. SOCIEDADE COMERCIAL. GERENTE. INQUISIT\u00d3RIO&nbsp;<\/strong><\/p>\n<p style=\"text-align: justify\"><strong>APELA\u00c7\u00c3O N&ordm;<\/strong> 205\/08.6TBVGS-C.C1 <br \/> <strong>Relator:<\/strong> BARATEIRO MARTINS&nbsp;<br \/> <strong>Data do Acord\u00e3o: <\/strong>24-01-2012 <br \/> <strong>Tribunal: <\/strong>COMARCA DE BAIXO VOUGA &ndash; JU\u00cdZO DO COM\u00c9RCIO <br \/> <strong>Legisla\u00e7\u00e3o: <\/strong>ART.&ordm;S 11&ordm; E 189&ordm; N&ordm; 2 DO CIRE <br \/> <strong>Sum\u00e1rio:<\/strong><\/p>\n<ol>\n<li style=\"text-align: justify\">A qualifica\u00e7\u00e3o da insolv\u00eancia duma sociedade por quotas como culposa afecta e reflecte-se sobre as pessoas que conceberam e praticaram os actos de administra\u00e7\u00e3o e de disposi\u00e7\u00e3o que conduziram \u00e0 situa\u00e7\u00e3o de insolv\u00eancia culposa, responsabilizando tanto os administradores\/gerentes de direito ou formais, designados no contrato de sociedade ou eleitos posteriormente por delibera\u00e7\u00e3o dos s\u00f3cios, como os administradores de facto (em sentido amplo), que, sem t\u00edtulo bastante, exercem na pr\u00e1tica, directa ou indirectamente e de modo aut\u00f3nomo, n\u00e3o subordinadamente, fun\u00e7\u00f5es pr\u00f3prias da administra\u00e7\u00e3o\/ger\u00eancia de direito.<\/li>\n<li style=\"text-align: justify\">No processo de insolv\u00eancia vigora o princ\u00edpio do inquisit\u00f3rio que permite ao juiz fundar a decis\u00e3o em factos n\u00e3o alegados e cont\u00e9m, impl\u00edcita, a faculdade do juiz, por sua pr\u00f3pria iniciativa, os investigar livremente, bem com, recolher as provas e informa\u00e7\u00f5es que entender convenientes.\n<p>     <a target=\"_blank\" href=\"http:\/\/www.dgsi.pt\/jtrc.nsf\/8fe0e606d8f56b22802576c0005637dc\/483004b592ffb16f802579ac00510584?OpenDocument\" rel=\"noopener noreferrer\">Consultar texto integral<\/a><\/li>\n<p style=\"text-align: justify\">&nbsp;<\/p>\n<\/ol>\n","protected":false},"excerpt":{"rendered":"<div class=\"pvc_clear\"><\/div>\n<p id=\"pvc_stats_25761\" class=\"pvc_stats all  \" data-element-id=\"25761\" style=\"\"><i class=\"pvc-stats-icon small\" aria-hidden=\"true\"><svg aria-hidden=\"true\" focusable=\"false\" data-prefix=\"far\" data-icon=\"chart-bar\" role=\"img\" xmlns=\"http:\/\/www.w3.org\/2000\/svg\" viewBox=\"0 0 512 512\" class=\"svg-inline--fa fa-chart-bar fa-w-16 fa-2x\"><path fill=\"currentColor\" d=\"M396.8 352h22.4c6.4 0 12.8-6.4 12.8-12.8V108.8c0-6.4-6.4-12.8-12.8-12.8h-22.4c-6.4 0-12.8 6.4-12.8 12.8v230.4c0 6.4 6.4 12.8 12.8 12.8zm-192 0h22.4c6.4 0 12.8-6.4 12.8-12.8V140.8c0-6.4-6.4-12.8-12.8-12.8h-22.4c-6.4 0-12.8 6.4-12.8 12.8v198.4c0 6.4 6.4 12.8 12.8 12.8zm96 0h22.4c6.4 0 12.8-6.4 12.8-12.8V204.8c0-6.4-6.4-12.8-12.8-12.8h-22.4c-6.4 0-12.8 6.4-12.8 12.8v134.4c0 6.4 6.4 12.8 12.8 12.8zM496 400H48V80c0-8.84-7.16-16-16-16H16C7.16 64 0 71.16 0 80v336c0 17.67 14.33 32 32 32h464c8.84 0 16-7.16 16-16v-16c0-8.84-7.16-16-16-16zm-387.2-48h22.4c6.4 0 12.8-6.4 12.8-12.8v-70.4c0-6.4-6.4-12.8-12.8-12.8h-22.4c-6.4 0-12.8 6.4-12.8 12.8v70.4c0 6.4 6.4 12.8 12.8 12.8z\" class=\"\"><\/path><\/svg><\/i> <img src=\"https:\/\/trc.pt\/2020\/wp-content\/plugins\/page-views-count\/ajax-loader.gif\" border=0 \/><\/p>\n<div class=\"pvc_clear\"><\/div>\n<p>INSOLV\u00caNCIA CULPOSA. SOCIEDADE COMERCIAL. GERENTE. INQUISIT\u00d3RIO&nbsp; APELA\u00c7\u00c3O N&ordm; 205\/08.6TBVGS-C.C1 Relator: BARATEIRO MARTINS&nbsp; Data do Acord\u00e3o: 24-01-2012 Tribunal: COMARCA DE BAIXO<\/p>\n","protected":false},"author":1,"featured_media":0,"comment_status":"open","ping_status":"open","sticky":false,"template":"","format":"standard","meta":[],"categories":[229],"tags":[],"_links":{"self":[{"href":"https:\/\/trc.pt\/2020\/wp-json\/wp\/v2\/posts\/25761"}],"collection":[{"href":"https:\/\/trc.pt\/2020\/wp-json\/wp\/v2\/posts"}],"about":[{"href":"https:\/\/trc.pt\/2020\/wp-json\/wp\/v2\/types\/post"}],"author":[{"embeddable":true,"href":"https:\/\/trc.pt\/2020\/wp-json\/wp\/v2\/users\/1"}],"replies":[{"embeddable":true,"href":"https:\/\/trc.pt\/2020\/wp-json\/wp\/v2\/comments?post=25761"}],"version-history":[{"count":0,"href":"https:\/\/trc.pt\/2020\/wp-json\/wp\/v2\/posts\/25761\/revisions"}],"wp:attachment":[{"href":"https:\/\/trc.pt\/2020\/wp-json\/wp\/v2\/media?parent=25761"}],"wp:term":[{"taxonomy":"category","embeddable":true,"href":"https:\/\/trc.pt\/2020\/wp-json\/wp\/v2\/categories?post=25761"},{"taxonomy":"post_tag","embeddable":true,"href":"https:\/\/trc.pt\/2020\/wp-json\/wp\/v2\/tags?post=25761"}],"curies":[{"name":"wp","href":"https:\/\/api.w.org\/{rel}","templated":true}]}}