{"id":25726,"date":"2006-03-08T14:00:35","date_gmt":"2006-03-08T14:00:35","guid":{"rendered":"https:\/\/trc.pt\/\/2006\/03\/08\/ap426705\/"},"modified":"2006-03-08T14:00:35","modified_gmt":"2006-03-08T14:00:35","slug":"ap426705","status":"publish","type":"post","link":"https:\/\/trc.pt\/2020\/ap426705\/","title":{"rendered":"Impugna\u00e7\u00e3o pauliana. Contrato de arrendamento"},"content":{"rendered":"<div class=\"pvc_clear\"><\/div>\n<p id=\"pvc_stats_25726\" class=\"pvc_stats all  \" data-element-id=\"25726\" style=\"\"><i class=\"pvc-stats-icon small\" aria-hidden=\"true\"><svg aria-hidden=\"true\" focusable=\"false\" data-prefix=\"far\" data-icon=\"chart-bar\" role=\"img\" xmlns=\"http:\/\/www.w3.org\/2000\/svg\" viewBox=\"0 0 512 512\" class=\"svg-inline--fa fa-chart-bar fa-w-16 fa-2x\"><path fill=\"currentColor\" d=\"M396.8 352h22.4c6.4 0 12.8-6.4 12.8-12.8V108.8c0-6.4-6.4-12.8-12.8-12.8h-22.4c-6.4 0-12.8 6.4-12.8 12.8v230.4c0 6.4 6.4 12.8 12.8 12.8zm-192 0h22.4c6.4 0 12.8-6.4 12.8-12.8V140.8c0-6.4-6.4-12.8-12.8-12.8h-22.4c-6.4 0-12.8 6.4-12.8 12.8v198.4c0 6.4 6.4 12.8 12.8 12.8zm96 0h22.4c6.4 0 12.8-6.4 12.8-12.8V204.8c0-6.4-6.4-12.8-12.8-12.8h-22.4c-6.4 0-12.8 6.4-12.8 12.8v134.4c0 6.4 6.4 12.8 12.8 12.8zM496 400H48V80c0-8.84-7.16-16-16-16H16C7.16 64 0 71.16 0 80v336c0 17.67 14.33 32 32 32h464c8.84 0 16-7.16 16-16v-16c0-8.84-7.16-16-16-16zm-387.2-48h22.4c6.4 0 12.8-6.4 12.8-12.8v-70.4c0-6.4-6.4-12.8-12.8-12.8h-22.4c-6.4 0-12.8 6.4-12.8 12.8v70.4c0 6.4 6.4 12.8 12.8 12.8z\" class=\"\"><\/path><\/svg><\/i> <img src=\"https:\/\/trc.pt\/2020\/wp-content\/plugins\/page-views-count\/ajax-loader.gif\" border=0 \/><\/p>\n<div class=\"pvc_clear\"><\/div>\n<p style=\"text-align: justify\"><strong>IMPUGNA\u00c7\u00c3O PAULIANA. CONTRATO DE ARRENDAMENTO<br \/> APELA\u00c7\u00c3O&nbsp;N&ordm;&nbsp;<\/strong>4267\/05 <br \/> <strong>Relator: <\/strong>JORGE ARCANJO <br \/> <strong>Data do Acord\u00e3o: <\/strong>08-03-2006 <br \/> <strong>Tribunal Recurso: <\/strong>TRIBUNAL JUDICIAL DE FIGUEIRA DE CASTELO RODRIGO&nbsp;<br \/> <strong>Legisla\u00e7\u00e3o Nacional: <\/strong>ART&ordm;S 610&ordm;, 612&ordm; E 616&ordm; DO C. CIV. . <br \/> <strong>Sum\u00e1rio: <\/strong><\/p>\n<ol>\n<li style=\"text-align: justify\">A ac\u00e7\u00e3o de impugna\u00e7\u00e3o pauliana, como uma das garantias gerais das obriga\u00e7\u00f5es previstas no C. Civ., consagra uma verdadeira causa de inefic\u00e1cia do acto em rela\u00e7\u00e3o ao impugnante, assumindo natureza pessoal ou obrigacional .<\/li>\n<li style=\"text-align: justify\">Procedendo a ac\u00e7\u00e3o, o credor tem direito \u00e0 restitui\u00e7\u00e3o dos bens na medida do seu interesse e a praticar actos de conserva\u00e7\u00e3o autorizados por lei, bem como tem o direito de executar os bens no patrim\u00f3nio do obrigado \u00e0 restitui\u00e7\u00e3o &ndash; art&ordm; 616&ordm; do C. civ. .<\/li>\n<li style=\"text-align: justify\">Nos casos de arrendamento de longa dura\u00e7\u00e3o, ainda que configure um meio de rentabiliza\u00e7\u00e3o do bem, a verdade \u00e9 que o locador n\u00e3o disp\u00f5e da faculdade de fazer cessar a rela\u00e7\u00e3o num curto per\u00edodo de tempo, e da\u00ed que a perda de disponibilidade da sua utiliza\u00e7\u00e3o possa provocar uma desvaloriza\u00e7\u00e3o, afectando o patrim\u00f3nio a que se reporta , pelo que tal tipo de arrendamento pode considerar-se como um acto de administra\u00e7\u00e3o extraordin\u00e1ria .<\/li>\n<li style=\"text-align: justify\">Sendo o contrato de arrendamento feito pelo prazo de 20 anos, renov\u00e1vel, um acto de administra\u00e7\u00e3o extraordin\u00e1ria, pode ser objecto de impugna\u00e7\u00e3o pauliana .\n<p>     <a target=\"_blank\" href=\"http:\/\/www.dgsi.pt\/jtrc.nsf\/c3fb530030ea1c61802568d9005cd5bb\/5b7b8f8a7c0439ec80257140004f1251?OpenDocument\" rel=\"noopener noreferrer\">Consultar texto integral<\/a><\/li>\n<p style=\"text-align: justify\">&nbsp;<\/p>\n<\/ol>\n","protected":false},"excerpt":{"rendered":"<div class=\"pvc_clear\"><\/div>\n<p id=\"pvc_stats_25726\" class=\"pvc_stats all  \" data-element-id=\"25726\" style=\"\"><i class=\"pvc-stats-icon small\" aria-hidden=\"true\"><svg aria-hidden=\"true\" focusable=\"false\" data-prefix=\"far\" data-icon=\"chart-bar\" role=\"img\" xmlns=\"http:\/\/www.w3.org\/2000\/svg\" viewBox=\"0 0 512 512\" class=\"svg-inline--fa fa-chart-bar fa-w-16 fa-2x\"><path fill=\"currentColor\" d=\"M396.8 352h22.4c6.4 0 12.8-6.4 12.8-12.8V108.8c0-6.4-6.4-12.8-12.8-12.8h-22.4c-6.4 0-12.8 6.4-12.8 12.8v230.4c0 6.4 6.4 12.8 12.8 12.8zm-192 0h22.4c6.4 0 12.8-6.4 12.8-12.8V140.8c0-6.4-6.4-12.8-12.8-12.8h-22.4c-6.4 0-12.8 6.4-12.8 12.8v198.4c0 6.4 6.4 12.8 12.8 12.8zm96 0h22.4c6.4 0 12.8-6.4 12.8-12.8V204.8c0-6.4-6.4-12.8-12.8-12.8h-22.4c-6.4 0-12.8 6.4-12.8 12.8v134.4c0 6.4 6.4 12.8 12.8 12.8zM496 400H48V80c0-8.84-7.16-16-16-16H16C7.16 64 0 71.16 0 80v336c0 17.67 14.33 32 32 32h464c8.84 0 16-7.16 16-16v-16c0-8.84-7.16-16-16-16zm-387.2-48h22.4c6.4 0 12.8-6.4 12.8-12.8v-70.4c0-6.4-6.4-12.8-12.8-12.8h-22.4c-6.4 0-12.8 6.4-12.8 12.8v70.4c0 6.4 6.4 12.8 12.8 12.8z\" class=\"\"><\/path><\/svg><\/i> <img src=\"https:\/\/trc.pt\/2020\/wp-content\/plugins\/page-views-count\/ajax-loader.gif\" border=0 \/><\/p>\n<div class=\"pvc_clear\"><\/div>\n<p>IMPUGNA\u00c7\u00c3O PAULIANA. CONTRATO DE ARRENDAMENTO APELA\u00c7\u00c3O&nbsp;N&ordm;&nbsp;4267\/05 Relator: JORGE ARCANJO Data do Acord\u00e3o: 08-03-2006 Tribunal Recurso: TRIBUNAL JUDICIAL DE FIGUEIRA DE<\/p>\n","protected":false},"author":1,"featured_media":0,"comment_status":"open","ping_status":"open","sticky":false,"template":"","format":"standard","meta":[],"categories":[229],"tags":[],"_links":{"self":[{"href":"https:\/\/trc.pt\/2020\/wp-json\/wp\/v2\/posts\/25726"}],"collection":[{"href":"https:\/\/trc.pt\/2020\/wp-json\/wp\/v2\/posts"}],"about":[{"href":"https:\/\/trc.pt\/2020\/wp-json\/wp\/v2\/types\/post"}],"author":[{"embeddable":true,"href":"https:\/\/trc.pt\/2020\/wp-json\/wp\/v2\/users\/1"}],"replies":[{"embeddable":true,"href":"https:\/\/trc.pt\/2020\/wp-json\/wp\/v2\/comments?post=25726"}],"version-history":[{"count":0,"href":"https:\/\/trc.pt\/2020\/wp-json\/wp\/v2\/posts\/25726\/revisions"}],"wp:attachment":[{"href":"https:\/\/trc.pt\/2020\/wp-json\/wp\/v2\/media?parent=25726"}],"wp:term":[{"taxonomy":"category","embeddable":true,"href":"https:\/\/trc.pt\/2020\/wp-json\/wp\/v2\/categories?post=25726"},{"taxonomy":"post_tag","embeddable":true,"href":"https:\/\/trc.pt\/2020\/wp-json\/wp\/v2\/tags?post=25726"}],"curies":[{"name":"wp","href":"https:\/\/api.w.org\/{rel}","templated":true}]}}